{"id":14090,"date":"2020-09-08T07:44:04","date_gmt":"2020-09-08T10:44:04","guid":{"rendered":"http:\/\/blogopara.com.br\/?p=14090"},"modified":"2020-09-06T14:49:17","modified_gmt":"2020-09-06T17:49:17","slug":"durante-evento-wagner-pede-animo-diante-da-baixa-popularidade-de-major-denice","status":"publish","type":"post","link":"https:\/\/blogopara.com.br\/index.php\/2020\/09\/08\/durante-evento-wagner-pede-animo-diante-da-baixa-popularidade-de-major-denice","title":{"rendered":"Durante evento, Wagner pede \u00e2nimo diante da baixa popularidade de Major Denice"},"content":{"rendered":"<p style=\"text-align: justify;\">baixa popularidade da candidata do PT de Salvador nas elei\u00e7\u00f5es municipais deste ano n\u00e3o pode ser vista como jogo perdido para a sigla. Essa foi a avalia\u00e7\u00e3o do senador Jaques Wagner,\u00a0durante evento para apresenta\u00e7\u00e3o\u00a0de pr\u00e9-candidaturas para C\u00e2mara Municipal,\u00a0na manh\u00e3 deste domingo (6). Para o petista,\u00a0o desempenho da PM \u00e9 igual ao da candidatura do\u00a0governador Rui Costa, quando, em 2014, foi tido com figura desconhecida nas elei\u00e7\u00f5es governamentais. Naquele ano, Rui ganhou no primeiro turno com 54,53% dos votos v\u00e1lidos.<\/p>\n<p style=\"text-align: justify;\">\u201cQuando a identidade come\u00e7ar a se formar e quando ficar claro o que significa a candidatura de Denice,\u00a0n\u00e3o duvido\u00a0que vamos ser impulsionados para construir um segundo turno e\u00a0nele\u00a0construir\u00a0a vit\u00f3ria. Eu queria sempre lembrar a voc\u00eas que em 2014 quando escolhi Rui foi muito lero-lero no meu ouvido. O pessoal dizendo que n\u00e3o iria dar, que ele n\u00e3o tinha popularidade. Mas eu falava que era pra ter calma e que n\u00f3s ir\u00edamos colher o que foi plantado. Temos luta em rela\u00e7\u00e3o a tudo, temos obras do governo do estado, do federal, das universidades e\u00a0das escolas t\u00e9cnicas\u201d, disse o senador.<\/p>\n<p style=\"text-align: justify;\">Wagner tamb\u00e9m lembrou que pessoas pr\u00f3ximas avaliam que o \u2018namoro\u2019 entre o governador e o prefeito ACM Neto (DEM) deixa o PT\u00a0enfraquecido\u00a0na corrida eleitoral. Os dois est\u00e3o sendo vistos como\u00a0exemplo\u00a0de uni\u00e3o entre advers\u00e1rios durante a pandemia do novo coronav\u00edrus.<\/p>\n<p style=\"text-align: justify;\">\u201cGente, n\u00e3o tem namoro nenhum. \u00c9 s\u00f3 lembrar que antes da pandemia os dois viviam chutando a canela, e Rui bem mais que eu. Eu\u00a0era mais de temperar. Agora, \u00e9 evidente que n\u00e3o pode\u00a0brincar durante a pandemia. Ent\u00e3o, a alian\u00e7a tem que ser constru\u00edda em fun\u00e7\u00e3o da pandemia, da sa\u00fade do povo. Mas estamos a\u00ed, cada qual com o seu candidato\u201d, completou.<\/p>\n<p style=\"text-align: justify;\">De acordo com a \u00faltimas pesquisa divulgadas, Bruno Reis (DEM) \u00e9 o mais bem colocado na\u00a0disputa\u00a0para prefeitura de Salvador. Em alguns levantamentos,\u00a0Major Denice aparece atr\u00e1s de nomes como Sargento\u00a0Isid\u00f3rio (Avante), Lidice da Mata (PSB) e Ol\u00edvia Santana (PCdoB).<\/p>\n","protected":false},"excerpt":{"rendered":"<p>baixa popularidade da candidata do PT de Salvador nas elei\u00e7\u00f5es municipais deste ano n\u00e3o pode ser vista como jogo perdido para a sigla. Essa foi a avalia\u00e7\u00e3o do senador Jaques Wagner,\u00a0durante evento para apresenta\u00e7\u00e3o\u00a0de pr\u00e9-candidaturas para C\u00e2mara Municipal,\u00a0na manh\u00e3 deste domingo (6). Para o petista,\u00a0o desempenho da PM \u00e9 igual ao da candidatura do\u00a0governador Rui [&hellip;]<\/p>\n","protected":false},"author":1,"featured_media":14092,"comment_status":"open","ping_status":"open","sticky":false,"template":"","format":"standard","meta":{"_uag_custom_page_level_css":"","_monsterinsights_skip_tracking":false,"_monsterinsights_sitenote_active":false,"_monsterinsights_sitenote_note":"","_monsterinsights_sitenote_category":0,"jetpack_post_was_ever_published":false,"_jetpack_newsletter_access":"","_jetpack_dont_email_post_to_subs":false,"_jetpack_newsletter_tier_id":0,"_jetpack_memberships_contains_paywalled_content":false,"_jetpack_memberships_contains_paid_content":false,"footnotes":"","jetpack_publicize_message":"","jetpack_publicize_feature_enabled":true,"jetpack_social_post_already_shared":true,"jetpack_social_options":{"image_generator_settings":{"template":"highway","default_image_id":0,"font":"","enabled":false},"version":2}},"categories":[199,197],"tags":[],"class_list":["post-14090","post","type-post","status-publish","format-standard","has-post-thumbnail","hentry","category-bahia","category-politica"],"jetpack_publicize_connections":[],"jetpack_featured_media_url":"https:\/\/blogopara.com.br\/wp-content\/uploads\/2020\/09\/IMAGEM_NOTICIA_0-1.jpg","uagb_featured_image_src":{"full":["https:\/\/blogopara.com.br\/wp-content\/uploads\/2020\/09\/IMAGEM_NOTICIA_0-1.jpg",500,280,false],"thumbnail":["https:\/\/blogopara.com.br\/wp-content\/uploads\/2020\/09\/IMAGEM_NOTICIA_0-1-150x150.jpg",150,150,true],"medium":["https:\/\/blogopara.com.br\/wp-content\/uploads\/2020\/09\/IMAGEM_NOTICIA_0-1-300x168.jpg",300,168,true],"medium_large":["https:\/\/blogopara.com.br\/wp-content\/uploads\/2020\/09\/IMAGEM_NOTICIA_0-1.jpg",500,280,false],"large":["https:\/\/blogopara.com.br\/wp-content\/uploads\/2020\/09\/IMAGEM_NOTICIA_0-1.jpg",500,280,false],"1536x1536":["https:\/\/blogopara.com.br\/wp-content\/uploads\/2020\/09\/IMAGEM_NOTICIA_0-1.jpg",500,280,false],"2048x2048":["https:\/\/blogopara.com.br\/wp-content\/uploads\/2020\/09\/IMAGEM_NOTICIA_0-1.jpg",500,280,false],"mantranews-slider-large":["https:\/\/blogopara.com.br\/wp-content\/uploads\/2020\/09\/IMAGEM_NOTICIA_0-1.jpg",500,280,false],"mantranews-featured-medium":["https:\/\/blogopara.com.br\/wp-content\/uploads\/2020\/09\/IMAGEM_NOTICIA_0-1-420x280.jpg",420,280,true],"mantranews-featured-long":["https:\/\/blogopara.com.br\/wp-content\/uploads\/2020\/09\/IMAGEM_NOTICIA_0-1-300x280.jpg",300,280,true],"mantranews-block-medium":["https:\/\/blogopara.com.br\/wp-content\/uploads\/2020\/09\/IMAGEM_NOTICIA_0-1-464x280.jpg",464,280,true],"mantranews-carousel-image":["https:\/\/blogopara.com.br\/wp-content\/uploads\/2020\/09\/IMAGEM_NOTICIA_0-1.jpg",500,280,false],"mantranews-block-thumb":["https:\/\/blogopara.com.br\/wp-content\/uploads\/2020\/09\/IMAGEM_NOTICIA_0-1-322x230.jpg",322,230,true],"mantranews-single-large":["https:\/\/blogopara.com.br\/wp-content\/uploads\/2020\/09\/IMAGEM_NOTICIA_0-1.jpg",500,280,false]},"uagb_author_info":{"display_name":"Reda\u00e7\u00e3o geral","author_link":"https:\/\/blogopara.com.br\/index.php\/author\/blogopara"},"uagb_comment_info":0,"uagb_excerpt":"baixa popularidade da candidata do PT de Salvador nas elei\u00e7\u00f5es municipais deste ano n\u00e3o pode ser vista como jogo perdido para a sigla. Essa foi a avalia\u00e7\u00e3o do senador Jaques Wagner,\u00a0durante evento para apresenta\u00e7\u00e3o\u00a0de pr\u00e9-candidaturas para C\u00e2mara Municipal,\u00a0na manh\u00e3 deste domingo (6). Para o petista,\u00a0o desempenho da PM \u00e9 igual ao da candidatura do\u00a0governador Rui&hellip;","jetpack_sharing_enabled":true,"jetpack_likes_enabled":true,"_links":{"self":[{"href":"https:\/\/blogopara.com.br\/index.php\/wp-json\/wp\/v2\/posts\/14090","targetHints":{"allow":["GET"]}}],"collection":[{"href":"https:\/\/blogopara.com.br\/index.php\/wp-json\/wp\/v2\/posts"}],"about":[{"href":"https:\/\/blogopara.com.br\/index.php\/wp-json\/wp\/v2\/types\/post"}],"author":[{"embeddable":true,"href":"https:\/\/blogopara.com.br\/index.php\/wp-json\/wp\/v2\/users\/1"}],"replies":[{"embeddable":true,"href":"https:\/\/blogopara.com.br\/index.php\/wp-json\/wp\/v2\/comments?post=14090"}],"version-history":[{"count":1,"href":"https:\/\/blogopara.com.br\/index.php\/wp-json\/wp\/v2\/posts\/14090\/revisions"}],"predecessor-version":[{"id":14093,"href":"https:\/\/blogopara.com.br\/index.php\/wp-json\/wp\/v2\/posts\/14090\/revisions\/14093"}],"wp:featuredmedia":[{"embeddable":true,"href":"https:\/\/blogopara.com.br\/index.php\/wp-json\/wp\/v2\/media\/14092"}],"wp:attachment":[{"href":"https:\/\/blogopara.com.br\/index.php\/wp-json\/wp\/v2\/media?parent=14090"}],"wp:term":[{"taxonomy":"category","embeddable":true,"href":"https:\/\/blogopara.com.br\/index.php\/wp-json\/wp\/v2\/categories?post=14090"},{"taxonomy":"post_tag","embeddable":true,"href":"https:\/\/blogopara.com.br\/index.php\/wp-json\/wp\/v2\/tags?post=14090"}],"curies":[{"name":"wp","href":"https:\/\/api.w.org\/{rel}","templated":true}]}}