{"id":14097,"date":"2020-09-07T08:16:50","date_gmt":"2020-09-07T11:16:50","guid":{"rendered":"http:\/\/blogopara.com.br\/?p=14097"},"modified":"2020-09-06T22:22:50","modified_gmt":"2020-09-07T01:22:50","slug":"rede-peba-justica-condena-os-estados-da-bahia-e-de-a-implantarem-mais-leitos-de-uti-pediatrica","status":"publish","type":"post","link":"https:\/\/blogopara.com.br\/index.php\/2020\/09\/07\/rede-peba-justica-condena-os-estados-da-bahia-e-de-a-implantarem-mais-leitos-de-uti-pediatrica","title":{"rendered":"REDE PEBA: Justi\u00e7a condena os estados da Bahia e de a implantarem mais leitos de UTI pedi\u00e1trica"},"content":{"rendered":"<div class=\"post-content-area\">\n<p style=\"text-align: justify;\">O juiz federal titular da 17\u00aa Vara Federal (Petrolina) da Justi\u00e7a Federal em Pernambuco &#8211; JFPE, Arthur Napole\u00e3o Teixeira Filho, acolheu parcialmente o pedido formulado em a\u00e7\u00e3o civil p\u00fablica ajuizada pela Defensoria P\u00fablica da Uni\u00e3o (DPU) para condenar a Uni\u00e3o e os estados de Pernambuco e Bahia a implantarem, no prazo m\u00e1ximo de quatro anos, um m\u00ednimo de 16 leitos de UTI pedi\u00e1trica na regi\u00e3o abrangida pela Rede de Aten\u00e7\u00e3o \u00e0 Sa\u00fade Interestadual na Macrorregi\u00e3o do Vale do M\u00e9dio S\u00e3o Francisco (REDE PEBA).<\/p>\n<p style=\"text-align: justify;\">Em caso de desobedi\u00eancia, o magistrado fixou multa mensal de R$ 100 mil, pass\u00edvel de majora\u00e7\u00e3o caso permane\u00e7a o descumprimento da senten\u00e7a.<\/p>\n<p style=\"text-align: justify;\">De acordo com os autos, a Rede de Aten\u00e7\u00e3o \u00e0 Sa\u00fade Interestadual na Macrorregi\u00e3o do Vale do M\u00e9dio S\u00e3o Francisco (REDE PEBA) \u00e9 composta por 53 munic\u00edpios, inclu\u00edndo Juazeiro e Petrolina e uma popula\u00e7\u00e3o de quase dois milh\u00f5es de habitantes, sendo servida por apenas dez leitos de UTI pedi\u00e1trica. Destes, seis neopedi\u00e1tricos e quatro pedi\u00e1tricos.<\/p>\n<p style=\"text-align: justify;\">\u201cA car\u00eancia do n\u00famero de leitos de UTI pedi\u00e1trica na Rede Interestadual de Sa\u00fade Pernambuco-Bahia (REDE PEBA) restou cabalmente demonstrada. Resta mais que evidenciada a vulnera\u00e7\u00e3o do m\u00ednimo existencial do Direito \u00e0 Sa\u00fade das crian\u00e7as, afetando diretamente sua dignidade humana e o Direito \u00e0 Vida, o que \u00e9 inadmiss\u00edvel. \u00a0Registro, por necess\u00e1rio, que o excepcional quadro ora vivenciado da pandemia do COVID-19 \u00e9 in\u00e1bil a interferir no deslinde desta lide, pois o Poder P\u00fablico n\u00e3o pode se furtar de suas obriga\u00e7\u00f5es permanentes &#8211; Pol\u00edtica P\u00fablica voltada \u00e0 satisfa\u00e7\u00e3o do Direito \u00e0 Sa\u00fade das crian\u00e7as &#8211; fundado numa situa\u00e7\u00e3o anormal\u201d, ressaltou o juiz federal Arthur Napole\u00e3o Teixeira Filho.<\/p>\n<p style=\"text-align: justify;\">O magistrado acrescentou que n\u00e3o cabe ao julgador decidir como os r\u00e9us ir\u00e3o implantar os 16 leitos, impondo-se aos r\u00e9us adotar as provid\u00eancias necess\u00e1rias ao cumprimento da senten\u00e7a. \u201cA interven\u00e7\u00e3o judicial nas pol\u00edticas p\u00fablicas deve ser dar de modo menos traum\u00e1tico, na medida do poss\u00edvel, velando pela harmonia e independ\u00eancia dos demais Poderes (art. 2.\u00ba da Constitui\u00e7\u00e3o Federal de 1988): o juiz n\u00e3o pode substituir o Administrador P\u00fablico nas escolhas voltadas ao cumprimento da ordem judicial, mas apenas adotar as medidas, inclusive coercitivas, necess\u00e1rias \u00e0 sua observ\u00e2ncia\u201d.<\/p>\n<p style=\"text-align: justify;\">Clique<a href=\"https:\/\/www.redegn.com.br\/ckfinder\/userfiles\/files\/REDE%20PEBA.pdf\">\u00a0aqui\u00a0<\/a>e leia a decis\u00e3o na \u00edntegra.<\/p>\n<p style=\"text-align: justify;\">Confira a Nota completa da Secretaria de Sa\u00fade de Pernambuco:<\/p>\n<p style=\"text-align: justify;\">A Secretaria Estadual de Sa\u00fade (SES-PE) informa vem trabalhando para ampliar a capacidade de leitos instalados em todo o Estado, incluindo aqueles que atendem \u00e0 Rede PE-BA. Havendo necessidade, a Central de Regula\u00e7\u00e3o Interestadual de Leitos (CRIL), juntamente com a Central de Regula\u00e7\u00e3o Estadual, encaminha os pacientes para unidades que contam com o suporte necess\u00e1rio para a assist\u00eancia do paciente.<\/p>\n<p style=\"text-align: justify;\">A Rede Peba conta com 53 munic\u00edpios, sendo 25 de Pernambuco e 28 da Bahia. Mais de 80% dos leitos pedi\u00e1tricos regulados pela Central de Regula\u00e7\u00e3o Interestadual de Leitos (CRIL), entre Covid e n\u00e3o-covid, s\u00e3o da rede estadual de Sa\u00fade de Pernambuco.<\/p>\n<p style=\"text-align: justify;\">As outras unidades que contam com leitos em Pernambuco s\u00e3o: Hospital e Maternidade Santa Maria, em Araripina, Hospital Regional In\u00e1cio de S\u00e1, em Salgueiro; Neuroc\u00e1rdio, Hospital Memorial, Hospital Dom Malan e UPAE, em Petrolina; e Regional Fernando Bezerra, em Ouricuri. Na Bahia, Hospital de Campanha, em Senhor do Bonfim; Hospital Regional, em Juazeiro; e Hospital S\u00e3o Pedro, em Remanso.<\/p>\n<p style=\"text-align: justify;\">Ascom TJPE<\/p>\n<\/div>\n<div class=\"post-footer\">\n<div class=\"tag-lists\" style=\"text-align: justify;\"><\/div>\n<\/div>\n","protected":false},"excerpt":{"rendered":"<p>O juiz federal titular da 17\u00aa Vara Federal (Petrolina) da Justi\u00e7a Federal em Pernambuco &#8211; JFPE, Arthur Napole\u00e3o Teixeira Filho, acolheu parcialmente o pedido formulado em a\u00e7\u00e3o civil p\u00fablica ajuizada pela Defensoria P\u00fablica da Uni\u00e3o (DPU) para condenar a Uni\u00e3o e os estados de Pernambuco e Bahia a implantarem, no prazo m\u00e1ximo de quatro anos, [&hellip;]<\/p>\n","protected":false},"author":1,"featured_media":14098,"comment_status":"open","ping_status":"open","sticky":false,"template":"","format":"standard","meta":{"_uag_custom_page_level_css":"","_monsterinsights_skip_tracking":false,"_monsterinsights_sitenote_active":false,"_monsterinsights_sitenote_note":"","_monsterinsights_sitenote_category":0,"jetpack_post_was_ever_published":false,"_jetpack_newsletter_access":"","_jetpack_dont_email_post_to_subs":false,"_jetpack_newsletter_tier_id":0,"_jetpack_memberships_contains_paywalled_content":false,"_jetpack_memberships_contains_paid_content":false,"footnotes":"","jetpack_publicize_message":"","jetpack_publicize_feature_enabled":true,"jetpack_social_post_already_shared":true,"jetpack_social_options":{"image_generator_settings":{"template":"highway","default_image_id":0,"font":"","enabled":false},"version":2}},"categories":[199,203,851,205],"tags":[],"class_list":["post-14097","post","type-post","status-publish","format-standard","has-post-thumbnail","hentry","category-bahia","category-juazeiro","category-petrolina","category-saude"],"jetpack_publicize_connections":[],"jetpack_featured_media_url":"https:\/\/blogopara.com.br\/wp-content\/uploads\/2020\/09\/Sem-titulo72-1.jpg","uagb_featured_image_src":{"full":["https:\/\/blogopara.com.br\/wp-content\/uploads\/2020\/09\/Sem-titulo72-1.jpg",500,332,false],"thumbnail":["https:\/\/blogopara.com.br\/wp-content\/uploads\/2020\/09\/Sem-titulo72-1-150x150.jpg",150,150,true],"medium":["https:\/\/blogopara.com.br\/wp-content\/uploads\/2020\/09\/Sem-titulo72-1-300x199.jpg",300,199,true],"medium_large":["https:\/\/blogopara.com.br\/wp-content\/uploads\/2020\/09\/Sem-titulo72-1.jpg",500,332,false],"large":["https:\/\/blogopara.com.br\/wp-content\/uploads\/2020\/09\/Sem-titulo72-1.jpg",500,332,false],"1536x1536":["https:\/\/blogopara.com.br\/wp-content\/uploads\/2020\/09\/Sem-titulo72-1.jpg",500,332,false],"2048x2048":["https:\/\/blogopara.com.br\/wp-content\/uploads\/2020\/09\/Sem-titulo72-1.jpg",500,332,false],"mantranews-slider-large":["https:\/\/blogopara.com.br\/wp-content\/uploads\/2020\/09\/Sem-titulo72-1.jpg",500,332,false],"mantranews-featured-medium":["https:\/\/blogopara.com.br\/wp-content\/uploads\/2020\/09\/Sem-titulo72-1-420x307.jpg",420,307,true],"mantranews-featured-long":["https:\/\/blogopara.com.br\/wp-content\/uploads\/2020\/09\/Sem-titulo72-1-300x332.jpg",300,332,true],"mantranews-block-medium":["https:\/\/blogopara.com.br\/wp-content\/uploads\/2020\/09\/Sem-titulo72-1-464x290.jpg",464,290,true],"mantranews-carousel-image":["https:\/\/blogopara.com.br\/wp-content\/uploads\/2020\/09\/Sem-titulo72-1.jpg",500,332,false],"mantranews-block-thumb":["https:\/\/blogopara.com.br\/wp-content\/uploads\/2020\/09\/Sem-titulo72-1-322x230.jpg",322,230,true],"mantranews-single-large":["https:\/\/blogopara.com.br\/wp-content\/uploads\/2020\/09\/Sem-titulo72-1.jpg",500,332,false]},"uagb_author_info":{"display_name":"Reda\u00e7\u00e3o geral","author_link":"https:\/\/blogopara.com.br\/index.php\/author\/blogopara"},"uagb_comment_info":0,"uagb_excerpt":"O juiz federal titular da 17\u00aa Vara Federal (Petrolina) da Justi\u00e7a Federal em Pernambuco &#8211; JFPE, Arthur Napole\u00e3o Teixeira Filho, acolheu parcialmente o pedido formulado em a\u00e7\u00e3o civil p\u00fablica ajuizada pela Defensoria P\u00fablica da Uni\u00e3o (DPU) para condenar a Uni\u00e3o e os estados de Pernambuco e Bahia a implantarem, no prazo m\u00e1ximo de quatro anos,&hellip;","jetpack_sharing_enabled":true,"jetpack_likes_enabled":true,"_links":{"self":[{"href":"https:\/\/blogopara.com.br\/index.php\/wp-json\/wp\/v2\/posts\/14097","targetHints":{"allow":["GET"]}}],"collection":[{"href":"https:\/\/blogopara.com.br\/index.php\/wp-json\/wp\/v2\/posts"}],"about":[{"href":"https:\/\/blogopara.com.br\/index.php\/wp-json\/wp\/v2\/types\/post"}],"author":[{"embeddable":true,"href":"https:\/\/blogopara.com.br\/index.php\/wp-json\/wp\/v2\/users\/1"}],"replies":[{"embeddable":true,"href":"https:\/\/blogopara.com.br\/index.php\/wp-json\/wp\/v2\/comments?post=14097"}],"version-history":[{"count":1,"href":"https:\/\/blogopara.com.br\/index.php\/wp-json\/wp\/v2\/posts\/14097\/revisions"}],"predecessor-version":[{"id":14099,"href":"https:\/\/blogopara.com.br\/index.php\/wp-json\/wp\/v2\/posts\/14097\/revisions\/14099"}],"wp:featuredmedia":[{"embeddable":true,"href":"https:\/\/blogopara.com.br\/index.php\/wp-json\/wp\/v2\/media\/14098"}],"wp:attachment":[{"href":"https:\/\/blogopara.com.br\/index.php\/wp-json\/wp\/v2\/media?parent=14097"}],"wp:term":[{"taxonomy":"category","embeddable":true,"href":"https:\/\/blogopara.com.br\/index.php\/wp-json\/wp\/v2\/categories?post=14097"},{"taxonomy":"post_tag","embeddable":true,"href":"https:\/\/blogopara.com.br\/index.php\/wp-json\/wp\/v2\/tags?post=14097"}],"curies":[{"name":"wp","href":"https:\/\/api.w.org\/{rel}","templated":true}]}}