{"id":14110,"date":"2020-09-08T12:27:38","date_gmt":"2020-09-08T15:27:38","guid":{"rendered":"http:\/\/blogopara.com.br\/?p=14110"},"modified":"2020-09-08T12:27:43","modified_gmt":"2020-09-08T15:27:43","slug":"eleicoes-2020-psc-convida-filiados-para-a-sua-convencao-partidaria","status":"publish","type":"post","link":"https:\/\/blogopara.com.br\/index.php\/2020\/09\/08\/eleicoes-2020-psc-convida-filiados-para-a-sua-convencao-partidaria","title":{"rendered":"Elei\u00e7\u00f5es 2020: PSC convida filiados para a sua Conven\u00e7\u00e3o Partid\u00e1ria"},"content":{"rendered":"<p style=\"text-align: justify;\">O presidente do Diret\u00f3rio em Juazeiro do Partido Social Crist\u00e3o (PSC), Arnaldo de Almeida J\u00fanior, de acordo com o Estatuto partid\u00e1rio e a legisla\u00e7\u00e3o eleitoral, convoca os filiados para comparecerem a Conven\u00e7\u00e3o Municipal do Partido, a ser realizada no dia 11 de setembro de 2020, \u00e0s 14 horas, na rua Jos\u00e9 Petitinga, 253 &#8211; Santo Ant\u00f4nio, centro, Juazeiro\/BA.<\/p>\n<p>A Conven\u00e7\u00e3o ter\u00e1 a seguinte Ordem do Dia:<\/p>\n<p>1- Proposta de coliga\u00e7\u00e3o majorit\u00e1ria para as elei\u00e7\u00f5es de 2020,<\/p>\n<p>2- Outras delibera\u00e7\u00f5es de ordem legais e estatut\u00e1rias;<\/p>\n<p>3- Outros assuntos de interesses partid\u00e1rios.<\/p>\n<p>Ascom PSC<\/p>\n","protected":false},"excerpt":{"rendered":"<p>O presidente do Diret\u00f3rio em Juazeiro do Partido Social Crist\u00e3o (PSC), Arnaldo de Almeida J\u00fanior, de acordo com o Estatuto partid\u00e1rio e a legisla\u00e7\u00e3o eleitoral, convoca os filiados para comparecerem a Conven\u00e7\u00e3o Municipal do Partido, a ser realizada no dia 11 de setembro de 2020, \u00e0s 14 horas, na rua Jos\u00e9 Petitinga, 253 &#8211; Santo [&hellip;]<\/p>\n","protected":false},"author":1,"featured_media":14111,"comment_status":"open","ping_status":"open","sticky":false,"template":"","format":"standard","meta":{"_uag_custom_page_level_css":"","_monsterinsights_skip_tracking":false,"_monsterinsights_sitenote_active":false,"_monsterinsights_sitenote_note":"","_monsterinsights_sitenote_category":0,"jetpack_post_was_ever_published":false,"_jetpack_newsletter_access":"","_jetpack_dont_email_post_to_subs":false,"_jetpack_newsletter_tier_id":0,"_jetpack_memberships_contains_paywalled_content":false,"_jetpack_memberships_contains_paid_content":false,"footnotes":"","jetpack_publicize_message":"","jetpack_publicize_feature_enabled":true,"jetpack_social_post_already_shared":true,"jetpack_social_options":{"image_generator_settings":{"template":"highway","default_image_id":0,"font":"","enabled":false},"version":2}},"categories":[203,197],"tags":[],"class_list":["post-14110","post","type-post","status-publish","format-standard","has-post-thumbnail","hentry","category-juazeiro","category-politica"],"jetpack_publicize_connections":[],"jetpack_featured_media_url":"https:\/\/blogopara.com.br\/wp-content\/uploads\/2020\/09\/conheca-a-historia-do-partido-social-cristao-e1477678273176-1200x675-1.jpg","uagb_featured_image_src":{"full":["https:\/\/blogopara.com.br\/wp-content\/uploads\/2020\/09\/conheca-a-historia-do-partido-social-cristao-e1477678273176-1200x675-1.jpg",500,281,false],"thumbnail":["https:\/\/blogopara.com.br\/wp-content\/uploads\/2020\/09\/conheca-a-historia-do-partido-social-cristao-e1477678273176-1200x675-1-150x150.jpg",150,150,true],"medium":["https:\/\/blogopara.com.br\/wp-content\/uploads\/2020\/09\/conheca-a-historia-do-partido-social-cristao-e1477678273176-1200x675-1-300x169.jpg",300,169,true],"medium_large":["https:\/\/blogopara.com.br\/wp-content\/uploads\/2020\/09\/conheca-a-historia-do-partido-social-cristao-e1477678273176-1200x675-1.jpg",500,281,false],"large":["https:\/\/blogopara.com.br\/wp-content\/uploads\/2020\/09\/conheca-a-historia-do-partido-social-cristao-e1477678273176-1200x675-1.jpg",500,281,false],"1536x1536":["https:\/\/blogopara.com.br\/wp-content\/uploads\/2020\/09\/conheca-a-historia-do-partido-social-cristao-e1477678273176-1200x675-1.jpg",500,281,false],"2048x2048":["https:\/\/blogopara.com.br\/wp-content\/uploads\/2020\/09\/conheca-a-historia-do-partido-social-cristao-e1477678273176-1200x675-1.jpg",500,281,false],"mantranews-slider-large":["https:\/\/blogopara.com.br\/wp-content\/uploads\/2020\/09\/conheca-a-historia-do-partido-social-cristao-e1477678273176-1200x675-1.jpg",500,281,false],"mantranews-featured-medium":["https:\/\/blogopara.com.br\/wp-content\/uploads\/2020\/09\/conheca-a-historia-do-partido-social-cristao-e1477678273176-1200x675-1-420x281.jpg",420,281,true],"mantranews-featured-long":["https:\/\/blogopara.com.br\/wp-content\/uploads\/2020\/09\/conheca-a-historia-do-partido-social-cristao-e1477678273176-1200x675-1-300x281.jpg",300,281,true],"mantranews-block-medium":["https:\/\/blogopara.com.br\/wp-content\/uploads\/2020\/09\/conheca-a-historia-do-partido-social-cristao-e1477678273176-1200x675-1-464x281.jpg",464,281,true],"mantranews-carousel-image":["https:\/\/blogopara.com.br\/wp-content\/uploads\/2020\/09\/conheca-a-historia-do-partido-social-cristao-e1477678273176-1200x675-1.jpg",500,281,false],"mantranews-block-thumb":["https:\/\/blogopara.com.br\/wp-content\/uploads\/2020\/09\/conheca-a-historia-do-partido-social-cristao-e1477678273176-1200x675-1-322x230.jpg",322,230,true],"mantranews-single-large":["https:\/\/blogopara.com.br\/wp-content\/uploads\/2020\/09\/conheca-a-historia-do-partido-social-cristao-e1477678273176-1200x675-1.jpg",500,281,false]},"uagb_author_info":{"display_name":"Reda\u00e7\u00e3o geral","author_link":"https:\/\/blogopara.com.br\/index.php\/author\/blogopara"},"uagb_comment_info":0,"uagb_excerpt":"O presidente do Diret\u00f3rio em Juazeiro do Partido Social Crist\u00e3o (PSC), Arnaldo de Almeida J\u00fanior, de acordo com o Estatuto partid\u00e1rio e a legisla\u00e7\u00e3o eleitoral, convoca os filiados para comparecerem a Conven\u00e7\u00e3o Municipal do Partido, a ser realizada no dia 11 de setembro de 2020, \u00e0s 14 horas, na rua Jos\u00e9 Petitinga, 253 &#8211; Santo&hellip;","jetpack_sharing_enabled":true,"jetpack_likes_enabled":true,"_links":{"self":[{"href":"https:\/\/blogopara.com.br\/index.php\/wp-json\/wp\/v2\/posts\/14110","targetHints":{"allow":["GET"]}}],"collection":[{"href":"https:\/\/blogopara.com.br\/index.php\/wp-json\/wp\/v2\/posts"}],"about":[{"href":"https:\/\/blogopara.com.br\/index.php\/wp-json\/wp\/v2\/types\/post"}],"author":[{"embeddable":true,"href":"https:\/\/blogopara.com.br\/index.php\/wp-json\/wp\/v2\/users\/1"}],"replies":[{"embeddable":true,"href":"https:\/\/blogopara.com.br\/index.php\/wp-json\/wp\/v2\/comments?post=14110"}],"version-history":[{"count":1,"href":"https:\/\/blogopara.com.br\/index.php\/wp-json\/wp\/v2\/posts\/14110\/revisions"}],"predecessor-version":[{"id":14112,"href":"https:\/\/blogopara.com.br\/index.php\/wp-json\/wp\/v2\/posts\/14110\/revisions\/14112"}],"wp:featuredmedia":[{"embeddable":true,"href":"https:\/\/blogopara.com.br\/index.php\/wp-json\/wp\/v2\/media\/14111"}],"wp:attachment":[{"href":"https:\/\/blogopara.com.br\/index.php\/wp-json\/wp\/v2\/media?parent=14110"}],"wp:term":[{"taxonomy":"category","embeddable":true,"href":"https:\/\/blogopara.com.br\/index.php\/wp-json\/wp\/v2\/categories?post=14110"},{"taxonomy":"post_tag","embeddable":true,"href":"https:\/\/blogopara.com.br\/index.php\/wp-json\/wp\/v2\/tags?post=14110"}],"curies":[{"name":"wp","href":"https:\/\/api.w.org\/{rel}","templated":true}]}}