{"id":14116,"date":"2020-09-08T12:40:45","date_gmt":"2020-09-08T15:40:45","guid":{"rendered":"http:\/\/blogopara.com.br\/?p=14116"},"modified":"2020-09-08T12:40:48","modified_gmt":"2020-09-08T15:40:48","slug":"trajeto-da-carreata-de-encerramento-da-festa-de-nossa-senhora-das-grotas-em-juazeiro-ba","status":"publish","type":"post","link":"https:\/\/blogopara.com.br\/index.php\/2020\/09\/08\/trajeto-da-carreata-de-encerramento-da-festa-de-nossa-senhora-das-grotas-em-juazeiro-ba","title":{"rendered":"Trajeto da carreata de encerramento da Festa de Nossa Senhora das Grotas em Juazeiro (BA)"},"content":{"rendered":"<p style=\"text-align: justify;\">Nesta ter\u00e7a-feira, 08 de setembro, a Igreja celebra a natividade da Virgem Maria, e em Juazeiro, de forma singular, o dia da Padroeira da Diocese, Nossa Senhora das Grotas.<\/p>\n<p style=\"text-align: justify;\">Em virtude da pandemia da Covid-19, esse ano n\u00e3o ser\u00e1 realizada a tradicional prociss\u00e3o, mas sim, uma carreata com a Imagem da Padroeira que passar\u00e1 por diversas ruas e avenidas da cidade.<\/p>\n<p style=\"text-align: justify;\">A carreata ser\u00e1 transmitida pela r\u00e1dio Rural FM 103.1 e pelas m\u00eddias sociais da Diocese de Juazeiro, e ter\u00e1 in\u00edcio \u00e0s 15 horas na Casa Dom Jos\u00e9 Rodrigues, no bairro Codevasf, um espa\u00e7o voltado a acolher crian\u00e7as e adolescentes, atrav\u00e9s das artes, dos esportes, do acompanhamento personalizado e dos estudos.<\/p>\n<p style=\"text-align: justify;\">Os fi\u00e9is s\u00e3o convidados a protagonizar um gesto de amor, demonstrando de forma concreta, colaborando com 1 kg de alimento n\u00e3o perec\u00edvel, a ser entregue na Casa Dom Jos\u00e9 Rodrigues.<\/p>\n<p style=\"text-align: justify;\">A carreata seguir\u00e1 pelas seguintes ruas e avenidas:<\/p>\n<p style=\"text-align: justify;\">Rodovia Salitre (sentido bairro Jardim Florida)<\/p>\n<p style=\"text-align: justify;\">Avenida Airton Senna (Avenida do Sinserp)<\/p>\n<p style=\"text-align: justify;\">Av. Armando Ferreira de Almeida e Rua S\u00e3o Vicente (Avenida do Cemit\u00e9rio)<\/p>\n<p style=\"text-align: justify;\">Travessa Jos\u00e9 Messias de Souza (Avenida da Igreja da N. Sra. Aparecida no bairro Maring\u00e1)<\/p>\n<p style=\"text-align: justify;\">Avenida Senador Teot\u00f4nio Vil\u00e9la (Bairro Maring\u00e1)<\/p>\n<p style=\"text-align: justify;\">Avenida Ant\u00f4nio Carlos Magalh\u00e3es (Em frente ao Col\u00e9gio Rui Barbosa)<\/p>\n<p style=\"text-align: justify;\">Avenida Princesa Isabel (Bairro Santo Ant\u00f4nio)<\/p>\n<p style=\"text-align: justify;\">Avenida Raul Alves (Sentido Loja Americana &#8211; viaduto dos Correios)<\/p>\n<p style=\"text-align: justify;\">Av. Santos Dumont e Rua 15 de Julho (Rua da Prefeitura e do Hospital ProMatre)<\/p>\n<p style=\"text-align: justify;\">Avenida Lauro de Freitas (Av. sentido ao terminal)<\/p>\n<p style=\"text-align: justify;\">Pra\u00e7a Pedro Pereira Primo (Pra\u00e7a do Terminal)<\/p>\n<p style=\"text-align: justify;\">Por fim, seguir\u00e1 pela Avenida Oscar Ribeiro ao lado do Est\u00e1dio), entrando na Avenida Adolfo Viana (sentido orla), chegando na Pra\u00e7a da Catedral, onde acontecer\u00e1 a ben\u00e7\u00e3o de encerramento.<\/p>\n<p style=\"text-align: justify;\">Pascom Diocese de Juazeiro<\/p>\n","protected":false},"excerpt":{"rendered":"<p>Nesta ter\u00e7a-feira, 08 de setembro, a Igreja celebra a natividade da Virgem Maria, e em Juazeiro, de forma singular, o dia da Padroeira da Diocese, Nossa Senhora das Grotas. Em virtude da pandemia da Covid-19, esse ano n\u00e3o ser\u00e1 realizada a tradicional prociss\u00e3o, mas sim, uma carreata com a Imagem da Padroeira que passar\u00e1 por [&hellip;]<\/p>\n","protected":false},"author":1,"featured_media":14118,"comment_status":"open","ping_status":"open","sticky":false,"template":"","format":"standard","meta":{"_uag_custom_page_level_css":"","_monsterinsights_skip_tracking":false,"_monsterinsights_sitenote_active":false,"_monsterinsights_sitenote_note":"","_monsterinsights_sitenote_category":0,"jetpack_post_was_ever_published":false,"_jetpack_newsletter_access":"","_jetpack_dont_email_post_to_subs":false,"_jetpack_newsletter_tier_id":0,"_jetpack_memberships_contains_paywalled_content":false,"_jetpack_memberships_contains_paid_content":false,"footnotes":"","jetpack_publicize_message":"","jetpack_publicize_feature_enabled":true,"jetpack_social_post_already_shared":true,"jetpack_social_options":{"image_generator_settings":{"template":"highway","default_image_id":0,"font":"","enabled":false},"version":2}},"categories":[203,204],"tags":[],"class_list":["post-14116","post","type-post","status-publish","format-standard","has-post-thumbnail","hentry","category-juazeiro","category-social"],"jetpack_publicize_connections":[],"jetpack_featured_media_url":"https:\/\/blogopara.com.br\/wp-content\/uploads\/2020\/09\/CarreataNSG1.jpeg","uagb_featured_image_src":{"full":["https:\/\/blogopara.com.br\/wp-content\/uploads\/2020\/09\/CarreataNSG1.jpeg",500,500,false],"thumbnail":["https:\/\/blogopara.com.br\/wp-content\/uploads\/2020\/09\/CarreataNSG1-150x150.jpeg",150,150,true],"medium":["https:\/\/blogopara.com.br\/wp-content\/uploads\/2020\/09\/CarreataNSG1-300x300.jpeg",300,300,true],"medium_large":["https:\/\/blogopara.com.br\/wp-content\/uploads\/2020\/09\/CarreataNSG1.jpeg",500,500,false],"large":["https:\/\/blogopara.com.br\/wp-content\/uploads\/2020\/09\/CarreataNSG1.jpeg",500,500,false],"1536x1536":["https:\/\/blogopara.com.br\/wp-content\/uploads\/2020\/09\/CarreataNSG1.jpeg",500,500,false],"2048x2048":["https:\/\/blogopara.com.br\/wp-content\/uploads\/2020\/09\/CarreataNSG1.jpeg",500,500,false],"mantranews-slider-large":["https:\/\/blogopara.com.br\/wp-content\/uploads\/2020\/09\/CarreataNSG1.jpeg",500,500,false],"mantranews-featured-medium":["https:\/\/blogopara.com.br\/wp-content\/uploads\/2020\/09\/CarreataNSG1-420x307.jpeg",420,307,true],"mantranews-featured-long":["https:\/\/blogopara.com.br\/wp-content\/uploads\/2020\/09\/CarreataNSG1-300x443.jpeg",300,443,true],"mantranews-block-medium":["https:\/\/blogopara.com.br\/wp-content\/uploads\/2020\/09\/CarreataNSG1-464x290.jpeg",464,290,true],"mantranews-carousel-image":["https:\/\/blogopara.com.br\/wp-content\/uploads\/2020\/09\/CarreataNSG1.jpeg",500,500,false],"mantranews-block-thumb":["https:\/\/blogopara.com.br\/wp-content\/uploads\/2020\/09\/CarreataNSG1-322x230.jpeg",322,230,true],"mantranews-single-large":["https:\/\/blogopara.com.br\/wp-content\/uploads\/2020\/09\/CarreataNSG1.jpeg",500,500,false]},"uagb_author_info":{"display_name":"Reda\u00e7\u00e3o geral","author_link":"https:\/\/blogopara.com.br\/index.php\/author\/blogopara"},"uagb_comment_info":0,"uagb_excerpt":"Nesta ter\u00e7a-feira, 08 de setembro, a Igreja celebra a natividade da Virgem Maria, e em Juazeiro, de forma singular, o dia da Padroeira da Diocese, Nossa Senhora das Grotas. Em virtude da pandemia da Covid-19, esse ano n\u00e3o ser\u00e1 realizada a tradicional prociss\u00e3o, mas sim, uma carreata com a Imagem da Padroeira que passar\u00e1 por&hellip;","jetpack_sharing_enabled":true,"jetpack_likes_enabled":true,"_links":{"self":[{"href":"https:\/\/blogopara.com.br\/index.php\/wp-json\/wp\/v2\/posts\/14116","targetHints":{"allow":["GET"]}}],"collection":[{"href":"https:\/\/blogopara.com.br\/index.php\/wp-json\/wp\/v2\/posts"}],"about":[{"href":"https:\/\/blogopara.com.br\/index.php\/wp-json\/wp\/v2\/types\/post"}],"author":[{"embeddable":true,"href":"https:\/\/blogopara.com.br\/index.php\/wp-json\/wp\/v2\/users\/1"}],"replies":[{"embeddable":true,"href":"https:\/\/blogopara.com.br\/index.php\/wp-json\/wp\/v2\/comments?post=14116"}],"version-history":[{"count":1,"href":"https:\/\/blogopara.com.br\/index.php\/wp-json\/wp\/v2\/posts\/14116\/revisions"}],"predecessor-version":[{"id":14119,"href":"https:\/\/blogopara.com.br\/index.php\/wp-json\/wp\/v2\/posts\/14116\/revisions\/14119"}],"wp:featuredmedia":[{"embeddable":true,"href":"https:\/\/blogopara.com.br\/index.php\/wp-json\/wp\/v2\/media\/14118"}],"wp:attachment":[{"href":"https:\/\/blogopara.com.br\/index.php\/wp-json\/wp\/v2\/media?parent=14116"}],"wp:term":[{"taxonomy":"category","embeddable":true,"href":"https:\/\/blogopara.com.br\/index.php\/wp-json\/wp\/v2\/categories?post=14116"},{"taxonomy":"post_tag","embeddable":true,"href":"https:\/\/blogopara.com.br\/index.php\/wp-json\/wp\/v2\/tags?post=14116"}],"curies":[{"name":"wp","href":"https:\/\/api.w.org\/{rel}","templated":true}]}}