{"id":14176,"date":"2020-09-10T17:33:42","date_gmt":"2020-09-10T20:33:42","guid":{"rendered":"http:\/\/blogopara.com.br\/?p=14176"},"modified":"2020-09-10T17:33:48","modified_gmt":"2020-09-10T20:33:48","slug":"decisao-do-trf-confirma-a-suspensao-da-lista-triplice-da-univasf-e-mec-continua-impedido-de-nomear-eleitos","status":"publish","type":"post","link":"https:\/\/blogopara.com.br\/index.php\/2020\/09\/10\/decisao-do-trf-confirma-a-suspensao-da-lista-triplice-da-univasf-e-mec-continua-impedido-de-nomear-eleitos","title":{"rendered":"Decis\u00e3o do TRF confirma a suspens\u00e3o da lista tr\u00edplice da Univasf e MEC continua impedido de nomear eleitos"},"content":{"rendered":"<p style=\"text-align: justify;\">O Tribunal Federal da 5\u00aa Regi\u00e3o manteve a suspens\u00e3o da Lista Tr\u00edplice para reitor, elaborada pelo Conselho Univesit\u00e1rio da UNIVASF e encaminhada para o MEC. A decis\u00e3o foi tomada em sess\u00e3o online nesta quinta-feira, (10), em Recife (PE) e\u00a0\u00a0atendeu a um dos pedidos feitos no Agravo de Instrumento, formulado \u00e0quele tribunal pelos ent\u00e3o candidatos Jorge Cavalcanti e Ferdinando Carvalho.<\/p>\n<p style=\"text-align: justify;\">Este \u00e9 mais um cap\u00edtulo envolvendo a Univasf e a posse de um reitor tempor\u00e1rio.\u00a0Desde que assumiu a Presid\u00eancia, Jair Bolsonaro optou por n\u00e3o seguir a vontade da comunidade acad\u00eamica na hora de nomear o novo reitor ou reitora de universidades federais em 6 das 12 oportunidades que teve.<\/p>\n<p style=\"text-align: justify;\">Ano passado os professores Telio Leite e L\u00facia Marisy Ribeiro foram os indicados pelo Conselho Universit\u00e1rio (Conuni) em primeiro lugar nas listas tr\u00edplices de reitor e vice-reitora da Universidade Federal do Vale do S\u00e3o Francisco (Univasf). A vota\u00e7\u00e3o ocorreu\u00a0\u00a0em reuni\u00e3o extraordin\u00e1ria com a participa\u00e7\u00e3o de 69 conselheiros dos 72 que comp\u00f5em o \u00f3rg\u00e3o, o qual atua como col\u00e9gio eleitoral. Em vota\u00e7\u00e3o uninominal e aberta, Telio Leite conquistou 25 votos e L\u00facia Marisy, 22.<\/p>\n<p style=\"text-align: justify;\">Os outros dois indicados pelo Conuni para compor a lista de reitor s\u00e3o os professores Ricardo Santana de Lima, em segundo lugar com 17 votos, e Michelle Cristini Vieira, em terceiro com 16. Os professores Luis Valotta e Jorge Ramos, tamb\u00e9m inscritos, obtiveram zero e 11 votos, respectivamente.<\/p>\n<p style=\"text-align: justify;\">Para a Vice-Reitoria, al\u00e9m da professora L\u00facia Marisy, integrar\u00e3o a lista tr\u00edplice Adriana Moreno com 18 votos e Marcelo Ribeiro que obteve 16. Os demais candidatos, professores Jos\u00e9 Jaime Macedo e Ferdinando Carvalho receberam, respectivamente, zero e 11 votos.<\/p>\n<p style=\"text-align: justify;\">Apesar de eleitos democraticamente os professore Tulio Leite e L\u00facia Marisy n\u00e3o tomaram posse devido uma a\u00e7\u00e3o judicial.<\/p>\n<p style=\"text-align: justify;\">No m\u00eas de junho, atrav\u00e9s de nota a atual reitoria enviou nota de esclarecimento:<\/p>\n<p style=\"text-align: justify;\">Ante a reportagem veiculada na GloboNews na data de 10\/06\/2020, onde o Presidente da Andifes, Sr. Jo\u00e3o Sales, afirma haver interven\u00e7\u00e3o do Minist\u00e9rio da Educa\u00e7\u00e3o na Universidade Federal do Vale do S\u00e3o Francisco \u2013 UNIVASF com a indica\u00e7\u00e3o de um Reitor pro tempore, o qual estaria ocupando o cargo indevidamente, \u201cdesagregando\u201d a UNIVASF, \u00e9 preciso esclarecer a verdade dos fatos.<\/p>\n<p style=\"text-align: justify;\">A nomea\u00e7\u00e3o do Reitor pro tempore se deu em raz\u00e3o de problemas na elabora\u00e7\u00e3o da lista tr\u00edplice pelo Conselho Universit\u00e1rio \u2013 CONUNI, a qual seria enviada ao Minist\u00e9rio da Educa\u00e7\u00e3o para a escolha e nomea\u00e7\u00e3o, pelo Presidente da Rep\u00fablica, do Reitor e Vice Reitor da UNIVASF.<\/p>\n<p style=\"text-align: justify;\">Isso porque, em novembro de 2019, a Comiss\u00e3o Eleitoral, designada pelo CONUNI, realizou Consulta Informal junto \u00e0 Comunidade Acad\u00eamica justamente para a forma\u00e7\u00e3o dessa lista tr\u00edplice.<\/p>\n<p style=\"text-align: justify;\">Contudo, o Conselho desprezou o resultado da elei\u00e7\u00e3o junto \u00e0 Comunidade, substituindo as chapas classificadas em segundo e terceiro lugares por nomes de docentes que sequer participaram do processo eleitoral democr\u00e1tico realizado junto a alunos, t\u00e9cnicos e professores.<\/p>\n<p style=\"text-align: justify;\">Al\u00e9m disso, o Conselho Universit\u00e1rio, ao elaborar sua lista tr\u00edplice, diferente daquela eleita pela comunidade, permitiu constar o nome de um docente que se encontrava cedido pela Universidade para exerc\u00edcio de cargo em comiss\u00e3o em outro \u00f3rg\u00e3o da Administra\u00e7\u00e3o Federal, nos termos do art. 93, I, da Lei n\u00ba 8.112\/1990, tornando-o ineleg\u00edvel, na vis\u00e3o dos candidatos da Chapa 2.<\/p>\n<p style=\"text-align: justify;\">Com esse entendimento, a Chapa 2, segunda colocada na Consulta Informal, ingressou com a\u00e7\u00e3o judicial que culminou com a concess\u00e3o de liminar, no Agravo de Instrumento n\u00ba 0802026-97.2019.4.05.8308, em que o Tribunal Regional Federal da Quinta Regi\u00e3o \u2013 TRF-5, na relatoria do Desembargador Federal Cid Marconi, suspendeu a tramita\u00e7\u00e3o da lista tr\u00edplice tendo por razo\u00e1vel, em an\u00e1lise perfunct\u00f3ria, a ideia de que o docente cedido n\u00e3o poderia ser candidato a reitor.<\/p>\n<p style=\"text-align: justify;\">Somente ap\u00f3s essa Decis\u00e3o Judicial e a vac\u00e2ncia do cargo de Reitor, pelo t\u00e9rmino do mandato do Professor Julianeli Tolentino de Lima, o MEC nomeou o Professor Paulo C\u00e9sar Fagundes Neves como Reitor Pro Tempore da UNIVASF.<\/p>\n<p style=\"text-align: justify;\">Neste toar, n\u00e3o se pode entender como antidemocr\u00e1tica a atitude do MEC, ao rev\u00e9s, agiu-se nos estritos limites da lei, buscando evitar descontinuidade dos relevantes servi\u00e7os p\u00fablicos prestados pela Universidade em educa\u00e7\u00e3o, assist\u00eancia estudantil, pesquisa, extens\u00e3o e, ainda, permitir o regular funcionamento do Hospital Universit\u00e1rio, que atende a 53 munic\u00edpios e cerca de dois milh\u00f5es de pessoas, as quais ficariam \u00e0 merc\u00ea da pandemia do novo Coronav\u00edrus que assola o mundo, gerando risco de milhares de \u00f3bitos na regi\u00e3o.<\/p>\n<p style=\"text-align: justify;\">Petrolina-PE, 10 de junho de 2020.<\/p>\n<p style=\"text-align: justify;\">\u00a0PAULO CESAR FAGUNDES NEVES-Reitor Pro Tempore da UNIVASF<\/p>\n","protected":false},"excerpt":{"rendered":"<p>O Tribunal Federal da 5\u00aa Regi\u00e3o manteve a suspens\u00e3o da Lista Tr\u00edplice para reitor, elaborada pelo Conselho Univesit\u00e1rio da UNIVASF e encaminhada para o MEC. A decis\u00e3o foi tomada em sess\u00e3o online nesta quinta-feira, (10), em Recife (PE) e\u00a0\u00a0atendeu a um dos pedidos feitos no Agravo de Instrumento, formulado \u00e0quele tribunal pelos ent\u00e3o candidatos Jorge [&hellip;]<\/p>\n","protected":false},"author":1,"featured_media":14177,"comment_status":"open","ping_status":"open","sticky":false,"template":"","format":"standard","meta":{"_uag_custom_page_level_css":"","_monsterinsights_skip_tracking":false,"_monsterinsights_sitenote_active":false,"_monsterinsights_sitenote_note":"","_monsterinsights_sitenote_category":0,"jetpack_post_was_ever_published":false,"_jetpack_newsletter_access":"","_jetpack_dont_email_post_to_subs":false,"_jetpack_newsletter_tier_id":0,"_jetpack_memberships_contains_paywalled_content":false,"_jetpack_memberships_contains_paid_content":false,"footnotes":"","jetpack_publicize_message":"","jetpack_publicize_feature_enabled":true,"jetpack_social_post_already_shared":true,"jetpack_social_options":{"image_generator_settings":{"template":"highway","default_image_id":0,"font":"","enabled":false},"version":2}},"categories":[200,209],"tags":[],"class_list":["post-14176","post","type-post","status-publish","format-standard","has-post-thumbnail","hentry","category-brasil","category-educacao"],"jetpack_publicize_connections":[],"jetpack_featured_media_url":"https:\/\/blogopara.com.br\/wp-content\/uploads\/2020\/09\/0.jpg","uagb_featured_image_src":{"full":["https:\/\/blogopara.com.br\/wp-content\/uploads\/2020\/09\/0.jpg",500,334,false],"thumbnail":["https:\/\/blogopara.com.br\/wp-content\/uploads\/2020\/09\/0-150x150.jpg",150,150,true],"medium":["https:\/\/blogopara.com.br\/wp-content\/uploads\/2020\/09\/0-300x200.jpg",300,200,true],"medium_large":["https:\/\/blogopara.com.br\/wp-content\/uploads\/2020\/09\/0.jpg",500,334,false],"large":["https:\/\/blogopara.com.br\/wp-content\/uploads\/2020\/09\/0.jpg",500,334,false],"1536x1536":["https:\/\/blogopara.com.br\/wp-content\/uploads\/2020\/09\/0.jpg",500,334,false],"2048x2048":["https:\/\/blogopara.com.br\/wp-content\/uploads\/2020\/09\/0.jpg",500,334,false],"mantranews-slider-large":["https:\/\/blogopara.com.br\/wp-content\/uploads\/2020\/09\/0.jpg",500,334,false],"mantranews-featured-medium":["https:\/\/blogopara.com.br\/wp-content\/uploads\/2020\/09\/0-420x307.jpg",420,307,true],"mantranews-featured-long":["https:\/\/blogopara.com.br\/wp-content\/uploads\/2020\/09\/0-300x334.jpg",300,334,true],"mantranews-block-medium":["https:\/\/blogopara.com.br\/wp-content\/uploads\/2020\/09\/0-464x290.jpg",464,290,true],"mantranews-carousel-image":["https:\/\/blogopara.com.br\/wp-content\/uploads\/2020\/09\/0.jpg",500,334,false],"mantranews-block-thumb":["https:\/\/blogopara.com.br\/wp-content\/uploads\/2020\/09\/0-322x230.jpg",322,230,true],"mantranews-single-large":["https:\/\/blogopara.com.br\/wp-content\/uploads\/2020\/09\/0.jpg",500,334,false]},"uagb_author_info":{"display_name":"Reda\u00e7\u00e3o geral","author_link":"https:\/\/blogopara.com.br\/index.php\/author\/blogopara"},"uagb_comment_info":0,"uagb_excerpt":"O Tribunal Federal da 5\u00aa Regi\u00e3o manteve a suspens\u00e3o da Lista Tr\u00edplice para reitor, elaborada pelo Conselho Univesit\u00e1rio da UNIVASF e encaminhada para o MEC. A decis\u00e3o foi tomada em sess\u00e3o online nesta quinta-feira, (10), em Recife (PE) e\u00a0\u00a0atendeu a um dos pedidos feitos no Agravo de Instrumento, formulado \u00e0quele tribunal pelos ent\u00e3o candidatos Jorge&hellip;","jetpack_sharing_enabled":true,"jetpack_likes_enabled":true,"_links":{"self":[{"href":"https:\/\/blogopara.com.br\/index.php\/wp-json\/wp\/v2\/posts\/14176","targetHints":{"allow":["GET"]}}],"collection":[{"href":"https:\/\/blogopara.com.br\/index.php\/wp-json\/wp\/v2\/posts"}],"about":[{"href":"https:\/\/blogopara.com.br\/index.php\/wp-json\/wp\/v2\/types\/post"}],"author":[{"embeddable":true,"href":"https:\/\/blogopara.com.br\/index.php\/wp-json\/wp\/v2\/users\/1"}],"replies":[{"embeddable":true,"href":"https:\/\/blogopara.com.br\/index.php\/wp-json\/wp\/v2\/comments?post=14176"}],"version-history":[{"count":1,"href":"https:\/\/blogopara.com.br\/index.php\/wp-json\/wp\/v2\/posts\/14176\/revisions"}],"predecessor-version":[{"id":14178,"href":"https:\/\/blogopara.com.br\/index.php\/wp-json\/wp\/v2\/posts\/14176\/revisions\/14178"}],"wp:featuredmedia":[{"embeddable":true,"href":"https:\/\/blogopara.com.br\/index.php\/wp-json\/wp\/v2\/media\/14177"}],"wp:attachment":[{"href":"https:\/\/blogopara.com.br\/index.php\/wp-json\/wp\/v2\/media?parent=14176"}],"wp:term":[{"taxonomy":"category","embeddable":true,"href":"https:\/\/blogopara.com.br\/index.php\/wp-json\/wp\/v2\/categories?post=14176"},{"taxonomy":"post_tag","embeddable":true,"href":"https:\/\/blogopara.com.br\/index.php\/wp-json\/wp\/v2\/tags?post=14176"}],"curies":[{"name":"wp","href":"https:\/\/api.w.org\/{rel}","templated":true}]}}