{"id":14192,"date":"2020-09-12T08:48:16","date_gmt":"2020-09-12T11:48:16","guid":{"rendered":"http:\/\/blogopara.com.br\/?p=14192"},"modified":"2020-09-11T14:11:26","modified_gmt":"2020-09-11T17:11:26","slug":"estatuto-da-igualdade-racial-e-aprovado-ainda-com-osinaldo-lutando-por-emendas","status":"publish","type":"post","link":"https:\/\/blogopara.com.br\/index.php\/2020\/09\/12\/estatuto-da-igualdade-racial-e-aprovado-ainda-com-osinaldo-lutando-por-emendas","title":{"rendered":"Estatuto da Igualdade Racial \u00e9 aprovado ainda com Osinaldo lutando por emendas"},"content":{"rendered":"<p style=\"text-align: justify;\">Depois de quase um ano aguardando aprecia\u00e7\u00e3o na C\u00e2mara de Petrolina, o Estatuto da Igualdade Racial e Combate a Intoler\u00e2ncia Religiosa foi aprovado na C\u00e2mara Municipal. Mas ainda sob debate e questionamentos.<\/p>\n<p style=\"text-align: justify;\">Tudo isso porque o vereador Osinaldo Souza n\u00e3o aceitou a rejei\u00e7\u00e3o de tr\u00eas das seis emendas que ele prop\u00f4s ao o Projeto de Lei n\u00ba 152\/2019, que institui essa regulamenta\u00e7\u00e3o, de autoria do vereador, Gilmar Santos. As sugest\u00f5es de Souza foram rejeitadas pela Comiss\u00e3o de Justi\u00e7a e Reda\u00e7\u00e3o e mesmo assim o parlamentar queria que elas fossem apreciadas pelo plen\u00e1rio.<\/p>\n<p style=\"text-align: justify;\">Diante disso, a mesa diretora optou por colocar em vota\u00e7\u00e3o o parecer da comiss\u00e3o. Caso ele fosse aprovado, a rejei\u00e7\u00e3o das emendas estariam mantidas.<\/p>\n<p style=\"text-align: justify;\">Enquanto o presidente Os\u00f3rio Siqueira explicava a situa\u00e7\u00e3o, Osinaldo protestava. \u201cAlgumas vezes tivemos emendas que foram recorridas a esse plen\u00e1rio e elas foram apreciadas. E eu pedi na minha solicita\u00e7\u00e3o que, independente do parecer, que as emendas sejam apreciadas por essa casa. At\u00e9 porque a Comiss\u00e3o de Justi\u00e7a e Reda\u00e7\u00e3o n\u00e3o pode dizer se minha emenda supressiva \u00e9 inconstitucional. Porque n\u00e3o \u00e9. Ent\u00e3o ela se pronuncia sobre uma mat\u00e9ria que n\u00e3o deve. Ela tem que dizer se o projeto \u00e9 constitucional ou n\u00e3o e as emendas t\u00eam que vir para o plen\u00e1rio\u201d, argumentou Souza.<\/p>\n<p style=\"text-align: justify;\">O autor do projeto Gilmar Santos concordou com o parecer da comiss\u00e3o de justi\u00e7a e reda\u00e7\u00e3o e apontou que as emendas de Osinaldo teriam teor racista.<\/p>\n<p style=\"text-align: justify;\">Ronaldo Canc\u00e3o tamb\u00e9m se posicionou contra Osinaldo afirmando que o colega estaria buscando artif\u00edcios para justificar as emendas consideradas inconstitucionais.<\/p>\n<p style=\"text-align: justify;\">Por fim, o parecer da CJR foi aprovado, as emendas rejeitadas permaneceram de fora e o projeto foi aprovado por 15 votos a zero, contando at\u00e9 mesmo com o voto favor\u00e1vel do pr\u00f3prio Osinaldo.<\/p>\n<p>Fonte: BlogNossaVoz<\/p>\n","protected":false},"excerpt":{"rendered":"<p>Depois de quase um ano aguardando aprecia\u00e7\u00e3o na C\u00e2mara de Petrolina, o Estatuto da Igualdade Racial e Combate a Intoler\u00e2ncia Religiosa foi aprovado na C\u00e2mara Municipal. Mas ainda sob debate e questionamentos. Tudo isso porque o vereador Osinaldo Souza n\u00e3o aceitou a rejei\u00e7\u00e3o de tr\u00eas das seis emendas que ele prop\u00f4s ao o Projeto de [&hellip;]<\/p>\n","protected":false},"author":1,"featured_media":14193,"comment_status":"open","ping_status":"open","sticky":false,"template":"","format":"standard","meta":{"_uag_custom_page_level_css":"","_monsterinsights_skip_tracking":false,"_monsterinsights_sitenote_active":false,"_monsterinsights_sitenote_note":"","_monsterinsights_sitenote_category":0,"jetpack_post_was_ever_published":false,"_jetpack_newsletter_access":"","_jetpack_dont_email_post_to_subs":false,"_jetpack_newsletter_tier_id":0,"_jetpack_memberships_contains_paywalled_content":false,"_jetpack_memberships_contains_paid_content":false,"footnotes":"","jetpack_publicize_message":"","jetpack_publicize_feature_enabled":true,"jetpack_social_post_already_shared":true,"jetpack_social_options":{"image_generator_settings":{"template":"highway","default_image_id":0,"font":"","enabled":false},"version":2}},"categories":[203,197],"tags":[],"class_list":["post-14192","post","type-post","status-publish","format-standard","has-post-thumbnail","hentry","category-juazeiro","category-politica"],"jetpack_publicize_connections":[],"jetpack_featured_media_url":"https:\/\/blogopara.com.br\/wp-content\/uploads\/2020\/09\/BANCADA-OPOSICAO-PETROLINA-390x220-1.jpg","uagb_featured_image_src":{"full":["https:\/\/blogopara.com.br\/wp-content\/uploads\/2020\/09\/BANCADA-OPOSICAO-PETROLINA-390x220-1.jpg",400,225,false],"thumbnail":["https:\/\/blogopara.com.br\/wp-content\/uploads\/2020\/09\/BANCADA-OPOSICAO-PETROLINA-390x220-1-150x150.jpg",150,150,true],"medium":["https:\/\/blogopara.com.br\/wp-content\/uploads\/2020\/09\/BANCADA-OPOSICAO-PETROLINA-390x220-1-300x169.jpg",300,169,true],"medium_large":["https:\/\/blogopara.com.br\/wp-content\/uploads\/2020\/09\/BANCADA-OPOSICAO-PETROLINA-390x220-1.jpg",400,225,false],"large":["https:\/\/blogopara.com.br\/wp-content\/uploads\/2020\/09\/BANCADA-OPOSICAO-PETROLINA-390x220-1.jpg",400,225,false],"1536x1536":["https:\/\/blogopara.com.br\/wp-content\/uploads\/2020\/09\/BANCADA-OPOSICAO-PETROLINA-390x220-1.jpg",400,225,false],"2048x2048":["https:\/\/blogopara.com.br\/wp-content\/uploads\/2020\/09\/BANCADA-OPOSICAO-PETROLINA-390x220-1.jpg",400,225,false],"mantranews-slider-large":["https:\/\/blogopara.com.br\/wp-content\/uploads\/2020\/09\/BANCADA-OPOSICAO-PETROLINA-390x220-1.jpg",400,225,false],"mantranews-featured-medium":["https:\/\/blogopara.com.br\/wp-content\/uploads\/2020\/09\/BANCADA-OPOSICAO-PETROLINA-390x220-1.jpg",400,225,false],"mantranews-featured-long":["https:\/\/blogopara.com.br\/wp-content\/uploads\/2020\/09\/BANCADA-OPOSICAO-PETROLINA-390x220-1-300x225.jpg",300,225,true],"mantranews-block-medium":["https:\/\/blogopara.com.br\/wp-content\/uploads\/2020\/09\/BANCADA-OPOSICAO-PETROLINA-390x220-1.jpg",400,225,false],"mantranews-carousel-image":["https:\/\/blogopara.com.br\/wp-content\/uploads\/2020\/09\/BANCADA-OPOSICAO-PETROLINA-390x220-1.jpg",400,225,false],"mantranews-block-thumb":["https:\/\/blogopara.com.br\/wp-content\/uploads\/2020\/09\/BANCADA-OPOSICAO-PETROLINA-390x220-1-322x225.jpg",322,225,true],"mantranews-single-large":["https:\/\/blogopara.com.br\/wp-content\/uploads\/2020\/09\/BANCADA-OPOSICAO-PETROLINA-390x220-1.jpg",400,225,false]},"uagb_author_info":{"display_name":"Reda\u00e7\u00e3o geral","author_link":"https:\/\/blogopara.com.br\/index.php\/author\/blogopara"},"uagb_comment_info":0,"uagb_excerpt":"Depois de quase um ano aguardando aprecia\u00e7\u00e3o na C\u00e2mara de Petrolina, o Estatuto da Igualdade Racial e Combate a Intoler\u00e2ncia Religiosa foi aprovado na C\u00e2mara Municipal. Mas ainda sob debate e questionamentos. Tudo isso porque o vereador Osinaldo Souza n\u00e3o aceitou a rejei\u00e7\u00e3o de tr\u00eas das seis emendas que ele prop\u00f4s ao o Projeto de&hellip;","jetpack_sharing_enabled":true,"jetpack_likes_enabled":true,"_links":{"self":[{"href":"https:\/\/blogopara.com.br\/index.php\/wp-json\/wp\/v2\/posts\/14192","targetHints":{"allow":["GET"]}}],"collection":[{"href":"https:\/\/blogopara.com.br\/index.php\/wp-json\/wp\/v2\/posts"}],"about":[{"href":"https:\/\/blogopara.com.br\/index.php\/wp-json\/wp\/v2\/types\/post"}],"author":[{"embeddable":true,"href":"https:\/\/blogopara.com.br\/index.php\/wp-json\/wp\/v2\/users\/1"}],"replies":[{"embeddable":true,"href":"https:\/\/blogopara.com.br\/index.php\/wp-json\/wp\/v2\/comments?post=14192"}],"version-history":[{"count":1,"href":"https:\/\/blogopara.com.br\/index.php\/wp-json\/wp\/v2\/posts\/14192\/revisions"}],"predecessor-version":[{"id":14194,"href":"https:\/\/blogopara.com.br\/index.php\/wp-json\/wp\/v2\/posts\/14192\/revisions\/14194"}],"wp:featuredmedia":[{"embeddable":true,"href":"https:\/\/blogopara.com.br\/index.php\/wp-json\/wp\/v2\/media\/14193"}],"wp:attachment":[{"href":"https:\/\/blogopara.com.br\/index.php\/wp-json\/wp\/v2\/media?parent=14192"}],"wp:term":[{"taxonomy":"category","embeddable":true,"href":"https:\/\/blogopara.com.br\/index.php\/wp-json\/wp\/v2\/categories?post=14192"},{"taxonomy":"post_tag","embeddable":true,"href":"https:\/\/blogopara.com.br\/index.php\/wp-json\/wp\/v2\/tags?post=14192"}],"curies":[{"name":"wp","href":"https:\/\/api.w.org\/{rel}","templated":true}]}}