{"id":14217,"date":"2020-09-13T08:08:16","date_gmt":"2020-09-13T11:08:16","guid":{"rendered":"http:\/\/blogopara.com.br\/?p=14217"},"modified":"2020-09-14T10:08:18","modified_gmt":"2020-09-14T13:08:18","slug":"juazeiro-rui-costa-e-constrangido-apos-homem-gritar-nome-da-pre-candidata-suzana-ramos-veja-o-video","status":"publish","type":"post","link":"https:\/\/blogopara.com.br\/index.php\/2020\/09\/13\/juazeiro-rui-costa-e-constrangido-apos-homem-gritar-nome-da-pre-candidata-suzana-ramos-veja-o-video","title":{"rendered":"Juazeiro: Rui Costa \u00e9 constrangido ap\u00f3s homem gritar nome da pr\u00e9-candidata Suzana Ramos, veja o v\u00eddeo"},"content":{"rendered":"<p style=\"text-align: justify;\">O Prefeito Paulo Bomfim (PT) sofreu um constrangimento durante visita do Governador Rui Costa (PT) em Juazeiro (BA) nesta sexta (11).<\/p>\n<p style=\"text-align: justify;\">No meio da plateia, no discurso de Rui Costa algu\u00e9m gritou que \u201cJuazeiro quer Suzana como prefeita\u201d.<\/p>\n<p style=\"text-align: justify;\">Suzana, em recente entrevista assumiu que ser\u00e1 a candidata a prefeita pelo PSDB com apoio do grupo de Joseph Bandeira. Veja o v\u00eddeo:<\/p>\n<div style=\"width: 640px;\" class=\"wp-video\"><!--[if lt IE 9]><script>document.createElement('video');<\/script><![endif]-->\n<video class=\"wp-video-shortcode\" id=\"video-14217-1\" width=\"640\" height=\"352\" preload=\"metadata\" controls=\"controls\"><source type=\"video\/mp4\" src=\"https:\/\/blogopara.com.br\/wp-content\/uploads\/2020\/09\/videoplayback.mp4?_=1\" \/><a href=\"https:\/\/blogopara.com.br\/wp-content\/uploads\/2020\/09\/videoplayback.mp4\">https:\/\/blogopara.com.br\/wp-content\/uploads\/2020\/09\/videoplayback.mp4<\/a><\/video><\/div>\n<p>Fonte de informa\u00e7\u00f5es: Blog Edenevaldo Alves<\/p>\n","protected":false},"excerpt":{"rendered":"<p>O Prefeito Paulo Bomfim (PT) sofreu um constrangimento durante visita do Governador Rui Costa (PT) em Juazeiro (BA) nesta sexta (11). No meio da plateia, no discurso de Rui Costa algu\u00e9m gritou que \u201cJuazeiro quer Suzana como prefeita\u201d. Suzana, em recente entrevista assumiu que ser\u00e1 a candidata a prefeita pelo PSDB com apoio do grupo [&hellip;]<\/p>\n","protected":false},"author":1,"featured_media":14219,"comment_status":"open","ping_status":"open","sticky":false,"template":"","format":"standard","meta":{"_uag_custom_page_level_css":"","_monsterinsights_skip_tracking":false,"_monsterinsights_sitenote_active":false,"_monsterinsights_sitenote_note":"","_monsterinsights_sitenote_category":0,"jetpack_post_was_ever_published":false,"_jetpack_newsletter_access":"","_jetpack_dont_email_post_to_subs":false,"_jetpack_newsletter_tier_id":0,"_jetpack_memberships_contains_paywalled_content":false,"_jetpack_memberships_contains_paid_content":false,"footnotes":"","jetpack_publicize_message":"","jetpack_publicize_feature_enabled":true,"jetpack_social_post_already_shared":true,"jetpack_social_options":{"image_generator_settings":{"template":"highway","default_image_id":0,"font":"","enabled":false},"version":2}},"categories":[203,197],"tags":[],"class_list":["post-14217","post","type-post","status-publish","format-standard","has-post-thumbnail","hentry","category-juazeiro","category-politica"],"jetpack_publicize_connections":[],"jetpack_featured_media_url":"https:\/\/blogopara.com.br\/wp-content\/uploads\/2020\/09\/23131314.jpg","uagb_featured_image_src":{"full":["https:\/\/blogopara.com.br\/wp-content\/uploads\/2020\/09\/23131314.jpg",500,273,false],"thumbnail":["https:\/\/blogopara.com.br\/wp-content\/uploads\/2020\/09\/23131314-150x150.jpg",150,150,true],"medium":["https:\/\/blogopara.com.br\/wp-content\/uploads\/2020\/09\/23131314-300x164.jpg",300,164,true],"medium_large":["https:\/\/blogopara.com.br\/wp-content\/uploads\/2020\/09\/23131314.jpg",500,273,false],"large":["https:\/\/blogopara.com.br\/wp-content\/uploads\/2020\/09\/23131314.jpg",500,273,false],"1536x1536":["https:\/\/blogopara.com.br\/wp-content\/uploads\/2020\/09\/23131314.jpg",500,273,false],"2048x2048":["https:\/\/blogopara.com.br\/wp-content\/uploads\/2020\/09\/23131314.jpg",500,273,false],"mantranews-slider-large":["https:\/\/blogopara.com.br\/wp-content\/uploads\/2020\/09\/23131314.jpg",500,273,false],"mantranews-featured-medium":["https:\/\/blogopara.com.br\/wp-content\/uploads\/2020\/09\/23131314-420x273.jpg",420,273,true],"mantranews-featured-long":["https:\/\/blogopara.com.br\/wp-content\/uploads\/2020\/09\/23131314-300x273.jpg",300,273,true],"mantranews-block-medium":["https:\/\/blogopara.com.br\/wp-content\/uploads\/2020\/09\/23131314-464x273.jpg",464,273,true],"mantranews-carousel-image":["https:\/\/blogopara.com.br\/wp-content\/uploads\/2020\/09\/23131314.jpg",500,273,false],"mantranews-block-thumb":["https:\/\/blogopara.com.br\/wp-content\/uploads\/2020\/09\/23131314-322x230.jpg",322,230,true],"mantranews-single-large":["https:\/\/blogopara.com.br\/wp-content\/uploads\/2020\/09\/23131314.jpg",500,273,false]},"uagb_author_info":{"display_name":"Reda\u00e7\u00e3o geral","author_link":"https:\/\/blogopara.com.br\/index.php\/author\/blogopara"},"uagb_comment_info":0,"uagb_excerpt":"O Prefeito Paulo Bomfim (PT) sofreu um constrangimento durante visita do Governador Rui Costa (PT) em Juazeiro (BA) nesta sexta (11). No meio da plateia, no discurso de Rui Costa algu\u00e9m gritou que \u201cJuazeiro quer Suzana como prefeita\u201d. Suzana, em recente entrevista assumiu que ser\u00e1 a candidata a prefeita pelo PSDB com apoio do grupo&hellip;","jetpack_sharing_enabled":true,"jetpack_likes_enabled":true,"_links":{"self":[{"href":"https:\/\/blogopara.com.br\/index.php\/wp-json\/wp\/v2\/posts\/14217","targetHints":{"allow":["GET"]}}],"collection":[{"href":"https:\/\/blogopara.com.br\/index.php\/wp-json\/wp\/v2\/posts"}],"about":[{"href":"https:\/\/blogopara.com.br\/index.php\/wp-json\/wp\/v2\/types\/post"}],"author":[{"embeddable":true,"href":"https:\/\/blogopara.com.br\/index.php\/wp-json\/wp\/v2\/users\/1"}],"replies":[{"embeddable":true,"href":"https:\/\/blogopara.com.br\/index.php\/wp-json\/wp\/v2\/comments?post=14217"}],"version-history":[{"count":3,"href":"https:\/\/blogopara.com.br\/index.php\/wp-json\/wp\/v2\/posts\/14217\/revisions"}],"predecessor-version":[{"id":14248,"href":"https:\/\/blogopara.com.br\/index.php\/wp-json\/wp\/v2\/posts\/14217\/revisions\/14248"}],"wp:featuredmedia":[{"embeddable":true,"href":"https:\/\/blogopara.com.br\/index.php\/wp-json\/wp\/v2\/media\/14219"}],"wp:attachment":[{"href":"https:\/\/blogopara.com.br\/index.php\/wp-json\/wp\/v2\/media?parent=14217"}],"wp:term":[{"taxonomy":"category","embeddable":true,"href":"https:\/\/blogopara.com.br\/index.php\/wp-json\/wp\/v2\/categories?post=14217"},{"taxonomy":"post_tag","embeddable":true,"href":"https:\/\/blogopara.com.br\/index.php\/wp-json\/wp\/v2\/tags?post=14217"}],"curies":[{"name":"wp","href":"https:\/\/api.w.org\/{rel}","templated":true}]}}