{"id":14261,"date":"2020-09-15T08:34:00","date_gmt":"2020-09-15T11:34:00","guid":{"rendered":"http:\/\/blogopara.com.br\/?p=14261"},"modified":"2020-09-14T16:36:15","modified_gmt":"2020-09-14T19:36:15","slug":"sertanejos-lamentam-a-morte-de-parrerito-do-trio-parada-dura","status":"publish","type":"post","link":"https:\/\/blogopara.com.br\/index.php\/2020\/09\/15\/sertanejos-lamentam-a-morte-de-parrerito-do-trio-parada-dura","title":{"rendered":"Sertanejos lamentam a morte de Parrerito, do Trio Parada Dura"},"content":{"rendered":"<p style=\"text-align: justify;\"><a href=\"https:\/\/tudo-sobre.estadao.com.br\/parrerito\" target=\"_blank\" rel=\"noopener noreferrer\" data-id=\"155\" data-m=\"{&quot;i&quot;:155,&quot;p&quot;:101,&quot;n&quot;:&quot;partnerLink&quot;,&quot;y&quot;:24,&quot;o&quot;:4}\"><strong>Parrerito<\/strong><\/a>, cantor do\u00a0<a href=\"https:\/\/tudo-sobre.estadao.com.br\/trio-parada-dura\" target=\"_blank\" rel=\"noopener noreferrer\" data-id=\"156\" data-m=\"{&quot;i&quot;:156,&quot;p&quot;:101,&quot;n&quot;:&quot;partnerLink&quot;,&quot;y&quot;:24,&quot;o&quot;:5}\"><strong>Trio Parada Dura<\/strong><\/a>,\u00a0<a href=\"https:\/\/emais.estadao.com.br\/noticias\/geral,parrerito-do-trio-parada-dura-morre-aos-67-anos-vitima-do-novo-coronavirus,70003436621\" target=\"_blank\" rel=\"noopener noreferrer\" data-id=\"157\" data-m=\"{&quot;i&quot;:157,&quot;p&quot;:101,&quot;n&quot;:&quot;partnerLink&quot;,&quot;y&quot;:24,&quot;o&quot;:6}\">morreu na noite do \u00faltimo domingo, 13<\/a>, em decorr\u00eancia da\u00a0<a href=\"https:\/\/tudo-sobre.estadao.com.br\/coronavirus\" target=\"_blank\" rel=\"noopener noreferrer\" data-id=\"158\" data-m=\"{&quot;i&quot;:158,&quot;p&quot;:101,&quot;n&quot;:&quot;partnerLink&quot;,&quot;y&quot;:24,&quot;o&quot;:7}\"><strong>covid-19<\/strong><\/a>. Nesta segunda-feira, 10, diversos\u00a0<a href=\"https:\/\/tudo-sobre.estadao.com.br\/musica-sertaneja\" target=\"_blank\" rel=\"noopener noreferrer\" data-id=\"159\" data-m=\"{&quot;i&quot;:159,&quot;p&quot;:101,&quot;n&quot;:&quot;partnerLink&quot;,&quot;y&quot;:24,&quot;o&quot;:8}\"><strong>cantores sertanejos<\/strong><\/a>\u00a0usaram suas redes sociais para publicar homenagens ao colega.<\/p>\n<p style=\"text-align: justify;\">O vocalista, que tinha 67 anos,\u00a0<a href=\"https:\/\/emais.estadao.com.br\/noticias\/gente,parrerito-do-trio-parada-dura-e-internado-com-novo-coronavirus,70003420437\" target=\"_blank\" rel=\"noopener noreferrer\" data-id=\"160\" data-m=\"{&quot;i&quot;:160,&quot;p&quot;:101,&quot;n&quot;:&quot;partnerLink&quot;,&quot;y&quot;:24,&quot;o&quot;:9}\">estava internado em um hospital de Belo Horizonte<\/a>\u00a0desde o dia 29 de agosto. Dois dias depois,\u00a0<a href=\"https:\/\/emais.estadao.com.br\/noticias\/gente,internado-com-coronavirus-parrerito-e-entubado-apos-mal-subito,70003421499\" target=\"_blank\" rel=\"noopener noreferrer\" data-id=\"161\" data-m=\"{&quot;i&quot;:161,&quot;p&quot;:101,&quot;n&quot;:&quot;partnerLink&quot;,&quot;y&quot;:24,&quot;o&quot;:10}\">teve um mal s\u00fabito e precisou ser entubado<\/a>. O cantor\u00a0<a href=\"https:\/\/tudo-sobre.estadao.com.br\/daniel-cantor\" target=\"_blank\" rel=\"noopener noreferrer\" data-id=\"162\" data-m=\"{&quot;i&quot;:162,&quot;p&quot;:101,&quot;n&quot;:&quot;partnerLink&quot;,&quot;y&quot;:24,&quot;o&quot;:11}\"><strong>Daniel<\/strong><\/a>\u00a0citou a import\u00e2ncia do grupo na sua carreira: &#8220;Mais uma grande refer\u00eancia para mim nos deixa para viver em outro plano! Trio Parada Dura sempre foi uma das minhas inspira\u00e7\u00f5es. Para todos n\u00f3s, uma grande perda!&#8221;.<\/p>\n<p style=\"text-align: justify;\">&#8220;Foram tantos ensinamentos e momentos inesquec\u00edveis ao seu lado. Obrigado, Parrerito, por tudo que fez por mim, meu eterno irm\u00e3o, e por nossa m\u00fasica sertaneja. Descanse em paz&#8221;, escreveu\u00a0<a href=\"https:\/\/tudo-sobre.estadao.com.br\/leonardo-cantor\" target=\"_blank\" rel=\"noopener noreferrer\" data-id=\"163\" data-m=\"{&quot;i&quot;:163,&quot;p&quot;:101,&quot;n&quot;:&quot;partnerLink&quot;,&quot;y&quot;:24,&quot;o&quot;:12}\"><strong>Leonardo<\/strong><\/a>.<\/p>\n<p style=\"text-align: justify;\">J\u00e1\u00a0<a href=\"https:\/\/tudo-sobre.estadao.com.br\/zeze-di-camargo-e-luciano\" target=\"_blank\" rel=\"noopener noreferrer\" data-id=\"164\" data-m=\"{&quot;i&quot;:164,&quot;p&quot;:101,&quot;n&quot;:&quot;partnerLink&quot;,&quot;y&quot;:24,&quot;o&quot;:13}\"><strong>Luciano<\/strong><\/a>, da dupla com Zez\u00e9 Di Camargo, escreveu: &#8220;Descanse em paz. Sua voz ficar\u00e1 para sempre em n\u00f3s, amantes da m\u00fasica sertaneja&#8221;.<\/p>\n","protected":false},"excerpt":{"rendered":"<p>Parrerito, cantor do\u00a0Trio Parada Dura,\u00a0morreu na noite do \u00faltimo domingo, 13, em decorr\u00eancia da\u00a0covid-19. Nesta segunda-feira, 10, diversos\u00a0cantores sertanejos\u00a0usaram suas redes sociais para publicar homenagens ao colega. O vocalista, que tinha 67 anos,\u00a0estava internado em um hospital de Belo Horizonte\u00a0desde o dia 29 de agosto. Dois dias depois,\u00a0teve um mal s\u00fabito e precisou ser entubado. [&hellip;]<\/p>\n","protected":false},"author":1,"featured_media":14262,"comment_status":"open","ping_status":"open","sticky":false,"template":"","format":"standard","meta":{"_uag_custom_page_level_css":"","_monsterinsights_skip_tracking":false,"_monsterinsights_sitenote_active":false,"_monsterinsights_sitenote_note":"","_monsterinsights_sitenote_category":0,"jetpack_post_was_ever_published":false,"_jetpack_newsletter_access":"","_jetpack_dont_email_post_to_subs":false,"_jetpack_newsletter_tier_id":0,"_jetpack_memberships_contains_paywalled_content":false,"_jetpack_memberships_contains_paid_content":false,"footnotes":"","jetpack_publicize_message":"","jetpack_publicize_feature_enabled":true,"jetpack_social_post_already_shared":true,"jetpack_social_options":{"image_generator_settings":{"template":"highway","default_image_id":0,"font":"","enabled":false},"version":2}},"categories":[203],"tags":[],"class_list":["post-14261","post","type-post","status-publish","format-standard","has-post-thumbnail","hentry","category-juazeiro"],"jetpack_publicize_connections":[],"jetpack_featured_media_url":"https:\/\/blogopara.com.br\/wp-content\/uploads\/2020\/09\/BB190nHl.jpg","uagb_featured_image_src":{"full":["https:\/\/blogopara.com.br\/wp-content\/uploads\/2020\/09\/BB190nHl.jpg",500,280,false],"thumbnail":["https:\/\/blogopara.com.br\/wp-content\/uploads\/2020\/09\/BB190nHl-150x150.jpg",150,150,true],"medium":["https:\/\/blogopara.com.br\/wp-content\/uploads\/2020\/09\/BB190nHl-300x168.jpg",300,168,true],"medium_large":["https:\/\/blogopara.com.br\/wp-content\/uploads\/2020\/09\/BB190nHl.jpg",500,280,false],"large":["https:\/\/blogopara.com.br\/wp-content\/uploads\/2020\/09\/BB190nHl.jpg",500,280,false],"1536x1536":["https:\/\/blogopara.com.br\/wp-content\/uploads\/2020\/09\/BB190nHl.jpg",500,280,false],"2048x2048":["https:\/\/blogopara.com.br\/wp-content\/uploads\/2020\/09\/BB190nHl.jpg",500,280,false],"mantranews-slider-large":["https:\/\/blogopara.com.br\/wp-content\/uploads\/2020\/09\/BB190nHl.jpg",500,280,false],"mantranews-featured-medium":["https:\/\/blogopara.com.br\/wp-content\/uploads\/2020\/09\/BB190nHl-420x280.jpg",420,280,true],"mantranews-featured-long":["https:\/\/blogopara.com.br\/wp-content\/uploads\/2020\/09\/BB190nHl-300x280.jpg",300,280,true],"mantranews-block-medium":["https:\/\/blogopara.com.br\/wp-content\/uploads\/2020\/09\/BB190nHl-464x280.jpg",464,280,true],"mantranews-carousel-image":["https:\/\/blogopara.com.br\/wp-content\/uploads\/2020\/09\/BB190nHl.jpg",500,280,false],"mantranews-block-thumb":["https:\/\/blogopara.com.br\/wp-content\/uploads\/2020\/09\/BB190nHl-322x230.jpg",322,230,true],"mantranews-single-large":["https:\/\/blogopara.com.br\/wp-content\/uploads\/2020\/09\/BB190nHl.jpg",500,280,false]},"uagb_author_info":{"display_name":"Reda\u00e7\u00e3o geral","author_link":"https:\/\/blogopara.com.br\/index.php\/author\/blogopara"},"uagb_comment_info":0,"uagb_excerpt":"Parrerito, cantor do\u00a0Trio Parada Dura,\u00a0morreu na noite do \u00faltimo domingo, 13, em decorr\u00eancia da\u00a0covid-19. Nesta segunda-feira, 10, diversos\u00a0cantores sertanejos\u00a0usaram suas redes sociais para publicar homenagens ao colega. O vocalista, que tinha 67 anos,\u00a0estava internado em um hospital de Belo Horizonte\u00a0desde o dia 29 de agosto. Dois dias depois,\u00a0teve um mal s\u00fabito e precisou ser entubado.&hellip;","jetpack_sharing_enabled":true,"jetpack_likes_enabled":true,"_links":{"self":[{"href":"https:\/\/blogopara.com.br\/index.php\/wp-json\/wp\/v2\/posts\/14261","targetHints":{"allow":["GET"]}}],"collection":[{"href":"https:\/\/blogopara.com.br\/index.php\/wp-json\/wp\/v2\/posts"}],"about":[{"href":"https:\/\/blogopara.com.br\/index.php\/wp-json\/wp\/v2\/types\/post"}],"author":[{"embeddable":true,"href":"https:\/\/blogopara.com.br\/index.php\/wp-json\/wp\/v2\/users\/1"}],"replies":[{"embeddable":true,"href":"https:\/\/blogopara.com.br\/index.php\/wp-json\/wp\/v2\/comments?post=14261"}],"version-history":[{"count":1,"href":"https:\/\/blogopara.com.br\/index.php\/wp-json\/wp\/v2\/posts\/14261\/revisions"}],"predecessor-version":[{"id":14263,"href":"https:\/\/blogopara.com.br\/index.php\/wp-json\/wp\/v2\/posts\/14261\/revisions\/14263"}],"wp:featuredmedia":[{"embeddable":true,"href":"https:\/\/blogopara.com.br\/index.php\/wp-json\/wp\/v2\/media\/14262"}],"wp:attachment":[{"href":"https:\/\/blogopara.com.br\/index.php\/wp-json\/wp\/v2\/media?parent=14261"}],"wp:term":[{"taxonomy":"category","embeddable":true,"href":"https:\/\/blogopara.com.br\/index.php\/wp-json\/wp\/v2\/categories?post=14261"},{"taxonomy":"post_tag","embeddable":true,"href":"https:\/\/blogopara.com.br\/index.php\/wp-json\/wp\/v2\/tags?post=14261"}],"curies":[{"name":"wp","href":"https:\/\/api.w.org\/{rel}","templated":true}]}}