{"id":14283,"date":"2020-09-15T09:42:16","date_gmt":"2020-09-15T12:42:16","guid":{"rendered":"http:\/\/blogopara.com.br\/?p=14283"},"modified":"2020-09-15T09:45:29","modified_gmt":"2020-09-15T12:45:29","slug":"targino-gondim-sera-o-vice-do-coronel-anselmo-juntos-para-renovar-e-com-coragem-para-mudar","status":"publish","type":"post","link":"https:\/\/blogopara.com.br\/index.php\/2020\/09\/15\/targino-gondim-sera-o-vice-do-coronel-anselmo-juntos-para-renovar-e-com-coragem-para-mudar","title":{"rendered":"Juazeiro: Targino Gondim ser\u00e1 o vice do Coronel Anselmo, juntos para renovar e com coragem para mudar"},"content":{"rendered":"<p style=\"text-align: justify;\">O DEM de Juazeiro lan\u00e7ou oficialmente na noite desta segunda (14) o Coronel Anselmo Bispo como candidato a prefeito e o cantor Targino Gondim na posi\u00e7\u00e3o de vice na chapa majorit\u00e1ria.<\/p>\n<p style=\"text-align: justify;\">O evento teve duplo formato, o presencial em sala com lota\u00e7\u00e3o reduzida; e virtual, \u00a0com transmiss\u00e3o em rede social do DEM de Juazeiro e do candidato. A conven\u00e7\u00e3o cumpriu as normas restritivas que o momento exige por conta da pandemia, mas perdeu brilho por isso.<\/p>\n<blockquote>\n<h4><span style=\"color: #0000ff;\">Eu sou corajoso. Eu estou longe de ser valente, mas corajoso eu sou at\u00e9 demais e n\u00e3o tenho medo do que vier de l\u00e1 pra c\u00e1\u201d, coronel Anselmo Bispo<\/span><\/h4>\n<\/blockquote>\n<p style=\"text-align: justify;\">Estiveram presentes os presidentes dos seis partidos que comp\u00f5em a coliga\u00e7\u00e3o: DEM &#8211; Democratas; PL &#8211; Partido Liberal; PSL &#8211; Partido Social Liberal; PTB &#8211; Partido Trabalhista Brasileiro; PSC &#8211; Partido Social Crist\u00e3o e Partido Cidadania.<\/p>\n<p style=\"text-align: justify;\">O deputado Elmar Nascimento, uma for\u00e7a importante para Anselmo, participou do ato com um discurso de esperan\u00e7a e promessa de apoio integral aos projetos de Juazeiro. \u201cVou trazer para a popula\u00e7\u00e3o de Juazeiro a maior obra da hist\u00f3ria, a \u00fanica coisa em que Juazeiro ser\u00e1 maior que Petrolina e n\u00f3s vamos come\u00e7ar a virar essa hist\u00f3ria a partir de hoje\u201d, afirmou o deputado, que \u00e9 o presidente da Comiss\u00e3o Mista de Or\u00e7amento do Congresso.<\/p>\n<p>Targino aproveitou e deu uma canja ao cantar a m\u00fasica \u201cJuazeiro\u201d, sucesso de Luiz Gonzaga. O Coronel Anselmo prometeu austeridade e independ\u00eancia na gest\u00e3o e lutar para resgatar Juazeiro: \u201cN\u00e3o duvidem da minha coragem de lutar. Eu sou corajoso. Eu estou longe de ser valente, mas corajoso eu sou at\u00e9 demais e n\u00e3o tenho medo do que vier de l\u00e1 pra c\u00e1\u201d.<\/p>\n<p>Ascom Dem<\/p>\n","protected":false},"excerpt":{"rendered":"<p>O DEM de Juazeiro lan\u00e7ou oficialmente na noite desta segunda (14) o Coronel Anselmo Bispo como candidato a prefeito e o cantor Targino Gondim na posi\u00e7\u00e3o de vice na chapa majorit\u00e1ria. O evento teve duplo formato, o presencial em sala com lota\u00e7\u00e3o reduzida; e virtual, \u00a0com transmiss\u00e3o em rede social do DEM de Juazeiro e [&hellip;]<\/p>\n","protected":false},"author":1,"featured_media":14284,"comment_status":"open","ping_status":"open","sticky":false,"template":"","format":"standard","meta":{"_uag_custom_page_level_css":"","_monsterinsights_skip_tracking":false,"_monsterinsights_sitenote_active":false,"_monsterinsights_sitenote_note":"","_monsterinsights_sitenote_category":0,"jetpack_post_was_ever_published":false,"_jetpack_newsletter_access":"","_jetpack_dont_email_post_to_subs":false,"_jetpack_newsletter_tier_id":0,"_jetpack_memberships_contains_paywalled_content":false,"_jetpack_memberships_contains_paid_content":false,"footnotes":"","jetpack_publicize_message":"","jetpack_publicize_feature_enabled":true,"jetpack_social_post_already_shared":true,"jetpack_social_options":{"image_generator_settings":{"template":"highway","default_image_id":0,"font":"","enabled":false},"version":2}},"categories":[203,197],"tags":[],"class_list":["post-14283","post","type-post","status-publish","format-standard","has-post-thumbnail","hentry","category-juazeiro","category-politica"],"jetpack_publicize_connections":[],"jetpack_featured_media_url":"https:\/\/blogopara.com.br\/wp-content\/uploads\/2020\/09\/CnvencaodoDemhmlogaAnselmo.jpeg","uagb_featured_image_src":{"full":["https:\/\/blogopara.com.br\/wp-content\/uploads\/2020\/09\/CnvencaodoDemhmlogaAnselmo.jpeg",500,332,false],"thumbnail":["https:\/\/blogopara.com.br\/wp-content\/uploads\/2020\/09\/CnvencaodoDemhmlogaAnselmo-150x150.jpeg",150,150,true],"medium":["https:\/\/blogopara.com.br\/wp-content\/uploads\/2020\/09\/CnvencaodoDemhmlogaAnselmo-300x199.jpeg",300,199,true],"medium_large":["https:\/\/blogopara.com.br\/wp-content\/uploads\/2020\/09\/CnvencaodoDemhmlogaAnselmo.jpeg",500,332,false],"large":["https:\/\/blogopara.com.br\/wp-content\/uploads\/2020\/09\/CnvencaodoDemhmlogaAnselmo.jpeg",500,332,false],"1536x1536":["https:\/\/blogopara.com.br\/wp-content\/uploads\/2020\/09\/CnvencaodoDemhmlogaAnselmo.jpeg",500,332,false],"2048x2048":["https:\/\/blogopara.com.br\/wp-content\/uploads\/2020\/09\/CnvencaodoDemhmlogaAnselmo.jpeg",500,332,false],"mantranews-slider-large":["https:\/\/blogopara.com.br\/wp-content\/uploads\/2020\/09\/CnvencaodoDemhmlogaAnselmo.jpeg",500,332,false],"mantranews-featured-medium":["https:\/\/blogopara.com.br\/wp-content\/uploads\/2020\/09\/CnvencaodoDemhmlogaAnselmo-420x307.jpeg",420,307,true],"mantranews-featured-long":["https:\/\/blogopara.com.br\/wp-content\/uploads\/2020\/09\/CnvencaodoDemhmlogaAnselmo-300x332.jpeg",300,332,true],"mantranews-block-medium":["https:\/\/blogopara.com.br\/wp-content\/uploads\/2020\/09\/CnvencaodoDemhmlogaAnselmo-464x290.jpeg",464,290,true],"mantranews-carousel-image":["https:\/\/blogopara.com.br\/wp-content\/uploads\/2020\/09\/CnvencaodoDemhmlogaAnselmo.jpeg",500,332,false],"mantranews-block-thumb":["https:\/\/blogopara.com.br\/wp-content\/uploads\/2020\/09\/CnvencaodoDemhmlogaAnselmo-322x230.jpeg",322,230,true],"mantranews-single-large":["https:\/\/blogopara.com.br\/wp-content\/uploads\/2020\/09\/CnvencaodoDemhmlogaAnselmo.jpeg",500,332,false]},"uagb_author_info":{"display_name":"Reda\u00e7\u00e3o geral","author_link":"https:\/\/blogopara.com.br\/index.php\/author\/blogopara"},"uagb_comment_info":0,"uagb_excerpt":"O DEM de Juazeiro lan\u00e7ou oficialmente na noite desta segunda (14) o Coronel Anselmo Bispo como candidato a prefeito e o cantor Targino Gondim na posi\u00e7\u00e3o de vice na chapa majorit\u00e1ria. O evento teve duplo formato, o presencial em sala com lota\u00e7\u00e3o reduzida; e virtual, \u00a0com transmiss\u00e3o em rede social do DEM de Juazeiro e&hellip;","jetpack_sharing_enabled":true,"jetpack_likes_enabled":true,"_links":{"self":[{"href":"https:\/\/blogopara.com.br\/index.php\/wp-json\/wp\/v2\/posts\/14283","targetHints":{"allow":["GET"]}}],"collection":[{"href":"https:\/\/blogopara.com.br\/index.php\/wp-json\/wp\/v2\/posts"}],"about":[{"href":"https:\/\/blogopara.com.br\/index.php\/wp-json\/wp\/v2\/types\/post"}],"author":[{"embeddable":true,"href":"https:\/\/blogopara.com.br\/index.php\/wp-json\/wp\/v2\/users\/1"}],"replies":[{"embeddable":true,"href":"https:\/\/blogopara.com.br\/index.php\/wp-json\/wp\/v2\/comments?post=14283"}],"version-history":[{"count":3,"href":"https:\/\/blogopara.com.br\/index.php\/wp-json\/wp\/v2\/posts\/14283\/revisions"}],"predecessor-version":[{"id":14287,"href":"https:\/\/blogopara.com.br\/index.php\/wp-json\/wp\/v2\/posts\/14283\/revisions\/14287"}],"wp:featuredmedia":[{"embeddable":true,"href":"https:\/\/blogopara.com.br\/index.php\/wp-json\/wp\/v2\/media\/14284"}],"wp:attachment":[{"href":"https:\/\/blogopara.com.br\/index.php\/wp-json\/wp\/v2\/media?parent=14283"}],"wp:term":[{"taxonomy":"category","embeddable":true,"href":"https:\/\/blogopara.com.br\/index.php\/wp-json\/wp\/v2\/categories?post=14283"},{"taxonomy":"post_tag","embeddable":true,"href":"https:\/\/blogopara.com.br\/index.php\/wp-json\/wp\/v2\/tags?post=14283"}],"curies":[{"name":"wp","href":"https:\/\/api.w.org\/{rel}","templated":true}]}}