{"id":14303,"date":"2020-09-16T08:03:10","date_gmt":"2020-09-16T11:03:10","guid":{"rendered":"http:\/\/blogopara.com.br\/?p=14303"},"modified":"2020-09-15T14:05:51","modified_gmt":"2020-09-15T17:05:51","slug":"opiniao-carta-aberta-a-populacao-de-juazeiro","status":"publish","type":"post","link":"https:\/\/blogopara.com.br\/index.php\/2020\/09\/16\/opiniao-carta-aberta-a-populacao-de-juazeiro","title":{"rendered":"Opini\u00e3o: \u201cCarta aberta a popula\u00e7\u00e3o de Juazeiro&#8221;"},"content":{"rendered":"<p style=\"text-align: justify;\">\n* Por Carlos Neiva<\/p>\n<p style=\"text-align: justify;\">\u201cTudo tem o seu tempo determinado, e h\u00e1 tempo para todo o prop\u00f3sito debaixo do c\u00e9u.<\/p>\n<p style=\"text-align: justify;\">H\u00e1 tempo de nascer, e tempo de morrer; tempo de plantar, e tempo de arrancar o que se plantou&#8230;\u201d<\/p>\n<p style=\"text-align: justify;\">Pense que Eclesiastes 3:1-2 \u00e9 um dos conceitos que norteia minhas a\u00e7\u00f5es.<\/p>\n<p style=\"text-align: justify;\">Acredito que todas as pessoas de bom senso, e que n\u00e3o sejam individualistas, que verdadeiramente pensem no bem comum, devam refletir, analisar, e fazer escolhas de maneira sensata, pensando no coletivo.<\/p>\n<p style=\"text-align: justify;\">Tenho voca\u00e7\u00e3o para servir!<br \/>\nServir a Juazeiro \u00e9 um prop\u00f3sito de vida, um ato de amor e gratid\u00e3o. Na minha caminhada pela vida sempre busquei caminhos e formas variadas de servir, de lutar pelo coletivo, fiz isso como pessoa f\u00edsica, como empres\u00e1rio e como servidor p\u00fablico.<\/p>\n<p style=\"text-align: justify;\">Com a aproxima\u00e7\u00e3o da elei\u00e7\u00e3o municipal, estimulado por um grupo de pessoas que conhecem minha conduta, hist\u00f3ria de vida e vontade de servir a Juazeiro, coloquei meu nome \u00e0 disposi\u00e7\u00e3o como pr\u00e9-candidato a prefeito atrav\u00e9s do Partido Verde (PV), junto com outros valoroso companheiros de caminhada como M\u00e1rio Sp\u00ednola, Ant\u00f4nio Lewes e Wank Medrado, que desistiram da candidatura pr\u00f3pria para me apoiar, fato este que me honrou e aumentou e muito minha responsabilidade.<\/p>\n<p style=\"text-align: justify;\">Durante os \u00faltimos meses, dialoguei, escutei, propus, expus o meu pensar nas redes sociais e em pequenas reuni\u00f5es. Hoje me sinto mais rico de conhecimento e de entusiasmo pelo futuro da nossa cidade, com a certeza renovada que Juazeiro tem voca\u00e7\u00e3o para ser grande e que temos um povo maravilhoso nesta terra e um grandioso futuro a nossa frente.<\/p>\n<p style=\"text-align: justify;\">Juazeiro n\u00e3o pode continuar dominada por grupos pol\u00edticos e econ\u00f4micos, que olham para nossa terra como se fosse um neg\u00f3cio deles e a servi\u00e7o de seus interesses.<\/p>\n<p style=\"text-align: justify;\">Precisamos, juntos, resgatar Juazeiro para voltar a pertencer a todos os juazeirenses.<\/p>\n<p style=\"text-align: justify;\">Mas como falei, sigo a m\u00e1xima do Eclesiastes 3:1-2:<br \/>\n\u201cTudo tem seu tempo determinado&#8230;\u201d o tempo agora \u00e9 de juntar, de juntar for\u00e7as, de fortalecer o processo de uni\u00e3o por nossa Juazeiro, de resgatarmos juntos a grandiosidade e a alegria da nossa cidade e de nossa gente.<\/p>\n<p style=\"text-align: justify;\">Suzana Ramos, esta mulher, m\u00e3e dedicada, guerreira, pessoa simples, que fala e entende a linguagem do povo, \u00e9 a pessoa que demonstrou maior capacidade de liderar esse processo e com forte aceita\u00e7\u00e3o popular, sendo assim, a mais adequada para nos representar neste momento. Outros bons nomes se apresentaram, mas acreditamos ser a hora e a vez dessa valorosa mulher.<\/p>\n<p style=\"text-align: justify;\">SUZANA foi a escolhida para liderar essa ampla alian\u00e7a popular e democr\u00e1tica que vai devolver a democracia para Juazeiro. Voc\u00ea me representa. Voc\u00ea nos representa!<\/p>\n<p style=\"text-align: justify;\">Preciso finalizar agradecendo a todas as pessoas que depositaram em mim a confian\u00e7a em um momento t\u00e3o dif\u00edcil da vida p\u00fablica de tamanho descr\u00e9dito na pol\u00edtica e nos pol\u00edticos, particularmente na nossa cidade, e dizer que continuarei honrando est\u00e1 confian\u00e7a e buscando maneiras diversas de servir a nossa Juazeiro. Tenho gratid\u00e3o a todos que me estimularam e caminharam juntos comigo e cito aqui alguns nomes homenageado e agradecendo a todos atrav\u00e9s deles: A minha esposa e companheira Rousimar, a minha \u201c irm\u00e3\u201d Katherine, ao amigo e professor Thiago Athanazio, aos j\u00e1 citados amigos Wank, M\u00e1rio e cuscuz e a esse brilhante e honrado jovem, Jo\u00e3o V\u00edtor, o presidente do nosso partido verde PV por quem tenho profunda admira\u00e7\u00e3o e respeito, como disse, atrav\u00e9s desses nomes citados agrade\u00e7o a todos que confiaram e confiam em mim e no nosso projeto.<\/p>\n<p style=\"text-align: justify;\">Preciso concluir fazendo um pedido a todos que continuemos juntos nesta caminhada, neste grande movimento coletivo, agora mais refor\u00e7ado com a uni\u00e3o do grande l\u00edder pol\u00edtico Joseph Bandeira, John Khoury, Pastor Teobaldo Pedro, deputado Roberto Carlos&#8230; que, assim como eu, recuaram na sua candidatura para forma um grande, vibrante e alegre movimento de resgate da nossa amada Juazeiro com essa SIMPLES E VALOROSA MULHER:<br \/>\nSUZANA RAMOS.<\/p>\n<p style=\"text-align: justify;\">Que Deus aben\u00e7oe e proteja a todos n\u00f3s! A caminhada \u00e9 longa, precisa de dedica\u00e7\u00e3o, mas Juazeiro merece o melhor de cada um de n\u00f3s.<\/p>\n<p style=\"text-align: justify;\">Por uma Juazeiro livre e para todos os juazeirenses!<\/p>\n","protected":false},"excerpt":{"rendered":"<p>* Por Carlos Neiva \u201cTudo tem o seu tempo determinado, e h\u00e1 tempo para todo o prop\u00f3sito debaixo do c\u00e9u. H\u00e1 tempo de nascer, e tempo de morrer; tempo de plantar, e tempo de arrancar o que se plantou&#8230;\u201d Pense que Eclesiastes 3:1-2 \u00e9 um dos conceitos que norteia minhas a\u00e7\u00f5es. Acredito que todas as [&hellip;]<\/p>\n","protected":false},"author":1,"featured_media":14304,"comment_status":"open","ping_status":"open","sticky":false,"template":"","format":"standard","meta":{"_uag_custom_page_level_css":"","_monsterinsights_skip_tracking":false,"_monsterinsights_sitenote_active":false,"_monsterinsights_sitenote_note":"","_monsterinsights_sitenote_category":0,"jetpack_post_was_ever_published":false,"_jetpack_newsletter_access":"","_jetpack_dont_email_post_to_subs":false,"_jetpack_newsletter_tier_id":0,"_jetpack_memberships_contains_paywalled_content":false,"_jetpack_memberships_contains_paid_content":false,"footnotes":"","jetpack_publicize_message":"","jetpack_publicize_feature_enabled":true,"jetpack_social_post_already_shared":true,"jetpack_social_options":{"image_generator_settings":{"template":"highway","default_image_id":0,"font":"","enabled":false},"version":2}},"categories":[203,197],"tags":[],"class_list":["post-14303","post","type-post","status-publish","format-standard","has-post-thumbnail","hentry","category-juazeiro","category-politica"],"jetpack_publicize_connections":[],"jetpack_featured_media_url":"https:\/\/blogopara.com.br\/wp-content\/uploads\/2020\/09\/download-2.jpg","uagb_featured_image_src":{"full":["https:\/\/blogopara.com.br\/wp-content\/uploads\/2020\/09\/download-2.jpg",225,225,false],"thumbnail":["https:\/\/blogopara.com.br\/wp-content\/uploads\/2020\/09\/download-2-150x150.jpg",150,150,true],"medium":["https:\/\/blogopara.com.br\/wp-content\/uploads\/2020\/09\/download-2.jpg",225,225,false],"medium_large":["https:\/\/blogopara.com.br\/wp-content\/uploads\/2020\/09\/download-2.jpg",225,225,false],"large":["https:\/\/blogopara.com.br\/wp-content\/uploads\/2020\/09\/download-2.jpg",225,225,false],"1536x1536":["https:\/\/blogopara.com.br\/wp-content\/uploads\/2020\/09\/download-2.jpg",225,225,false],"2048x2048":["https:\/\/blogopara.com.br\/wp-content\/uploads\/2020\/09\/download-2.jpg",225,225,false],"mantranews-slider-large":["https:\/\/blogopara.com.br\/wp-content\/uploads\/2020\/09\/download-2.jpg",225,225,false],"mantranews-featured-medium":["https:\/\/blogopara.com.br\/wp-content\/uploads\/2020\/09\/download-2.jpg",225,225,false],"mantranews-featured-long":["https:\/\/blogopara.com.br\/wp-content\/uploads\/2020\/09\/download-2.jpg",225,225,false],"mantranews-block-medium":["https:\/\/blogopara.com.br\/wp-content\/uploads\/2020\/09\/download-2.jpg",225,225,false],"mantranews-carousel-image":["https:\/\/blogopara.com.br\/wp-content\/uploads\/2020\/09\/download-2.jpg",225,225,false],"mantranews-block-thumb":["https:\/\/blogopara.com.br\/wp-content\/uploads\/2020\/09\/download-2.jpg",225,225,false],"mantranews-single-large":["https:\/\/blogopara.com.br\/wp-content\/uploads\/2020\/09\/download-2.jpg",225,225,false]},"uagb_author_info":{"display_name":"Reda\u00e7\u00e3o geral","author_link":"https:\/\/blogopara.com.br\/index.php\/author\/blogopara"},"uagb_comment_info":0,"uagb_excerpt":"* Por Carlos Neiva \u201cTudo tem o seu tempo determinado, e h\u00e1 tempo para todo o prop\u00f3sito debaixo do c\u00e9u. H\u00e1 tempo de nascer, e tempo de morrer; tempo de plantar, e tempo de arrancar o que se plantou&#8230;\u201d Pense que Eclesiastes 3:1-2 \u00e9 um dos conceitos que norteia minhas a\u00e7\u00f5es. Acredito que todas as&hellip;","jetpack_sharing_enabled":true,"jetpack_likes_enabled":true,"_links":{"self":[{"href":"https:\/\/blogopara.com.br\/index.php\/wp-json\/wp\/v2\/posts\/14303","targetHints":{"allow":["GET"]}}],"collection":[{"href":"https:\/\/blogopara.com.br\/index.php\/wp-json\/wp\/v2\/posts"}],"about":[{"href":"https:\/\/blogopara.com.br\/index.php\/wp-json\/wp\/v2\/types\/post"}],"author":[{"embeddable":true,"href":"https:\/\/blogopara.com.br\/index.php\/wp-json\/wp\/v2\/users\/1"}],"replies":[{"embeddable":true,"href":"https:\/\/blogopara.com.br\/index.php\/wp-json\/wp\/v2\/comments?post=14303"}],"version-history":[{"count":1,"href":"https:\/\/blogopara.com.br\/index.php\/wp-json\/wp\/v2\/posts\/14303\/revisions"}],"predecessor-version":[{"id":14305,"href":"https:\/\/blogopara.com.br\/index.php\/wp-json\/wp\/v2\/posts\/14303\/revisions\/14305"}],"wp:featuredmedia":[{"embeddable":true,"href":"https:\/\/blogopara.com.br\/index.php\/wp-json\/wp\/v2\/media\/14304"}],"wp:attachment":[{"href":"https:\/\/blogopara.com.br\/index.php\/wp-json\/wp\/v2\/media?parent=14303"}],"wp:term":[{"taxonomy":"category","embeddable":true,"href":"https:\/\/blogopara.com.br\/index.php\/wp-json\/wp\/v2\/categories?post=14303"},{"taxonomy":"post_tag","embeddable":true,"href":"https:\/\/blogopara.com.br\/index.php\/wp-json\/wp\/v2\/tags?post=14303"}],"curies":[{"name":"wp","href":"https:\/\/api.w.org\/{rel}","templated":true}]}}