{"id":14326,"date":"2020-09-15T22:59:01","date_gmt":"2020-09-16T01:59:01","guid":{"rendered":"http:\/\/blogopara.com.br\/?p=14326"},"modified":"2020-09-15T22:59:07","modified_gmt":"2020-09-16T01:59:07","slug":"deputado-elmar-nascimento-se-pronuncia-apos-polemica-envolvendo-suzana-ramos","status":"publish","type":"post","link":"https:\/\/blogopara.com.br\/index.php\/2020\/09\/15\/deputado-elmar-nascimento-se-pronuncia-apos-polemica-envolvendo-suzana-ramos","title":{"rendered":"Deputado Elmar Nascimento se pronuncia, ap\u00f3s pol\u00eamica envolvendo Suzana Ramos"},"content":{"rendered":"<p style=\"text-align: justify;\">O Deputado Federal Elmar Nascimento enviou nota para esclarecer o que chamou de coisas da velha politica de Juazeiro, que retirou de contexto uma fala sua\u00a0durante conven\u00e7\u00e3o na noite desta segunda (14), que oficializou os nomes do Coronel Anselmo (DEM) e do sanfoneiro Targino Gondim (Cidadania), se posicionou sobre o ocorrido.<\/p>\n<p style=\"text-align: justify;\">Confira:<\/p>\n<p style=\"text-align: justify;\"><em>\u201cJuazeiro precisa se libertar\u00a0 da velha pol\u00edtica para andar para frente\u201d.<\/em><\/p>\n<p style=\"text-align: justify;\"><em>\u201cCheguei de Juazeiro com uma firme convic\u00e7\u00e3o: o atraso em rela\u00e7\u00e3o \u00e0 Petrolina n\u00e3o est\u00e1 no povo, no clima, nem na geografia. Est\u00e1 exclusivamente na qualidade dos pol\u00edticos, ou melhor, na falta de qualidade dos pol\u00edticos que, h\u00e1 anos, v\u00eam dominando o munic\u00edpio. Juazeiro precisa se libertar da velha pol\u00edtica para andar pra frente.<\/em><\/p>\n<p style=\"text-align: justify;\"><em>\u00c9 a aquela velha pol\u00edtica que n\u00e3o se envergonha de tirar de contexto uma frase para us\u00e1-la com requintes de perversidade. Na conven\u00e7\u00e3o do DEM, ocorrida na \u00faltima segunda-feira (14), ao falar da falta de preparo de uma candidata para gerir um munic\u00edpio como Juazeiro, tive o cuidado de dizer que n\u00e3o conhecia nada que comprometesse seu car\u00e1ter, salientando a boa m\u00e3e e a boa dona de casa que ela \u00e9, o que, para mim, \u00e9 uma grande virtude. Mas essas qualidades n\u00e3o s\u00e3o suficientes para ser uma boa gestora municipal. Precisamos de pessoas honestas, com dignidade, mas tamb\u00e9m com preparo, com experi\u00eancia para liderar. Qualidades que vejo em Coronel Anselmo, candidato do DEM, independentemente das quest\u00f5es de g\u00eanero. A mesma opini\u00e3o teria se fosse uma mulher que tivesse a bagagem do Coronel Anselmo, pessoa singular que ingressa na pol\u00edtica trazendo renova\u00e7\u00e3o.<\/em><\/p>\n<p style=\"text-align: justify;\"><em>J\u00e1 apoiei e ajudei a eleger na minha terra, Campo Formoso, uma mulher prefeita. E, nesse epis\u00f3dio recente, o que me tranquiliza \u00e9 saber que golpes baixos como esses j\u00e1 n\u00e3o surtem mais efeito em Juazeiro. A popula\u00e7\u00e3o est\u00e1 deixando isso bem claro nas pesquisas qualitativas que temos realizado. Fico feliz que pol\u00edticos ultrapassados, tentando macular a minha imagem, investigaram na internet e, n\u00e3o encontrando, ao longo de 26 anos de vida p\u00fablica, nada que desabonasse a minha conduta, um \u00fanico inqu\u00e9rito sequer, tentam impingir defeitos que n\u00e3o tenho.<\/em><\/p>\n<p style=\"text-align: justify;\"><em>Vou responder, em breve, anunciando duas grandes obras que todos eles n\u00e3o tiveram a capacidade de construir.<\/em><\/p>\n<p style=\"text-align: justify;\"><em>Enquanto os c\u00e3es ladram a caravana passa.<\/em><\/p>\n<p style=\"text-align: justify;\"><em>Vou ficar ao lado do povo altivo de Juazeiro e contra a velha pol\u00edtica\u201d.<\/em><\/p>\n<p>Ascom Dep Elmar Nascimento<\/p>\n","protected":false},"excerpt":{"rendered":"<p>O Deputado Federal Elmar Nascimento enviou nota para esclarecer o que chamou de coisas da velha politica de Juazeiro, que retirou de contexto uma fala sua\u00a0durante conven\u00e7\u00e3o na noite desta segunda (14), que oficializou os nomes do Coronel Anselmo (DEM) e do sanfoneiro Targino Gondim (Cidadania), se posicionou sobre o ocorrido. Confira: \u201cJuazeiro precisa se [&hellip;]<\/p>\n","protected":false},"author":1,"featured_media":14327,"comment_status":"open","ping_status":"open","sticky":false,"template":"","format":"standard","meta":{"_uag_custom_page_level_css":"","_monsterinsights_skip_tracking":false,"_monsterinsights_sitenote_active":false,"_monsterinsights_sitenote_note":"","_monsterinsights_sitenote_category":0,"jetpack_post_was_ever_published":false,"_jetpack_newsletter_access":"","_jetpack_dont_email_post_to_subs":false,"_jetpack_newsletter_tier_id":0,"_jetpack_memberships_contains_paywalled_content":false,"_jetpack_memberships_contains_paid_content":false,"footnotes":"","jetpack_publicize_message":"","jetpack_publicize_feature_enabled":true,"jetpack_social_post_already_shared":true,"jetpack_social_options":{"image_generator_settings":{"template":"highway","default_image_id":0,"font":"","enabled":false},"version":2}},"categories":[203,197],"tags":[],"class_list":["post-14326","post","type-post","status-publish","format-standard","has-post-thumbnail","hentry","category-juazeiro","category-politica"],"jetpack_publicize_connections":[],"jetpack_featured_media_url":"https:\/\/blogopara.com.br\/wp-content\/uploads\/2020\/09\/elmar-nascimento-reuniao-ordinaria-conselho-de-etica-foto-alex-ferreira-camara-dos-deputados.jpg","uagb_featured_image_src":{"full":["https:\/\/blogopara.com.br\/wp-content\/uploads\/2020\/09\/elmar-nascimento-reuniao-ordinaria-conselho-de-etica-foto-alex-ferreira-camara-dos-deputados.jpg",500,350,false],"thumbnail":["https:\/\/blogopara.com.br\/wp-content\/uploads\/2020\/09\/elmar-nascimento-reuniao-ordinaria-conselho-de-etica-foto-alex-ferreira-camara-dos-deputados-150x150.jpg",150,150,true],"medium":["https:\/\/blogopara.com.br\/wp-content\/uploads\/2020\/09\/elmar-nascimento-reuniao-ordinaria-conselho-de-etica-foto-alex-ferreira-camara-dos-deputados-300x210.jpg",300,210,true],"medium_large":["https:\/\/blogopara.com.br\/wp-content\/uploads\/2020\/09\/elmar-nascimento-reuniao-ordinaria-conselho-de-etica-foto-alex-ferreira-camara-dos-deputados.jpg",500,350,false],"large":["https:\/\/blogopara.com.br\/wp-content\/uploads\/2020\/09\/elmar-nascimento-reuniao-ordinaria-conselho-de-etica-foto-alex-ferreira-camara-dos-deputados.jpg",500,350,false],"1536x1536":["https:\/\/blogopara.com.br\/wp-content\/uploads\/2020\/09\/elmar-nascimento-reuniao-ordinaria-conselho-de-etica-foto-alex-ferreira-camara-dos-deputados.jpg",500,350,false],"2048x2048":["https:\/\/blogopara.com.br\/wp-content\/uploads\/2020\/09\/elmar-nascimento-reuniao-ordinaria-conselho-de-etica-foto-alex-ferreira-camara-dos-deputados.jpg",500,350,false],"mantranews-slider-large":["https:\/\/blogopara.com.br\/wp-content\/uploads\/2020\/09\/elmar-nascimento-reuniao-ordinaria-conselho-de-etica-foto-alex-ferreira-camara-dos-deputados.jpg",500,350,false],"mantranews-featured-medium":["https:\/\/blogopara.com.br\/wp-content\/uploads\/2020\/09\/elmar-nascimento-reuniao-ordinaria-conselho-de-etica-foto-alex-ferreira-camara-dos-deputados-420x307.jpg",420,307,true],"mantranews-featured-long":["https:\/\/blogopara.com.br\/wp-content\/uploads\/2020\/09\/elmar-nascimento-reuniao-ordinaria-conselho-de-etica-foto-alex-ferreira-camara-dos-deputados-300x350.jpg",300,350,true],"mantranews-block-medium":["https:\/\/blogopara.com.br\/wp-content\/uploads\/2020\/09\/elmar-nascimento-reuniao-ordinaria-conselho-de-etica-foto-alex-ferreira-camara-dos-deputados-464x290.jpg",464,290,true],"mantranews-carousel-image":["https:\/\/blogopara.com.br\/wp-content\/uploads\/2020\/09\/elmar-nascimento-reuniao-ordinaria-conselho-de-etica-foto-alex-ferreira-camara-dos-deputados.jpg",500,350,false],"mantranews-block-thumb":["https:\/\/blogopara.com.br\/wp-content\/uploads\/2020\/09\/elmar-nascimento-reuniao-ordinaria-conselho-de-etica-foto-alex-ferreira-camara-dos-deputados-322x230.jpg",322,230,true],"mantranews-single-large":["https:\/\/blogopara.com.br\/wp-content\/uploads\/2020\/09\/elmar-nascimento-reuniao-ordinaria-conselho-de-etica-foto-alex-ferreira-camara-dos-deputados.jpg",500,350,false]},"uagb_author_info":{"display_name":"Reda\u00e7\u00e3o geral","author_link":"https:\/\/blogopara.com.br\/index.php\/author\/blogopara"},"uagb_comment_info":0,"uagb_excerpt":"O Deputado Federal Elmar Nascimento enviou nota para esclarecer o que chamou de coisas da velha politica de Juazeiro, que retirou de contexto uma fala sua\u00a0durante conven\u00e7\u00e3o na noite desta segunda (14), que oficializou os nomes do Coronel Anselmo (DEM) e do sanfoneiro Targino Gondim (Cidadania), se posicionou sobre o ocorrido. Confira: \u201cJuazeiro precisa se&hellip;","jetpack_sharing_enabled":true,"jetpack_likes_enabled":true,"_links":{"self":[{"href":"https:\/\/blogopara.com.br\/index.php\/wp-json\/wp\/v2\/posts\/14326","targetHints":{"allow":["GET"]}}],"collection":[{"href":"https:\/\/blogopara.com.br\/index.php\/wp-json\/wp\/v2\/posts"}],"about":[{"href":"https:\/\/blogopara.com.br\/index.php\/wp-json\/wp\/v2\/types\/post"}],"author":[{"embeddable":true,"href":"https:\/\/blogopara.com.br\/index.php\/wp-json\/wp\/v2\/users\/1"}],"replies":[{"embeddable":true,"href":"https:\/\/blogopara.com.br\/index.php\/wp-json\/wp\/v2\/comments?post=14326"}],"version-history":[{"count":1,"href":"https:\/\/blogopara.com.br\/index.php\/wp-json\/wp\/v2\/posts\/14326\/revisions"}],"predecessor-version":[{"id":14328,"href":"https:\/\/blogopara.com.br\/index.php\/wp-json\/wp\/v2\/posts\/14326\/revisions\/14328"}],"wp:featuredmedia":[{"embeddable":true,"href":"https:\/\/blogopara.com.br\/index.php\/wp-json\/wp\/v2\/media\/14327"}],"wp:attachment":[{"href":"https:\/\/blogopara.com.br\/index.php\/wp-json\/wp\/v2\/media?parent=14326"}],"wp:term":[{"taxonomy":"category","embeddable":true,"href":"https:\/\/blogopara.com.br\/index.php\/wp-json\/wp\/v2\/categories?post=14326"},{"taxonomy":"post_tag","embeddable":true,"href":"https:\/\/blogopara.com.br\/index.php\/wp-json\/wp\/v2\/tags?post=14326"}],"curies":[{"name":"wp","href":"https:\/\/api.w.org\/{rel}","templated":true}]}}