{"id":14335,"date":"2020-09-16T14:21:34","date_gmt":"2020-09-16T17:21:34","guid":{"rendered":"http:\/\/blogopara.com.br\/?p=14335"},"modified":"2020-09-16T14:21:36","modified_gmt":"2020-09-16T17:21:36","slug":"suzana-ramos-e-leonardo-bandeira-escolhidos-como-candidatos-a-prefeita-e-vice-em-juazeiro","status":"publish","type":"post","link":"https:\/\/blogopara.com.br\/index.php\/2020\/09\/16\/suzana-ramos-e-leonardo-bandeira-escolhidos-como-candidatos-a-prefeita-e-vice-em-juazeiro","title":{"rendered":"Suzana Ramos e Leonardo Bandeira escolhidos como candidatos a prefeita e vice, em Juazeiro"},"content":{"rendered":"<p style=\"text-align: justify;\">Em conven\u00e7\u00e3o realizada nesta noite de ter\u00e7a-feira (15), a Coliga\u00e7\u00e3o Uni\u00e3o Por Amor a Juazeiro, que agrega o PSDB, Solidariedade, PTC, Partido Verde, REDE, PRTB, PROS, PDT, PTB e Patriota, homologou os nomes de Suzana Ramos como candidata a prefeita e Leonardo Bandeira como candidato a vice.<\/p>\n<p style=\"text-align: justify;\">A Conven\u00e7\u00e3o, bastante concorrida, foi realizada em uma casa de eventos da cidade e contou com a participa\u00e7\u00e3o de representantes de diversas legendas, incluindo pr\u00e9-candidatos que abriram m\u00e3o das suas candidaturas nos \u00faltimos dias para apoiar a chapa encabe\u00e7ada pelo PSDB.<\/p>\n<p style=\"text-align: justify;\">O Deputado Estadual Roberto Carlos (PDT) confirmou seu retorno ao grupo comandado pelo ex-prefeito Joseph Bandeira e refor\u00e7ou o apoio a Suzana: \u201c<em>Estou aqui contra o rancor, o \u00f3dio e a favor de Juazeiro\u201d<\/em>\u00a0disse.<\/p>\n<p style=\"text-align: justify;\">O candidato a vice-prefeito, Leonardo Bandeira, fez uma sauda\u00e7\u00e3o aos presentes e lembrou a m\u00e3e para enfatizar a for\u00e7a da mulher: \u201c<em>Suzana, mesmo meu pai sendo meu \u00eddolo, meu super-her\u00f3i, a dona da casa sempre foi uma baixinha, ela est\u00e1 bem ali, minha m\u00e3e, Dona Cristina, ali eu vi o que alguns n\u00e3o sabem, que a mulher est\u00e1 preparada pra tudo<\/em>\u201d, pontuou.<\/p>\n<p style=\"text-align: justify;\">A candidata a prefeita Suzana Ramos enalteceu o apoio que recebeu dos diversos partidos e lideran\u00e7as presentes e refor\u00e7ando a import\u00e2ncia da unidade de for\u00e7as com o ex-prefeito Joseph Bandeira, que indicou o vice na chapa: \u201c<em>Muita gente me perguntava, Suzana voc\u00ea n\u00e3o vai abrir a chapa? De jeito nenhum, me permitam todos, me perdoem, mas muita gente me perguntava porqu\u00ea? E at\u00e9 em Salvador me perguntavam e eu disse: porque palavra \u00e9 palavra e eu acho que \u00e9 justo, mais do que justo, o filho da maior lideran\u00e7a individual que \u00e9 Joseph Bandeira, esse homem que eu s\u00f3 tenho que agradecer o seu apoio, porque eu tenho consci\u00eancia disso, que sem voc\u00ea eu n\u00e3o chegaria e eu tenho gratid\u00e3o<\/em>\u201d, disse.<\/p>\n<p style=\"text-align: justify;\">O Deputado Federal Adolfo Viana refor\u00e7ou as qualidades de Suzana e agradeceu o empenho do ex-prefeito Joseph para a consolida\u00e7\u00e3o do projeto: \u201c<em>Suzana sabe, que quem comanda o PSDB em Juazeiro \u00e9 Suzana Ramos, mas por dever de justi\u00e7a eu preciso aqui tamb\u00e9m fazer uma sauda\u00e7\u00e3o muito especial e um agradecimento a Joseph Bandeira, esse gigante, com um cora\u00e7\u00e3o sem tamanho, que poderia ser ele o candidato, mas ele cede para que a mulher possa fazer as vezes e agora \u00e9 a vez da mulher<\/em>\u201d, refor\u00e7ou.<\/p>\n<p style=\"text-align: justify;\">O ex-prefeito de Juazeiro, Joseph Bandeira saudou um a um os representantes partid\u00e1rios presentes e teceu cr\u00edticas contundentes a um pronunciamento feito recentemente que colocou d\u00favidas sobre a capacidade de Suzana: \u201c<em>Teve um deputado ai que disse: Suzana pode at\u00e9 ser uma boa m\u00e3e de fam\u00edlia, mas vai acordar tarde e n\u00e3o vai ter coragem de ir para o interior de manh\u00e3 cedo, cuidar do povo e enfrentar os problemas de Juazeiro. Meu Jesus, tenha miseric\u00f3rdia! Gente que fala de mulher, e tem tamb\u00e9m por ai candidato que bate em mulher, os dois v\u00e3o apanhar de uma mulher<\/em>\u201d insinuou, sem citar nomes.<\/p>\n<p style=\"text-align: justify;\"><strong><em>Fonte:RedeGN \/ Foto:Divulga\u00e7\u00e3o<\/em><\/strong><\/p>\n","protected":false},"excerpt":{"rendered":"<p>Em conven\u00e7\u00e3o realizada nesta noite de ter\u00e7a-feira (15), a Coliga\u00e7\u00e3o Uni\u00e3o Por Amor a Juazeiro, que agrega o PSDB, Solidariedade, PTC, Partido Verde, REDE, PRTB, PROS, PDT, PTB e Patriota, homologou os nomes de Suzana Ramos como candidata a prefeita e Leonardo Bandeira como candidato a vice. A Conven\u00e7\u00e3o, bastante concorrida, foi realizada em uma [&hellip;]<\/p>\n","protected":false},"author":1,"featured_media":14336,"comment_status":"open","ping_status":"open","sticky":false,"template":"","format":"standard","meta":{"_uag_custom_page_level_css":"","_monsterinsights_skip_tracking":false,"_monsterinsights_sitenote_active":false,"_monsterinsights_sitenote_note":"","_monsterinsights_sitenote_category":0,"jetpack_post_was_ever_published":false,"_jetpack_newsletter_access":"","_jetpack_dont_email_post_to_subs":false,"_jetpack_newsletter_tier_id":0,"_jetpack_memberships_contains_paywalled_content":false,"_jetpack_memberships_contains_paid_content":false,"footnotes":"","jetpack_publicize_message":"","jetpack_publicize_feature_enabled":true,"jetpack_social_post_already_shared":true,"jetpack_social_options":{"image_generator_settings":{"template":"highway","default_image_id":0,"font":"","enabled":false},"version":2}},"categories":[203,197],"tags":[],"class_list":["post-14335","post","type-post","status-publish","format-standard","has-post-thumbnail","hentry","category-juazeiro","category-politica"],"jetpack_publicize_connections":[],"jetpack_featured_media_url":"https:\/\/blogopara.com.br\/wp-content\/uploads\/2020\/09\/joseleo.jpg","uagb_featured_image_src":{"full":["https:\/\/blogopara.com.br\/wp-content\/uploads\/2020\/09\/joseleo.jpg",500,433,false],"thumbnail":["https:\/\/blogopara.com.br\/wp-content\/uploads\/2020\/09\/joseleo-150x150.jpg",150,150,true],"medium":["https:\/\/blogopara.com.br\/wp-content\/uploads\/2020\/09\/joseleo-300x260.jpg",300,260,true],"medium_large":["https:\/\/blogopara.com.br\/wp-content\/uploads\/2020\/09\/joseleo.jpg",500,433,false],"large":["https:\/\/blogopara.com.br\/wp-content\/uploads\/2020\/09\/joseleo.jpg",500,433,false],"1536x1536":["https:\/\/blogopara.com.br\/wp-content\/uploads\/2020\/09\/joseleo.jpg",500,433,false],"2048x2048":["https:\/\/blogopara.com.br\/wp-content\/uploads\/2020\/09\/joseleo.jpg",500,433,false],"mantranews-slider-large":["https:\/\/blogopara.com.br\/wp-content\/uploads\/2020\/09\/joseleo.jpg",500,433,false],"mantranews-featured-medium":["https:\/\/blogopara.com.br\/wp-content\/uploads\/2020\/09\/joseleo-420x307.jpg",420,307,true],"mantranews-featured-long":["https:\/\/blogopara.com.br\/wp-content\/uploads\/2020\/09\/joseleo-300x433.jpg",300,433,true],"mantranews-block-medium":["https:\/\/blogopara.com.br\/wp-content\/uploads\/2020\/09\/joseleo-464x290.jpg",464,290,true],"mantranews-carousel-image":["https:\/\/blogopara.com.br\/wp-content\/uploads\/2020\/09\/joseleo.jpg",500,433,false],"mantranews-block-thumb":["https:\/\/blogopara.com.br\/wp-content\/uploads\/2020\/09\/joseleo-322x230.jpg",322,230,true],"mantranews-single-large":["https:\/\/blogopara.com.br\/wp-content\/uploads\/2020\/09\/joseleo.jpg",500,433,false]},"uagb_author_info":{"display_name":"Reda\u00e7\u00e3o geral","author_link":"https:\/\/blogopara.com.br\/index.php\/author\/blogopara"},"uagb_comment_info":1,"uagb_excerpt":"Em conven\u00e7\u00e3o realizada nesta noite de ter\u00e7a-feira (15), a Coliga\u00e7\u00e3o Uni\u00e3o Por Amor a Juazeiro, que agrega o PSDB, Solidariedade, PTC, Partido Verde, REDE, PRTB, PROS, PDT, PTB e Patriota, homologou os nomes de Suzana Ramos como candidata a prefeita e Leonardo Bandeira como candidato a vice. A Conven\u00e7\u00e3o, bastante concorrida, foi realizada em uma&hellip;","jetpack_sharing_enabled":true,"jetpack_likes_enabled":true,"_links":{"self":[{"href":"https:\/\/blogopara.com.br\/index.php\/wp-json\/wp\/v2\/posts\/14335","targetHints":{"allow":["GET"]}}],"collection":[{"href":"https:\/\/blogopara.com.br\/index.php\/wp-json\/wp\/v2\/posts"}],"about":[{"href":"https:\/\/blogopara.com.br\/index.php\/wp-json\/wp\/v2\/types\/post"}],"author":[{"embeddable":true,"href":"https:\/\/blogopara.com.br\/index.php\/wp-json\/wp\/v2\/users\/1"}],"replies":[{"embeddable":true,"href":"https:\/\/blogopara.com.br\/index.php\/wp-json\/wp\/v2\/comments?post=14335"}],"version-history":[{"count":1,"href":"https:\/\/blogopara.com.br\/index.php\/wp-json\/wp\/v2\/posts\/14335\/revisions"}],"predecessor-version":[{"id":14337,"href":"https:\/\/blogopara.com.br\/index.php\/wp-json\/wp\/v2\/posts\/14335\/revisions\/14337"}],"wp:featuredmedia":[{"embeddable":true,"href":"https:\/\/blogopara.com.br\/index.php\/wp-json\/wp\/v2\/media\/14336"}],"wp:attachment":[{"href":"https:\/\/blogopara.com.br\/index.php\/wp-json\/wp\/v2\/media?parent=14335"}],"wp:term":[{"taxonomy":"category","embeddable":true,"href":"https:\/\/blogopara.com.br\/index.php\/wp-json\/wp\/v2\/categories?post=14335"},{"taxonomy":"post_tag","embeddable":true,"href":"https:\/\/blogopara.com.br\/index.php\/wp-json\/wp\/v2\/tags?post=14335"}],"curies":[{"name":"wp","href":"https:\/\/api.w.org\/{rel}","templated":true}]}}