{"id":14339,"date":"2020-09-17T07:43:29","date_gmt":"2020-09-17T10:43:29","guid":{"rendered":"http:\/\/blogopara.com.br\/?p=14339"},"modified":"2020-09-16T14:46:59","modified_gmt":"2020-09-16T17:46:59","slug":"justica-determina-que-municipio-de-juazeiro-realize-reformas-no-hospital-materno-infantil","status":"publish","type":"post","link":"https:\/\/blogopara.com.br\/index.php\/2020\/09\/17\/justica-determina-que-municipio-de-juazeiro-realize-reformas-no-hospital-materno-infantil","title":{"rendered":"Justi\u00e7a determina que munic\u00edpio de Juazeiro realize reformas no Hospital Materno-Infantil"},"content":{"rendered":"<p style=\"text-align: justify;\">A pedido do Minist\u00e9rio P\u00fablico estadual, a Justi\u00e7a determinou que o munic\u00edpio de Juazeiro realize reformas e aquisi\u00e7\u00e3o de equipamentos exigidos pela Vigil\u00e2ncia Sanit\u00e1ria Estadual para o Hospital Materno-Infantil da cidade, no prazo de 90 dias. Segundo a promotora de Justi\u00e7a Rita de C\u00e1ssia Rodrigues, autora da a\u00e7\u00e3o civil p\u00fablica contra o Munic\u00edpio, ap\u00f3s a realiza\u00e7\u00e3o de reuni\u00f5es e inspe\u00e7\u00f5es, \u201cv\u00e1rias medidas foram adotadas no sentido de melhorar as condi\u00e7\u00f5es desse hospital, mas a unidade ainda n\u00e3o possui alvar\u00e1 sanit\u00e1rio, pois h\u00e1 setores que continuam apresentando problemas estruturais s\u00e9rios, notadamente a lavanderia e o Centro de Material e Esteriliza\u00e7\u00e3o (CME)\u201d, afirmou. A decis\u00e3o liminar foi proferida pelo juiz Vanderley Andrade de Lacerda.<\/p>\n<p style=\"text-align: justify;\">Ela complementou que, de maneira sucessiva, os relat\u00f3rios de inspe\u00e7\u00e3o sanit\u00e1ria, elaborados pela Vigil\u00e2ncia Sanit\u00e1ria Estadual alertaram para in\u00fameros v\u00edcios no hospital que poderiam provocar infec\u00e7\u00e3o nos pacientes que frequentam o local, al\u00e9m da pr\u00f3pria vizinhan\u00e7a da unidade. Na a\u00e7\u00e3o, a promotora de Justi\u00e7a citou que o relat\u00f3rio de inspe\u00e7\u00e3o sanit\u00e1ria n\u00b0 5\/2016, concluiu que o estabelecimento n\u00e3o estava apto \u00e0 presta\u00e7\u00e3o adequada na assist\u00eancia pedi\u00e1trica. Por sua vez, o relat\u00f3rio n\u00b0 40\/2017, apenas n\u00e3o recomendou a interdi\u00e7\u00e3o, por se tratar de maternidade de refer\u00eancia regional para partos de baixo risco, considerando o virtual colapso no sistema p\u00fablico de sa\u00fade, expondo os beb\u00eas e genitoras a um risco maior. \u201cNo entanto, uma vez que as falhas relatadas n\u00e3o foram corrigidas, o relat\u00f3rio n\u00b0 43\/2017, sugeriu a interdi\u00e7\u00e3o do hospital\u201d, destacou.<\/p>\n<p>Fonte: BlogNossaVoz<\/p>\n","protected":false},"excerpt":{"rendered":"<p>A pedido do Minist\u00e9rio P\u00fablico estadual, a Justi\u00e7a determinou que o munic\u00edpio de Juazeiro realize reformas e aquisi\u00e7\u00e3o de equipamentos exigidos pela Vigil\u00e2ncia Sanit\u00e1ria Estadual para o Hospital Materno-Infantil da cidade, no prazo de 90 dias. Segundo a promotora de Justi\u00e7a Rita de C\u00e1ssia Rodrigues, autora da a\u00e7\u00e3o civil p\u00fablica contra o Munic\u00edpio, ap\u00f3s a [&hellip;]<\/p>\n","protected":false},"author":1,"featured_media":14340,"comment_status":"open","ping_status":"open","sticky":false,"template":"","format":"standard","meta":{"_uag_custom_page_level_css":"","_monsterinsights_skip_tracking":false,"_monsterinsights_sitenote_active":false,"_monsterinsights_sitenote_note":"","_monsterinsights_sitenote_category":0,"jetpack_post_was_ever_published":false,"_jetpack_newsletter_access":"","_jetpack_dont_email_post_to_subs":false,"_jetpack_newsletter_tier_id":0,"_jetpack_memberships_contains_paywalled_content":false,"_jetpack_memberships_contains_paid_content":false,"footnotes":"","jetpack_publicize_message":"","jetpack_publicize_feature_enabled":true,"jetpack_social_post_already_shared":true,"jetpack_social_options":{"image_generator_settings":{"template":"highway","default_image_id":0,"font":"","enabled":false},"version":2}},"categories":[203,210,197],"tags":[],"class_list":["post-14339","post","type-post","status-publish","format-standard","has-post-thumbnail","hentry","category-juazeiro","category-justica","category-politica"],"jetpack_publicize_connections":[],"jetpack_featured_media_url":"https:\/\/blogopara.com.br\/wp-content\/uploads\/2020\/09\/ahospitaldacriancajuaba.jpg","uagb_featured_image_src":{"full":["https:\/\/blogopara.com.br\/wp-content\/uploads\/2020\/09\/ahospitaldacriancajuaba.jpg",500,347,false],"thumbnail":["https:\/\/blogopara.com.br\/wp-content\/uploads\/2020\/09\/ahospitaldacriancajuaba-150x150.jpg",150,150,true],"medium":["https:\/\/blogopara.com.br\/wp-content\/uploads\/2020\/09\/ahospitaldacriancajuaba-300x208.jpg",300,208,true],"medium_large":["https:\/\/blogopara.com.br\/wp-content\/uploads\/2020\/09\/ahospitaldacriancajuaba.jpg",500,347,false],"large":["https:\/\/blogopara.com.br\/wp-content\/uploads\/2020\/09\/ahospitaldacriancajuaba.jpg",500,347,false],"1536x1536":["https:\/\/blogopara.com.br\/wp-content\/uploads\/2020\/09\/ahospitaldacriancajuaba.jpg",500,347,false],"2048x2048":["https:\/\/blogopara.com.br\/wp-content\/uploads\/2020\/09\/ahospitaldacriancajuaba.jpg",500,347,false],"mantranews-slider-large":["https:\/\/blogopara.com.br\/wp-content\/uploads\/2020\/09\/ahospitaldacriancajuaba.jpg",500,347,false],"mantranews-featured-medium":["https:\/\/blogopara.com.br\/wp-content\/uploads\/2020\/09\/ahospitaldacriancajuaba-420x307.jpg",420,307,true],"mantranews-featured-long":["https:\/\/blogopara.com.br\/wp-content\/uploads\/2020\/09\/ahospitaldacriancajuaba-300x347.jpg",300,347,true],"mantranews-block-medium":["https:\/\/blogopara.com.br\/wp-content\/uploads\/2020\/09\/ahospitaldacriancajuaba-464x290.jpg",464,290,true],"mantranews-carousel-image":["https:\/\/blogopara.com.br\/wp-content\/uploads\/2020\/09\/ahospitaldacriancajuaba.jpg",500,347,false],"mantranews-block-thumb":["https:\/\/blogopara.com.br\/wp-content\/uploads\/2020\/09\/ahospitaldacriancajuaba-322x230.jpg",322,230,true],"mantranews-single-large":["https:\/\/blogopara.com.br\/wp-content\/uploads\/2020\/09\/ahospitaldacriancajuaba.jpg",500,347,false]},"uagb_author_info":{"display_name":"Reda\u00e7\u00e3o geral","author_link":"https:\/\/blogopara.com.br\/index.php\/author\/blogopara"},"uagb_comment_info":0,"uagb_excerpt":"A pedido do Minist\u00e9rio P\u00fablico estadual, a Justi\u00e7a determinou que o munic\u00edpio de Juazeiro realize reformas e aquisi\u00e7\u00e3o de equipamentos exigidos pela Vigil\u00e2ncia Sanit\u00e1ria Estadual para o Hospital Materno-Infantil da cidade, no prazo de 90 dias. Segundo a promotora de Justi\u00e7a Rita de C\u00e1ssia Rodrigues, autora da a\u00e7\u00e3o civil p\u00fablica contra o Munic\u00edpio, ap\u00f3s a&hellip;","jetpack_sharing_enabled":true,"jetpack_likes_enabled":true,"_links":{"self":[{"href":"https:\/\/blogopara.com.br\/index.php\/wp-json\/wp\/v2\/posts\/14339","targetHints":{"allow":["GET"]}}],"collection":[{"href":"https:\/\/blogopara.com.br\/index.php\/wp-json\/wp\/v2\/posts"}],"about":[{"href":"https:\/\/blogopara.com.br\/index.php\/wp-json\/wp\/v2\/types\/post"}],"author":[{"embeddable":true,"href":"https:\/\/blogopara.com.br\/index.php\/wp-json\/wp\/v2\/users\/1"}],"replies":[{"embeddable":true,"href":"https:\/\/blogopara.com.br\/index.php\/wp-json\/wp\/v2\/comments?post=14339"}],"version-history":[{"count":1,"href":"https:\/\/blogopara.com.br\/index.php\/wp-json\/wp\/v2\/posts\/14339\/revisions"}],"predecessor-version":[{"id":14341,"href":"https:\/\/blogopara.com.br\/index.php\/wp-json\/wp\/v2\/posts\/14339\/revisions\/14341"}],"wp:featuredmedia":[{"embeddable":true,"href":"https:\/\/blogopara.com.br\/index.php\/wp-json\/wp\/v2\/media\/14340"}],"wp:attachment":[{"href":"https:\/\/blogopara.com.br\/index.php\/wp-json\/wp\/v2\/media?parent=14339"}],"wp:term":[{"taxonomy":"category","embeddable":true,"href":"https:\/\/blogopara.com.br\/index.php\/wp-json\/wp\/v2\/categories?post=14339"},{"taxonomy":"post_tag","embeddable":true,"href":"https:\/\/blogopara.com.br\/index.php\/wp-json\/wp\/v2\/tags?post=14339"}],"curies":[{"name":"wp","href":"https:\/\/api.w.org\/{rel}","templated":true}]}}