{"id":14370,"date":"2020-09-18T12:34:35","date_gmt":"2020-09-18T15:34:35","guid":{"rendered":"http:\/\/blogopara.com.br\/?p=14370"},"modified":"2020-09-18T12:38:40","modified_gmt":"2020-09-18T15:38:40","slug":"eleicoes-2020-joao-marcos-e-oficializado-como-candidato-a-vereador","status":"publish","type":"post","link":"https:\/\/blogopara.com.br\/index.php\/2020\/09\/18\/eleicoes-2020-joao-marcos-e-oficializado-como-candidato-a-vereador","title":{"rendered":"Elei\u00e7\u00f5es 2020: Jo\u00e3o Marcos \u00e9 oficializado como candidato a vereador"},"content":{"rendered":"<p style=\"text-align: justify;\">Na \u00faltima ter\u00e7a-feira (15) foi realizada a Conven\u00e7\u00e3o Partid\u00e1ria do PSD &#8211; Partido Social Democr\u00e1tico, o evento contou com a participa\u00e7\u00e3o v\u00e1rios filiados e da dire\u00e7\u00e3o do diret\u00f3rio em Juazeiro, a exemplo do ex-vereador, Diretor da CSTT e presidente do PSD\/ Juazeiro, Dami\u00e3o Medrado, que por quatro vezes exerceu o mandato de vereador em Juazeiro.<\/p>\n<p style=\"text-align: justify;\">Entre os bons candidatos que disputar\u00e3o as elei\u00e7\u00f5es desse ano, est\u00e1 jovem Jo\u00e3o Marcos, forjado na luta comunit\u00e1ria, principalmente nos movimentos reivindicat\u00f3rios dos Residenciais Juazeiro 1, 2 e 3.<\/p>\n<p style=\"text-align: justify;\">A candidatura de Jo\u00e3o Marcos representa a participa\u00e7\u00e3o da juventude na politica, a necess\u00e1ria oxigena\u00e7\u00e3o de mudan\u00e7a dos velhos modos de se fazer politica em Juazeiro. A decis\u00e3o corajosa de ser candidato \u00e9 necess\u00e1ria para ocupar espa\u00e7o de poder na constru\u00e7\u00e3o de politicas para a juventude, que durante esses \u00faltimos 12 anos n\u00e3o aconteceu em Juazeiro.<\/p>\n<p style=\"text-align: justify;\">&#8220;Nasci na dificuldade, cresci na dificuldade, me forjei em meio a dificuldades da vida, por isso sinto-me preparado para ocupar um espa\u00e7o que possa melhorar a vida das pessoas mais carentes e que passam por dificuldades&#8221;, afirmou Marcos.<\/p>\n<p style=\"text-align: justify;\">\n<p style=\"text-align: justify;\">\n","protected":false},"excerpt":{"rendered":"<p>Na \u00faltima ter\u00e7a-feira (15) foi realizada a Conven\u00e7\u00e3o Partid\u00e1ria do PSD &#8211; Partido Social Democr\u00e1tico, o evento contou com a participa\u00e7\u00e3o v\u00e1rios filiados e da dire\u00e7\u00e3o do diret\u00f3rio em Juazeiro, a exemplo do ex-vereador, Diretor da CSTT e presidente do PSD\/ Juazeiro, Dami\u00e3o Medrado, que por quatro vezes exerceu o mandato de vereador em Juazeiro. [&hellip;]<\/p>\n","protected":false},"author":1,"featured_media":14377,"comment_status":"open","ping_status":"open","sticky":false,"template":"","format":"standard","meta":{"_uag_custom_page_level_css":"","_monsterinsights_skip_tracking":false,"_monsterinsights_sitenote_active":false,"_monsterinsights_sitenote_note":"","_monsterinsights_sitenote_category":0,"jetpack_post_was_ever_published":false,"_jetpack_newsletter_access":"","_jetpack_dont_email_post_to_subs":false,"_jetpack_newsletter_tier_id":0,"_jetpack_memberships_contains_paywalled_content":false,"_jetpack_memberships_contains_paid_content":false,"footnotes":"","jetpack_publicize_message":"","jetpack_publicize_feature_enabled":true,"jetpack_social_post_already_shared":true,"jetpack_social_options":{"image_generator_settings":{"template":"highway","default_image_id":0,"font":"","enabled":false},"version":2}},"categories":[203],"tags":[],"class_list":["post-14370","post","type-post","status-publish","format-standard","has-post-thumbnail","hentry","category-juazeiro"],"jetpack_publicize_connections":[],"jetpack_featured_media_url":"https:\/\/blogopara.com.br\/wp-content\/uploads\/2020\/09\/WhatsApp-Image-2020-09-17-at-12.30.05.jpeg","uagb_featured_image_src":{"full":["https:\/\/blogopara.com.br\/wp-content\/uploads\/2020\/09\/WhatsApp-Image-2020-09-17-at-12.30.05.jpeg",500,666,false],"thumbnail":["https:\/\/blogopara.com.br\/wp-content\/uploads\/2020\/09\/WhatsApp-Image-2020-09-17-at-12.30.05-150x150.jpeg",150,150,true],"medium":["https:\/\/blogopara.com.br\/wp-content\/uploads\/2020\/09\/WhatsApp-Image-2020-09-17-at-12.30.05-225x300.jpeg",225,300,true],"medium_large":["https:\/\/blogopara.com.br\/wp-content\/uploads\/2020\/09\/WhatsApp-Image-2020-09-17-at-12.30.05.jpeg",500,666,false],"large":["https:\/\/blogopara.com.br\/wp-content\/uploads\/2020\/09\/WhatsApp-Image-2020-09-17-at-12.30.05.jpeg",500,666,false],"1536x1536":["https:\/\/blogopara.com.br\/wp-content\/uploads\/2020\/09\/WhatsApp-Image-2020-09-17-at-12.30.05.jpeg",500,666,false],"2048x2048":["https:\/\/blogopara.com.br\/wp-content\/uploads\/2020\/09\/WhatsApp-Image-2020-09-17-at-12.30.05.jpeg",500,666,false],"mantranews-slider-large":["https:\/\/blogopara.com.br\/wp-content\/uploads\/2020\/09\/WhatsApp-Image-2020-09-17-at-12.30.05.jpeg",500,666,false],"mantranews-featured-medium":["https:\/\/blogopara.com.br\/wp-content\/uploads\/2020\/09\/WhatsApp-Image-2020-09-17-at-12.30.05-420x307.jpeg",420,307,true],"mantranews-featured-long":["https:\/\/blogopara.com.br\/wp-content\/uploads\/2020\/09\/WhatsApp-Image-2020-09-17-at-12.30.05-300x443.jpeg",300,443,true],"mantranews-block-medium":["https:\/\/blogopara.com.br\/wp-content\/uploads\/2020\/09\/WhatsApp-Image-2020-09-17-at-12.30.05-464x290.jpeg",464,290,true],"mantranews-carousel-image":["https:\/\/blogopara.com.br\/wp-content\/uploads\/2020\/09\/WhatsApp-Image-2020-09-17-at-12.30.05-500x500.jpeg",500,500,true],"mantranews-block-thumb":["https:\/\/blogopara.com.br\/wp-content\/uploads\/2020\/09\/WhatsApp-Image-2020-09-17-at-12.30.05-322x230.jpeg",322,230,true],"mantranews-single-large":["https:\/\/blogopara.com.br\/wp-content\/uploads\/2020\/09\/WhatsApp-Image-2020-09-17-at-12.30.05-500x642.jpeg",500,642,true]},"uagb_author_info":{"display_name":"Reda\u00e7\u00e3o geral","author_link":"https:\/\/blogopara.com.br\/index.php\/author\/blogopara"},"uagb_comment_info":0,"uagb_excerpt":"Na \u00faltima ter\u00e7a-feira (15) foi realizada a Conven\u00e7\u00e3o Partid\u00e1ria do PSD &#8211; Partido Social Democr\u00e1tico, o evento contou com a participa\u00e7\u00e3o v\u00e1rios filiados e da dire\u00e7\u00e3o do diret\u00f3rio em Juazeiro, a exemplo do ex-vereador, Diretor da CSTT e presidente do PSD\/ Juazeiro, Dami\u00e3o Medrado, que por quatro vezes exerceu o mandato de vereador em Juazeiro.&hellip;","jetpack_sharing_enabled":true,"jetpack_likes_enabled":true,"_links":{"self":[{"href":"https:\/\/blogopara.com.br\/index.php\/wp-json\/wp\/v2\/posts\/14370","targetHints":{"allow":["GET"]}}],"collection":[{"href":"https:\/\/blogopara.com.br\/index.php\/wp-json\/wp\/v2\/posts"}],"about":[{"href":"https:\/\/blogopara.com.br\/index.php\/wp-json\/wp\/v2\/types\/post"}],"author":[{"embeddable":true,"href":"https:\/\/blogopara.com.br\/index.php\/wp-json\/wp\/v2\/users\/1"}],"replies":[{"embeddable":true,"href":"https:\/\/blogopara.com.br\/index.php\/wp-json\/wp\/v2\/comments?post=14370"}],"version-history":[{"count":4,"href":"https:\/\/blogopara.com.br\/index.php\/wp-json\/wp\/v2\/posts\/14370\/revisions"}],"predecessor-version":[{"id":14381,"href":"https:\/\/blogopara.com.br\/index.php\/wp-json\/wp\/v2\/posts\/14370\/revisions\/14381"}],"wp:featuredmedia":[{"embeddable":true,"href":"https:\/\/blogopara.com.br\/index.php\/wp-json\/wp\/v2\/media\/14377"}],"wp:attachment":[{"href":"https:\/\/blogopara.com.br\/index.php\/wp-json\/wp\/v2\/media?parent=14370"}],"wp:term":[{"taxonomy":"category","embeddable":true,"href":"https:\/\/blogopara.com.br\/index.php\/wp-json\/wp\/v2\/categories?post=14370"},{"taxonomy":"post_tag","embeddable":true,"href":"https:\/\/blogopara.com.br\/index.php\/wp-json\/wp\/v2\/tags?post=14370"}],"curies":[{"name":"wp","href":"https:\/\/api.w.org\/{rel}","templated":true}]}}