{"id":14398,"date":"2020-09-20T08:29:30","date_gmt":"2020-09-20T11:29:30","guid":{"rendered":"http:\/\/blogopara.com.br\/?p=14398"},"modified":"2020-09-18T22:54:16","modified_gmt":"2020-09-19T01:54:16","slug":"jamais-desistirei-desabafa-pm-vetado-por-rui-de-assumir-cargo-federal","status":"publish","type":"post","link":"https:\/\/blogopara.com.br\/index.php\/2020\/09\/20\/jamais-desistirei-desabafa-pm-vetado-por-rui-de-assumir-cargo-federal","title":{"rendered":"\u201cJamais desistirei\u201d, desabafa PM vetado por Rui de assumir cargo federal"},"content":{"rendered":"<p style=\"text-align: justify;\">Depois de n\u00e3o ser liberado pelo governador Rui Costa para assumir um cargo por nomea\u00e7\u00e3o do presidente Jair Bolsonaro, o Policial Militar Andr\u00e9 Porciuncula desabafou sobre o ocorrido nas suas redes sociais.<\/p>\n<p style=\"text-align: justify;\">O militar, na tarde desta quarta-feira (16), afirmou que ir\u00e1 seguir o \u201cexemplo\u201d do presidente e continuar\u00e1 trabalhando pelo que acredita.<\/p>\n<p style=\"text-align: justify;\">\u201cTenho como exemplo a ser seguido o presidente Bolsonaro, que, mesmo depois de uma tentativa de assassinato, nunca desistiu de lutar pelo o que acredita, de lutar pelo pa\u00eds. As adversidades s\u00f3 me dar\u00e3o mais for\u00e7a, jamais desistirei. Confio em Deus, acima de todas as coisas\u201d, escreveu.<\/p>\n<p style=\"text-align: justify;\">Fonte: Politica ao Vivo<\/p>\n","protected":false},"excerpt":{"rendered":"<p>Depois de n\u00e3o ser liberado pelo governador Rui Costa para assumir um cargo por nomea\u00e7\u00e3o do presidente Jair Bolsonaro, o Policial Militar Andr\u00e9 Porciuncula desabafou sobre o ocorrido nas suas redes sociais. O militar, na tarde desta quarta-feira (16), afirmou que ir\u00e1 seguir o \u201cexemplo\u201d do presidente e continuar\u00e1 trabalhando pelo que acredita. \u201cTenho como [&hellip;]<\/p>\n","protected":false},"author":1,"featured_media":14399,"comment_status":"open","ping_status":"open","sticky":false,"template":"","format":"standard","meta":{"_uag_custom_page_level_css":"","_monsterinsights_skip_tracking":false,"_monsterinsights_sitenote_active":false,"_monsterinsights_sitenote_note":"","_monsterinsights_sitenote_category":0,"jetpack_post_was_ever_published":false,"_jetpack_newsletter_access":"","_jetpack_dont_email_post_to_subs":false,"_jetpack_newsletter_tier_id":0,"_jetpack_memberships_contains_paywalled_content":false,"_jetpack_memberships_contains_paid_content":false,"footnotes":"","jetpack_publicize_message":"","jetpack_publicize_feature_enabled":true,"jetpack_social_post_already_shared":true,"jetpack_social_options":{"image_generator_settings":{"template":"highway","default_image_id":0,"font":"","enabled":false},"version":2}},"categories":[199,197],"tags":[],"class_list":["post-14398","post","type-post","status-publish","format-standard","has-post-thumbnail","hentry","category-bahia","category-politica"],"jetpack_publicize_connections":[],"jetpack_featured_media_url":"https:\/\/blogopara.com.br\/wp-content\/uploads\/2020\/09\/images.jpg","uagb_featured_image_src":{"full":["https:\/\/blogopara.com.br\/wp-content\/uploads\/2020\/09\/images.jpg",400,224,false],"thumbnail":["https:\/\/blogopara.com.br\/wp-content\/uploads\/2020\/09\/images-150x150.jpg",150,150,true],"medium":["https:\/\/blogopara.com.br\/wp-content\/uploads\/2020\/09\/images-300x168.jpg",300,168,true],"medium_large":["https:\/\/blogopara.com.br\/wp-content\/uploads\/2020\/09\/images.jpg",400,224,false],"large":["https:\/\/blogopara.com.br\/wp-content\/uploads\/2020\/09\/images.jpg",400,224,false],"1536x1536":["https:\/\/blogopara.com.br\/wp-content\/uploads\/2020\/09\/images.jpg",400,224,false],"2048x2048":["https:\/\/blogopara.com.br\/wp-content\/uploads\/2020\/09\/images.jpg",400,224,false],"mantranews-slider-large":["https:\/\/blogopara.com.br\/wp-content\/uploads\/2020\/09\/images.jpg",400,224,false],"mantranews-featured-medium":["https:\/\/blogopara.com.br\/wp-content\/uploads\/2020\/09\/images.jpg",400,224,false],"mantranews-featured-long":["https:\/\/blogopara.com.br\/wp-content\/uploads\/2020\/09\/images-300x224.jpg",300,224,true],"mantranews-block-medium":["https:\/\/blogopara.com.br\/wp-content\/uploads\/2020\/09\/images.jpg",400,224,false],"mantranews-carousel-image":["https:\/\/blogopara.com.br\/wp-content\/uploads\/2020\/09\/images.jpg",400,224,false],"mantranews-block-thumb":["https:\/\/blogopara.com.br\/wp-content\/uploads\/2020\/09\/images-322x224.jpg",322,224,true],"mantranews-single-large":["https:\/\/blogopara.com.br\/wp-content\/uploads\/2020\/09\/images.jpg",400,224,false]},"uagb_author_info":{"display_name":"Reda\u00e7\u00e3o geral","author_link":"https:\/\/blogopara.com.br\/index.php\/author\/blogopara"},"uagb_comment_info":0,"uagb_excerpt":"Depois de n\u00e3o ser liberado pelo governador Rui Costa para assumir um cargo por nomea\u00e7\u00e3o do presidente Jair Bolsonaro, o Policial Militar Andr\u00e9 Porciuncula desabafou sobre o ocorrido nas suas redes sociais. O militar, na tarde desta quarta-feira (16), afirmou que ir\u00e1 seguir o \u201cexemplo\u201d do presidente e continuar\u00e1 trabalhando pelo que acredita. \u201cTenho como&hellip;","jetpack_sharing_enabled":true,"jetpack_likes_enabled":true,"_links":{"self":[{"href":"https:\/\/blogopara.com.br\/index.php\/wp-json\/wp\/v2\/posts\/14398","targetHints":{"allow":["GET"]}}],"collection":[{"href":"https:\/\/blogopara.com.br\/index.php\/wp-json\/wp\/v2\/posts"}],"about":[{"href":"https:\/\/blogopara.com.br\/index.php\/wp-json\/wp\/v2\/types\/post"}],"author":[{"embeddable":true,"href":"https:\/\/blogopara.com.br\/index.php\/wp-json\/wp\/v2\/users\/1"}],"replies":[{"embeddable":true,"href":"https:\/\/blogopara.com.br\/index.php\/wp-json\/wp\/v2\/comments?post=14398"}],"version-history":[{"count":1,"href":"https:\/\/blogopara.com.br\/index.php\/wp-json\/wp\/v2\/posts\/14398\/revisions"}],"predecessor-version":[{"id":14400,"href":"https:\/\/blogopara.com.br\/index.php\/wp-json\/wp\/v2\/posts\/14398\/revisions\/14400"}],"wp:featuredmedia":[{"embeddable":true,"href":"https:\/\/blogopara.com.br\/index.php\/wp-json\/wp\/v2\/media\/14399"}],"wp:attachment":[{"href":"https:\/\/blogopara.com.br\/index.php\/wp-json\/wp\/v2\/media?parent=14398"}],"wp:term":[{"taxonomy":"category","embeddable":true,"href":"https:\/\/blogopara.com.br\/index.php\/wp-json\/wp\/v2\/categories?post=14398"},{"taxonomy":"post_tag","embeddable":true,"href":"https:\/\/blogopara.com.br\/index.php\/wp-json\/wp\/v2\/tags?post=14398"}],"curies":[{"name":"wp","href":"https:\/\/api.w.org\/{rel}","templated":true}]}}