{"id":14427,"date":"2020-09-21T07:53:01","date_gmt":"2020-09-21T10:53:01","guid":{"rendered":"http:\/\/blogopara.com.br\/?p=14427"},"modified":"2020-09-20T21:54:38","modified_gmt":"2020-09-21T00:54:38","slug":"juazeiro-targino-gondim-se-reune-com-a-direcao-estadual-do-cidadania","status":"publish","type":"post","link":"https:\/\/blogopara.com.br\/index.php\/2020\/09\/21\/juazeiro-targino-gondim-se-reune-com-a-direcao-estadual-do-cidadania","title":{"rendered":"Juazeiro: Targino Gondim se re\u00fane com a dire\u00e7\u00e3o estadual do Cidadania"},"content":{"rendered":"<p style=\"text-align: justify;\">Na \u00faltima sexta-feira (18) o candidato a vice-prefeito na chapa do coronel Anselmo Bispo, m\u00fasico e compositor, Targino Gordim, se reuniu com a dire\u00e7\u00e3o estadual do Partido Cidadania, o vereador em Salvador, Joceval Rodrigues, presidente estadual da legenda e atualmente suplente de Deputado Federal.<\/p>\n<blockquote>\n<h4><span style=\"color: #ff0000;\">&#8220;Encontro muito produtivo, temos muito trabalho pela frente!&#8221;, vereador Joceval Rodrigues<\/span><\/h4>\n<\/blockquote>\n<p style=\"text-align: justify;\">Para Targino Gondim, a visita fortalece a decis\u00e3o do partido de marchar com o coronel Anselmo Bispo, &#8221; a cada articula\u00e7\u00e3o, fortalecemos o projeto de renovar a politica de Juazeiro, e trazer esperan\u00e7as para as pessoas, que precisam de uma cidade mais inclusiva e democr\u00e1tica&#8221;.<\/p>\n<p style=\"text-align: justify;\">O cantor foi candidato em 2018 a deputado federal, e obteve mais de 12 mil votos, somente em Juazeiro ele obteve mais de 7 mil. &#8220;Mais de 12 mil amigos e amigas que depositaram nas urnas os seus sonhos para constru\u00e7\u00e3o de uma Bahia mais justa e um Brasil melhor&#8221;.<\/p>\n<p>Ascom Cidadania<\/p>\n","protected":false},"excerpt":{"rendered":"<p>Na \u00faltima sexta-feira (18) o candidato a vice-prefeito na chapa do coronel Anselmo Bispo, m\u00fasico e compositor, Targino Gordim, se reuniu com a dire\u00e7\u00e3o estadual do Partido Cidadania, o vereador em Salvador, Joceval Rodrigues, presidente estadual da legenda e atualmente suplente de Deputado Federal. &#8220;Encontro muito produtivo, temos muito trabalho pela frente!&#8221;, vereador Joceval Rodrigues [&hellip;]<\/p>\n","protected":false},"author":1,"featured_media":14431,"comment_status":"open","ping_status":"open","sticky":false,"template":"","format":"standard","meta":{"_uag_custom_page_level_css":"","_monsterinsights_skip_tracking":false,"_monsterinsights_sitenote_active":false,"_monsterinsights_sitenote_note":"","_monsterinsights_sitenote_category":0,"jetpack_post_was_ever_published":false,"_jetpack_newsletter_access":"","_jetpack_dont_email_post_to_subs":false,"_jetpack_newsletter_tier_id":0,"_jetpack_memberships_contains_paywalled_content":false,"_jetpack_memberships_contains_paid_content":false,"footnotes":"","jetpack_publicize_message":"","jetpack_publicize_feature_enabled":true,"jetpack_social_post_already_shared":true,"jetpack_social_options":{"image_generator_settings":{"template":"highway","default_image_id":0,"font":"","enabled":false},"version":2}},"categories":[203,197],"tags":[],"class_list":["post-14427","post","type-post","status-publish","format-standard","has-post-thumbnail","hentry","category-juazeiro","category-politica"],"jetpack_publicize_connections":[],"jetpack_featured_media_url":"https:\/\/blogopara.com.br\/wp-content\/uploads\/2020\/09\/119586237_3307096622716279_8205354153783782042_n.jpg","uagb_featured_image_src":{"full":["https:\/\/blogopara.com.br\/wp-content\/uploads\/2020\/09\/119586237_3307096622716279_8205354153783782042_n.jpg",400,300,false],"thumbnail":["https:\/\/blogopara.com.br\/wp-content\/uploads\/2020\/09\/119586237_3307096622716279_8205354153783782042_n-150x150.jpg",150,150,true],"medium":["https:\/\/blogopara.com.br\/wp-content\/uploads\/2020\/09\/119586237_3307096622716279_8205354153783782042_n-300x225.jpg",300,225,true],"medium_large":["https:\/\/blogopara.com.br\/wp-content\/uploads\/2020\/09\/119586237_3307096622716279_8205354153783782042_n.jpg",400,300,false],"large":["https:\/\/blogopara.com.br\/wp-content\/uploads\/2020\/09\/119586237_3307096622716279_8205354153783782042_n.jpg",400,300,false],"1536x1536":["https:\/\/blogopara.com.br\/wp-content\/uploads\/2020\/09\/119586237_3307096622716279_8205354153783782042_n.jpg",400,300,false],"2048x2048":["https:\/\/blogopara.com.br\/wp-content\/uploads\/2020\/09\/119586237_3307096622716279_8205354153783782042_n.jpg",400,300,false],"mantranews-slider-large":["https:\/\/blogopara.com.br\/wp-content\/uploads\/2020\/09\/119586237_3307096622716279_8205354153783782042_n.jpg",400,300,false],"mantranews-featured-medium":["https:\/\/blogopara.com.br\/wp-content\/uploads\/2020\/09\/119586237_3307096622716279_8205354153783782042_n.jpg",400,300,false],"mantranews-featured-long":["https:\/\/blogopara.com.br\/wp-content\/uploads\/2020\/09\/119586237_3307096622716279_8205354153783782042_n-300x300.jpg",300,300,true],"mantranews-block-medium":["https:\/\/blogopara.com.br\/wp-content\/uploads\/2020\/09\/119586237_3307096622716279_8205354153783782042_n-400x290.jpg",400,290,true],"mantranews-carousel-image":["https:\/\/blogopara.com.br\/wp-content\/uploads\/2020\/09\/119586237_3307096622716279_8205354153783782042_n.jpg",400,300,false],"mantranews-block-thumb":["https:\/\/blogopara.com.br\/wp-content\/uploads\/2020\/09\/119586237_3307096622716279_8205354153783782042_n-322x230.jpg",322,230,true],"mantranews-single-large":["https:\/\/blogopara.com.br\/wp-content\/uploads\/2020\/09\/119586237_3307096622716279_8205354153783782042_n.jpg",400,300,false]},"uagb_author_info":{"display_name":"Reda\u00e7\u00e3o geral","author_link":"https:\/\/blogopara.com.br\/index.php\/author\/blogopara"},"uagb_comment_info":0,"uagb_excerpt":"Na \u00faltima sexta-feira (18) o candidato a vice-prefeito na chapa do coronel Anselmo Bispo, m\u00fasico e compositor, Targino Gordim, se reuniu com a dire\u00e7\u00e3o estadual do Partido Cidadania, o vereador em Salvador, Joceval Rodrigues, presidente estadual da legenda e atualmente suplente de Deputado Federal. &#8220;Encontro muito produtivo, temos muito trabalho pela frente!&#8221;, vereador Joceval Rodrigues&hellip;","jetpack_sharing_enabled":true,"jetpack_likes_enabled":true,"_links":{"self":[{"href":"https:\/\/blogopara.com.br\/index.php\/wp-json\/wp\/v2\/posts\/14427","targetHints":{"allow":["GET"]}}],"collection":[{"href":"https:\/\/blogopara.com.br\/index.php\/wp-json\/wp\/v2\/posts"}],"about":[{"href":"https:\/\/blogopara.com.br\/index.php\/wp-json\/wp\/v2\/types\/post"}],"author":[{"embeddable":true,"href":"https:\/\/blogopara.com.br\/index.php\/wp-json\/wp\/v2\/users\/1"}],"replies":[{"embeddable":true,"href":"https:\/\/blogopara.com.br\/index.php\/wp-json\/wp\/v2\/comments?post=14427"}],"version-history":[{"count":3,"href":"https:\/\/blogopara.com.br\/index.php\/wp-json\/wp\/v2\/posts\/14427\/revisions"}],"predecessor-version":[{"id":14430,"href":"https:\/\/blogopara.com.br\/index.php\/wp-json\/wp\/v2\/posts\/14427\/revisions\/14430"}],"wp:featuredmedia":[{"embeddable":true,"href":"https:\/\/blogopara.com.br\/index.php\/wp-json\/wp\/v2\/media\/14431"}],"wp:attachment":[{"href":"https:\/\/blogopara.com.br\/index.php\/wp-json\/wp\/v2\/media?parent=14427"}],"wp:term":[{"taxonomy":"category","embeddable":true,"href":"https:\/\/blogopara.com.br\/index.php\/wp-json\/wp\/v2\/categories?post=14427"},{"taxonomy":"post_tag","embeddable":true,"href":"https:\/\/blogopara.com.br\/index.php\/wp-json\/wp\/v2\/tags?post=14427"}],"curies":[{"name":"wp","href":"https:\/\/api.w.org\/{rel}","templated":true}]}}