{"id":14447,"date":"2020-09-21T10:32:56","date_gmt":"2020-09-21T13:32:56","guid":{"rendered":"http:\/\/blogopara.com.br\/?p=14447"},"modified":"2020-09-21T10:35:57","modified_gmt":"2020-09-21T13:35:57","slug":"9-gbm-tem-plantao-movimentado-no-final-de-semana-em-juazeiro-e-regiao","status":"publish","type":"post","link":"https:\/\/blogopara.com.br\/index.php\/2020\/09\/21\/9-gbm-tem-plantao-movimentado-no-final-de-semana-em-juazeiro-e-regiao","title":{"rendered":"9\u00b0 GBM tem plant\u00e3o movimentado no final de semana em Juazeiro e regi\u00e3o"},"content":{"rendered":"<p style=\"text-align: justify;\">O m\u00eas de setembro tem sido marcado pelos ataques de abelhas e pelas queimadas em Juazeiro (BA) e regi\u00e3o Sanfranciscana. S\u00f3 neste domingo (20) o 9\u00b0 GBM (Grupamento de Bombeiro Militar) em Juazeiro respondeu a sete chamadas de ambas as ocorr\u00eancias segundo o Tenente Coronel Tarc\u00edsio Ribeiro Comandante do Corpo de Bombeiros da cidade.<\/p>\n<p style=\"text-align: justify;\">Ele criticou o manejo inadequado do fogo por parte de alguns sertanejos \u201co que tem haver \u00e9 o bom senso e responsabilidades de alguns sertanejos em manipular com fogo nessa caatinga seca, sem nenhuma habilidade para tal\u201d.<\/p>\n<p style=\"text-align: justify;\">O comandante tamb\u00e9m revelou a a\u00e7\u00e3o irrespons\u00e1vel de algumas pessoas na zona rural de Casa Nova \u201ctivemos ocorr\u00eancia de inc\u00eandio no povoado de Belmonte, interior de casa nova, mas j\u00e1 recebi a informa\u00e7\u00e3o que o fogo foi controlado, not\u00edcia dada pelo secret\u00e1rio de Meio Ambiente de Casa Nova. Fogos de artif\u00edcio em pleno cemit\u00e9rio, pasmem!\u201d<\/p>\n<p style=\"text-align: justify;\">O GBM confirmou o registro de ocorr\u00eancias somente neste domingo (20) na regi\u00e3o de Juazeiro:<\/p>\n<p style=\"text-align: justify;\">Informo que houve (07) sete registros de ocorr\u00eancia do dia 20\/09\/2020 p\/ 21\/09\/2020.<\/p>\n<p style=\"text-align: justify;\">1) Por volta das 09:00h, busca de afogado no rio S\u00e3o Francisco;<\/p>\n<p style=\"text-align: justify;\">2)Por volta das 11:00h, inc\u00eandio em um ve\u00edculo UNO na rua Raul Alves pr\u00f3ximo as Americanas;<\/p>\n<p style=\"text-align: justify;\">3) Por volta das 12:35h, inc\u00eandio numa fazenda no Projeto Senador Nilo Coelho, em Casa Nova:<\/p>\n<p style=\"text-align: justify;\">4) Por volta das 15:20h, inc\u00eandio em vegeta\u00e7\u00e3o no Campo dos Cavalos na fazenda Santa Rita;<\/p>\n<p style=\"text-align: justify;\">5) Por volta das 16:40h, isolamento de \u00e1rea com abelhas na pra\u00e7a Sim\u00f5es Filho;<\/p>\n<p style=\"text-align: justify;\">6) Por volta das 16:50h, isolamento de abelhas na rua Rio Branco no Angarys;<\/p>\n<p style=\"text-align: justify;\">7) Por volta das 17:10h, inc\u00eandio em pneus na \u00e1rea antiga do Posto Angary.<\/p>\n<p style=\"text-align: justify;\">Fonte de informa\u00e7\u00f5es: RedeGN<\/p>\n","protected":false},"excerpt":{"rendered":"<p>O m\u00eas de setembro tem sido marcado pelos ataques de abelhas e pelas queimadas em Juazeiro (BA) e regi\u00e3o Sanfranciscana. S\u00f3 neste domingo (20) o 9\u00b0 GBM (Grupamento de Bombeiro Militar) em Juazeiro respondeu a sete chamadas de ambas as ocorr\u00eancias segundo o Tenente Coronel Tarc\u00edsio Ribeiro Comandante do Corpo de Bombeiros da cidade. Ele [&hellip;]<\/p>\n","protected":false},"author":1,"featured_media":14448,"comment_status":"open","ping_status":"open","sticky":false,"template":"","format":"standard","meta":{"_uag_custom_page_level_css":"","_monsterinsights_skip_tracking":false,"_monsterinsights_sitenote_active":false,"_monsterinsights_sitenote_note":"","_monsterinsights_sitenote_category":0,"jetpack_post_was_ever_published":false,"_jetpack_newsletter_access":"","_jetpack_dont_email_post_to_subs":false,"_jetpack_newsletter_tier_id":0,"_jetpack_memberships_contains_paywalled_content":false,"_jetpack_memberships_contains_paid_content":false,"footnotes":"","jetpack_publicize_message":"","jetpack_publicize_feature_enabled":true,"jetpack_social_post_already_shared":true,"jetpack_social_options":{"image_generator_settings":{"template":"highway","default_image_id":0,"font":"","enabled":false},"version":2}},"categories":[201,203],"tags":[],"class_list":["post-14447","post","type-post","status-publish","format-standard","has-post-thumbnail","hentry","category-bombeiro","category-juazeiro"],"jetpack_publicize_connections":[],"jetpack_featured_media_url":"https:\/\/blogopara.com.br\/wp-content\/uploads\/2020\/09\/salitreecasanova.jpg","uagb_featured_image_src":{"full":["https:\/\/blogopara.com.br\/wp-content\/uploads\/2020\/09\/salitreecasanova.jpg",500,285,false],"thumbnail":["https:\/\/blogopara.com.br\/wp-content\/uploads\/2020\/09\/salitreecasanova-150x150.jpg",150,150,true],"medium":["https:\/\/blogopara.com.br\/wp-content\/uploads\/2020\/09\/salitreecasanova-300x171.jpg",300,171,true],"medium_large":["https:\/\/blogopara.com.br\/wp-content\/uploads\/2020\/09\/salitreecasanova.jpg",500,285,false],"large":["https:\/\/blogopara.com.br\/wp-content\/uploads\/2020\/09\/salitreecasanova.jpg",500,285,false],"1536x1536":["https:\/\/blogopara.com.br\/wp-content\/uploads\/2020\/09\/salitreecasanova.jpg",500,285,false],"2048x2048":["https:\/\/blogopara.com.br\/wp-content\/uploads\/2020\/09\/salitreecasanova.jpg",500,285,false],"mantranews-slider-large":["https:\/\/blogopara.com.br\/wp-content\/uploads\/2020\/09\/salitreecasanova.jpg",500,285,false],"mantranews-featured-medium":["https:\/\/blogopara.com.br\/wp-content\/uploads\/2020\/09\/salitreecasanova-420x285.jpg",420,285,true],"mantranews-featured-long":["https:\/\/blogopara.com.br\/wp-content\/uploads\/2020\/09\/salitreecasanova-300x285.jpg",300,285,true],"mantranews-block-medium":["https:\/\/blogopara.com.br\/wp-content\/uploads\/2020\/09\/salitreecasanova-464x285.jpg",464,285,true],"mantranews-carousel-image":["https:\/\/blogopara.com.br\/wp-content\/uploads\/2020\/09\/salitreecasanova.jpg",500,285,false],"mantranews-block-thumb":["https:\/\/blogopara.com.br\/wp-content\/uploads\/2020\/09\/salitreecasanova-322x230.jpg",322,230,true],"mantranews-single-large":["https:\/\/blogopara.com.br\/wp-content\/uploads\/2020\/09\/salitreecasanova.jpg",500,285,false]},"uagb_author_info":{"display_name":"Reda\u00e7\u00e3o geral","author_link":"https:\/\/blogopara.com.br\/index.php\/author\/blogopara"},"uagb_comment_info":0,"uagb_excerpt":"O m\u00eas de setembro tem sido marcado pelos ataques de abelhas e pelas queimadas em Juazeiro (BA) e regi\u00e3o Sanfranciscana. S\u00f3 neste domingo (20) o 9\u00b0 GBM (Grupamento de Bombeiro Militar) em Juazeiro respondeu a sete chamadas de ambas as ocorr\u00eancias segundo o Tenente Coronel Tarc\u00edsio Ribeiro Comandante do Corpo de Bombeiros da cidade. Ele&hellip;","jetpack_sharing_enabled":true,"jetpack_likes_enabled":true,"_links":{"self":[{"href":"https:\/\/blogopara.com.br\/index.php\/wp-json\/wp\/v2\/posts\/14447","targetHints":{"allow":["GET"]}}],"collection":[{"href":"https:\/\/blogopara.com.br\/index.php\/wp-json\/wp\/v2\/posts"}],"about":[{"href":"https:\/\/blogopara.com.br\/index.php\/wp-json\/wp\/v2\/types\/post"}],"author":[{"embeddable":true,"href":"https:\/\/blogopara.com.br\/index.php\/wp-json\/wp\/v2\/users\/1"}],"replies":[{"embeddable":true,"href":"https:\/\/blogopara.com.br\/index.php\/wp-json\/wp\/v2\/comments?post=14447"}],"version-history":[{"count":3,"href":"https:\/\/blogopara.com.br\/index.php\/wp-json\/wp\/v2\/posts\/14447\/revisions"}],"predecessor-version":[{"id":14451,"href":"https:\/\/blogopara.com.br\/index.php\/wp-json\/wp\/v2\/posts\/14447\/revisions\/14451"}],"wp:featuredmedia":[{"embeddable":true,"href":"https:\/\/blogopara.com.br\/index.php\/wp-json\/wp\/v2\/media\/14448"}],"wp:attachment":[{"href":"https:\/\/blogopara.com.br\/index.php\/wp-json\/wp\/v2\/media?parent=14447"}],"wp:term":[{"taxonomy":"category","embeddable":true,"href":"https:\/\/blogopara.com.br\/index.php\/wp-json\/wp\/v2\/categories?post=14447"},{"taxonomy":"post_tag","embeddable":true,"href":"https:\/\/blogopara.com.br\/index.php\/wp-json\/wp\/v2\/tags?post=14447"}],"curies":[{"name":"wp","href":"https:\/\/api.w.org\/{rel}","templated":true}]}}