{"id":14469,"date":"2020-09-22T10:34:11","date_gmt":"2020-09-22T13:34:11","guid":{"rendered":"http:\/\/blogopara.com.br\/?p=14469"},"modified":"2020-09-22T10:34:18","modified_gmt":"2020-09-22T13:34:18","slug":"juazeiro-advogados-da-regiao-ganham-processo-que-reintegra-servidora-da-uneb-em-juazeiro","status":"publish","type":"post","link":"https:\/\/blogopara.com.br\/index.php\/2020\/09\/22\/juazeiro-advogados-da-regiao-ganham-processo-que-reintegra-servidora-da-uneb-em-juazeiro","title":{"rendered":"Juazeiro: Advogados da regi\u00e3o ganham processo que reintegra servidora da Uneb em Juazeiro"},"content":{"rendered":"<p style=\"text-align: justify;\">Um processo movido pelos advogados Jo\u00e3o V\u00edtor Medrado e Gabriela Dantas, que atuam na regi\u00e3o de Juazeiro e Petrolina, repercutiu na grande m\u00eddia da capital baiana e deve obrigar o Governo do estado a reintegrar uma servidora da UNEB e ainda pagar uma verba indenizat\u00f3ria da ordem de R$ 50 mil.<\/p>\n<p style=\"text-align: justify;\">De acordo com publica\u00e7\u00e3o de ve\u00edculos da capital, incluindo o site 25 horas, de Salvador, a senten\u00e7a de reintegra\u00e7\u00e3o da servidora, que havia sido exonerada sob a acusa\u00e7\u00e3o de ac\u00famulo de cargos, foi mantida pelo Tribunal de Justi\u00e7a da Bahia.<\/p>\n<p style=\"text-align: justify;\">\u201c<em>A Terceira C\u00e2mara C\u00edvel do TJ-BA entendeu que a servidora tem a situa\u00e7\u00e3o regularizada e n\u00e3o foi notificada para realizar op\u00e7\u00e3o de escolha entre os cargos. No decorrer do processo, relatos de testemunhas foram suficientes para provar o car\u00e1ter exemplar da profissional por assiduidade, pontualidade e desenvolvimento de atividade com rigor<\/em>\u201d, anotaram.<\/p>\n<p style=\"text-align: justify;\">Na defesa os advogados Jo\u00e3o Victor Medrado e Gabriela Dantas, defenderam que n\u00e3o houve medidas suficientes para decreta\u00e7\u00e3o da ilegalidade do ato administrativo para manter a demiss\u00e3o da servidora, informando ainda que pesou na decis\u00e3o o fato da cliente ter excelentes antecedentes nas suas fun\u00e7\u00f5es: \u201c<em>A cliente ao longo de 28 anos efetivos de servi\u00e7o p\u00fablico, nunca sofreu nenhuma penalidade administrativa por falta ao servi\u00e7o ou por neglig\u00eancia nas atividades de suas fun\u00e7\u00f5es\u201d,\u00a0<\/em>relatou.<\/p>\n<p style=\"text-align: justify;\">A servidora, que atuava como servente de limpeza na Universidade do Estado da Bahia (Uneb), al\u00e9m de ter seu cargo devolvido, dever\u00e1 receber indeniza\u00e7\u00e3o no valor de R$ 50 mil referente\u00a0as remunera\u00e7\u00f5es para cobrir o per\u00edodo de afastamento e honor\u00e1rios sucumbenciais.<\/p>\n<p style=\"text-align: justify;\">Fonte: Bahia 25 horas<\/p>\n","protected":false},"excerpt":{"rendered":"<p>Um processo movido pelos advogados Jo\u00e3o V\u00edtor Medrado e Gabriela Dantas, que atuam na regi\u00e3o de Juazeiro e Petrolina, repercutiu na grande m\u00eddia da capital baiana e deve obrigar o Governo do estado a reintegrar uma servidora da UNEB e ainda pagar uma verba indenizat\u00f3ria da ordem de R$ 50 mil. De acordo com publica\u00e7\u00e3o [&hellip;]<\/p>\n","protected":false},"author":1,"featured_media":14470,"comment_status":"open","ping_status":"open","sticky":false,"template":"","format":"standard","meta":{"_uag_custom_page_level_css":"","_monsterinsights_skip_tracking":false,"_monsterinsights_sitenote_active":false,"_monsterinsights_sitenote_note":"","_monsterinsights_sitenote_category":0,"jetpack_post_was_ever_published":false,"_jetpack_newsletter_access":"","_jetpack_dont_email_post_to_subs":false,"_jetpack_newsletter_tier_id":0,"_jetpack_memberships_contains_paywalled_content":false,"_jetpack_memberships_contains_paid_content":false,"footnotes":"","jetpack_publicize_message":"","jetpack_publicize_feature_enabled":true,"jetpack_social_post_already_shared":true,"jetpack_social_options":{"image_generator_settings":{"template":"highway","default_image_id":0,"font":"","enabled":false},"version":2}},"categories":[203,204],"tags":[],"class_list":["post-14469","post","type-post","status-publish","format-standard","has-post-thumbnail","hentry","category-juazeiro","category-social"],"jetpack_publicize_connections":[],"jetpack_featured_media_url":"https:\/\/blogopara.com.br\/wp-content\/uploads\/2020\/09\/joao-vitor-e-gabriela.jpg","uagb_featured_image_src":{"full":["https:\/\/blogopara.com.br\/wp-content\/uploads\/2020\/09\/joao-vitor-e-gabriela.jpg",500,500,false],"thumbnail":["https:\/\/blogopara.com.br\/wp-content\/uploads\/2020\/09\/joao-vitor-e-gabriela-150x150.jpg",150,150,true],"medium":["https:\/\/blogopara.com.br\/wp-content\/uploads\/2020\/09\/joao-vitor-e-gabriela-300x300.jpg",300,300,true],"medium_large":["https:\/\/blogopara.com.br\/wp-content\/uploads\/2020\/09\/joao-vitor-e-gabriela.jpg",500,500,false],"large":["https:\/\/blogopara.com.br\/wp-content\/uploads\/2020\/09\/joao-vitor-e-gabriela.jpg",500,500,false],"1536x1536":["https:\/\/blogopara.com.br\/wp-content\/uploads\/2020\/09\/joao-vitor-e-gabriela.jpg",500,500,false],"2048x2048":["https:\/\/blogopara.com.br\/wp-content\/uploads\/2020\/09\/joao-vitor-e-gabriela.jpg",500,500,false],"mantranews-slider-large":["https:\/\/blogopara.com.br\/wp-content\/uploads\/2020\/09\/joao-vitor-e-gabriela.jpg",500,500,false],"mantranews-featured-medium":["https:\/\/blogopara.com.br\/wp-content\/uploads\/2020\/09\/joao-vitor-e-gabriela-420x307.jpg",420,307,true],"mantranews-featured-long":["https:\/\/blogopara.com.br\/wp-content\/uploads\/2020\/09\/joao-vitor-e-gabriela-300x443.jpg",300,443,true],"mantranews-block-medium":["https:\/\/blogopara.com.br\/wp-content\/uploads\/2020\/09\/joao-vitor-e-gabriela-464x290.jpg",464,290,true],"mantranews-carousel-image":["https:\/\/blogopara.com.br\/wp-content\/uploads\/2020\/09\/joao-vitor-e-gabriela.jpg",500,500,false],"mantranews-block-thumb":["https:\/\/blogopara.com.br\/wp-content\/uploads\/2020\/09\/joao-vitor-e-gabriela-322x230.jpg",322,230,true],"mantranews-single-large":["https:\/\/blogopara.com.br\/wp-content\/uploads\/2020\/09\/joao-vitor-e-gabriela.jpg",500,500,false]},"uagb_author_info":{"display_name":"Reda\u00e7\u00e3o geral","author_link":"https:\/\/blogopara.com.br\/index.php\/author\/blogopara"},"uagb_comment_info":0,"uagb_excerpt":"Um processo movido pelos advogados Jo\u00e3o V\u00edtor Medrado e Gabriela Dantas, que atuam na regi\u00e3o de Juazeiro e Petrolina, repercutiu na grande m\u00eddia da capital baiana e deve obrigar o Governo do estado a reintegrar uma servidora da UNEB e ainda pagar uma verba indenizat\u00f3ria da ordem de R$ 50 mil. De acordo com publica\u00e7\u00e3o&hellip;","jetpack_sharing_enabled":true,"jetpack_likes_enabled":true,"_links":{"self":[{"href":"https:\/\/blogopara.com.br\/index.php\/wp-json\/wp\/v2\/posts\/14469","targetHints":{"allow":["GET"]}}],"collection":[{"href":"https:\/\/blogopara.com.br\/index.php\/wp-json\/wp\/v2\/posts"}],"about":[{"href":"https:\/\/blogopara.com.br\/index.php\/wp-json\/wp\/v2\/types\/post"}],"author":[{"embeddable":true,"href":"https:\/\/blogopara.com.br\/index.php\/wp-json\/wp\/v2\/users\/1"}],"replies":[{"embeddable":true,"href":"https:\/\/blogopara.com.br\/index.php\/wp-json\/wp\/v2\/comments?post=14469"}],"version-history":[{"count":1,"href":"https:\/\/blogopara.com.br\/index.php\/wp-json\/wp\/v2\/posts\/14469\/revisions"}],"predecessor-version":[{"id":14471,"href":"https:\/\/blogopara.com.br\/index.php\/wp-json\/wp\/v2\/posts\/14469\/revisions\/14471"}],"wp:featuredmedia":[{"embeddable":true,"href":"https:\/\/blogopara.com.br\/index.php\/wp-json\/wp\/v2\/media\/14470"}],"wp:attachment":[{"href":"https:\/\/blogopara.com.br\/index.php\/wp-json\/wp\/v2\/media?parent=14469"}],"wp:term":[{"taxonomy":"category","embeddable":true,"href":"https:\/\/blogopara.com.br\/index.php\/wp-json\/wp\/v2\/categories?post=14469"},{"taxonomy":"post_tag","embeddable":true,"href":"https:\/\/blogopara.com.br\/index.php\/wp-json\/wp\/v2\/tags?post=14469"}],"curies":[{"name":"wp","href":"https:\/\/api.w.org\/{rel}","templated":true}]}}