{"id":14586,"date":"2020-09-26T13:04:25","date_gmt":"2020-09-26T16:04:25","guid":{"rendered":"http:\/\/blogopara.com.br\/?p=14586"},"modified":"2020-09-25T18:06:38","modified_gmt":"2020-09-25T21:06:38","slug":"governador-anuncia-liberacao-do-transporte-coletivo-intermunicipal-em-todo-o-estado","status":"publish","type":"post","link":"https:\/\/blogopara.com.br\/index.php\/2020\/09\/26\/governador-anuncia-liberacao-do-transporte-coletivo-intermunicipal-em-todo-o-estado","title":{"rendered":"Governador anuncia libera\u00e7\u00e3o do transporte coletivo intermunicipal em todo o estado"},"content":{"rendered":"<p style=\"text-align: justify;\">Durante agenda em Porto Seguro na manh\u00e3 desta sexta-feira (25), o governador Rui Costa anunciou que vai autorizar a retomada do transporte coletivo intermunicipal, a partir da pr\u00f3xima segunda-feira (28), em 114 cidades do Sul, Extremo Sul e parte do Sudoeste. Com esta decis\u00e3o, que ser\u00e1 publicada na edi\u00e7\u00e3o de s\u00e1bado (26) do Di\u00e1rio Oficial, todos os 417 munic\u00edpios baianos poder\u00e3o reabrir os terminais rodovi\u00e1rios.<\/p>\n<p style=\"text-align: justify;\">Apesar da autoriza\u00e7\u00e3o, concedida devido \u00e0 redu\u00e7\u00e3o dos casos de contamina\u00e7\u00e3o da Covid-19 e desocupa\u00e7\u00e3o dos leitos nas regi\u00f5es, o governador salientou a import\u00e2ncia de preservar as medidas de seguran\u00e7a necess\u00e1rias, tais como uso de m\u00e1scaras, medi\u00e7\u00e3o de temperatura dos funcion\u00e1rios e passageiros, ocupa\u00e7\u00e3o de at\u00e9 50% da capacidade, entre outras provid\u00eancias. &#8220;Eu, infelizmente, tenho percebido que, com o decr\u00e9scimo dos n\u00fameros, muita gente vem relaxando. Um m\u00eas, dois meses atr\u00e1s, n\u00f3s, praticamente, n\u00e3o v\u00edamos ningu\u00e9m na rua sem m\u00e1scara. Hoje j\u00e1 vemos em algumas cidades da Bahia&#8221;, alerta o governador.<\/p>\n<p style=\"text-align: justify;\">De acordo com o secret\u00e1rio de infraestrutura do Estado, Marcus Cavalcanti, os protocolos s\u00e3o imprescind\u00edveis para a libera\u00e7\u00e3o gradativa do servi\u00e7o at\u00e9 sua totalidade. &#8220;N\u00f3s avaliamos semanalmente, junto com o secret\u00e1rio da Sa\u00fade, como se comporta a dissemina\u00e7\u00e3o do coronav\u00edrus em fun\u00e7\u00e3o da libera\u00e7\u00e3o do transporte. N\u00e3o tendo um impacto negativo, vamos ampliar, inicialmente, para 70% a capacidade, mas isso ainda ser\u00e1 no m\u00eas de outubro&#8221;.<\/p>\n<p style=\"text-align: justify;\">Os outros 303 munic\u00edpios, pertencentes a seis das nove macrorregi\u00f5es de sa\u00fade do estado da Bahia, tiveram o transporte coletivo intermunicipal liberado desde o dia 14 deste m\u00eas.<\/p>\n<p style=\"text-align: justify;\">Em Porto Seguro, o governador entregou, nesta sexta (25), obras de pavimenta\u00e7\u00e3o, inaugurou uma creche e assinou ordem de servi\u00e7o para constru\u00e7\u00e3o e reforma de pra\u00e7as p\u00fablicas. Em seguida, Rui Costa seguiu para Eun\u00e1polis onde visitou obras da Policl\u00ednica Regional de Sa\u00fade e participou da inaugura\u00e7\u00e3o de uma creche, do Complexo Esportivo Itamar Seixas e da Pra\u00e7a do Esporte e Cultura.<\/p>\n","protected":false},"excerpt":{"rendered":"<p>Durante agenda em Porto Seguro na manh\u00e3 desta sexta-feira (25), o governador Rui Costa anunciou que vai autorizar a retomada do transporte coletivo intermunicipal, a partir da pr\u00f3xima segunda-feira (28), em 114 cidades do Sul, Extremo Sul e parte do Sudoeste. Com esta decis\u00e3o, que ser\u00e1 publicada na edi\u00e7\u00e3o de s\u00e1bado (26) do Di\u00e1rio Oficial, [&hellip;]<\/p>\n","protected":false},"author":1,"featured_media":14587,"comment_status":"open","ping_status":"open","sticky":false,"template":"","format":"standard","meta":{"_uag_custom_page_level_css":"","_monsterinsights_skip_tracking":false,"_monsterinsights_sitenote_active":false,"_monsterinsights_sitenote_note":"","_monsterinsights_sitenote_category":0,"jetpack_post_was_ever_published":false,"_jetpack_newsletter_access":"","_jetpack_dont_email_post_to_subs":false,"_jetpack_newsletter_tier_id":0,"_jetpack_memberships_contains_paywalled_content":false,"_jetpack_memberships_contains_paid_content":false,"footnotes":"","jetpack_publicize_message":"","jetpack_publicize_feature_enabled":true,"jetpack_social_post_already_shared":true,"jetpack_social_options":{"image_generator_settings":{"template":"highway","default_image_id":0,"font":"","enabled":false},"version":2}},"categories":[199,197],"tags":[],"class_list":["post-14586","post","type-post","status-publish","format-standard","has-post-thumbnail","hentry","category-bahia","category-politica"],"jetpack_publicize_connections":[],"jetpack_featured_media_url":"https:\/\/blogopara.com.br\/wp-content\/uploads\/2020\/09\/1-174.jpg","uagb_featured_image_src":{"full":["https:\/\/blogopara.com.br\/wp-content\/uploads\/2020\/09\/1-174.jpg",500,350,false],"thumbnail":["https:\/\/blogopara.com.br\/wp-content\/uploads\/2020\/09\/1-174-150x150.jpg",150,150,true],"medium":["https:\/\/blogopara.com.br\/wp-content\/uploads\/2020\/09\/1-174-300x210.jpg",300,210,true],"medium_large":["https:\/\/blogopara.com.br\/wp-content\/uploads\/2020\/09\/1-174.jpg",500,350,false],"large":["https:\/\/blogopara.com.br\/wp-content\/uploads\/2020\/09\/1-174.jpg",500,350,false],"1536x1536":["https:\/\/blogopara.com.br\/wp-content\/uploads\/2020\/09\/1-174.jpg",500,350,false],"2048x2048":["https:\/\/blogopara.com.br\/wp-content\/uploads\/2020\/09\/1-174.jpg",500,350,false],"mantranews-slider-large":["https:\/\/blogopara.com.br\/wp-content\/uploads\/2020\/09\/1-174.jpg",500,350,false],"mantranews-featured-medium":["https:\/\/blogopara.com.br\/wp-content\/uploads\/2020\/09\/1-174-420x307.jpg",420,307,true],"mantranews-featured-long":["https:\/\/blogopara.com.br\/wp-content\/uploads\/2020\/09\/1-174-300x350.jpg",300,350,true],"mantranews-block-medium":["https:\/\/blogopara.com.br\/wp-content\/uploads\/2020\/09\/1-174-464x290.jpg",464,290,true],"mantranews-carousel-image":["https:\/\/blogopara.com.br\/wp-content\/uploads\/2020\/09\/1-174.jpg",500,350,false],"mantranews-block-thumb":["https:\/\/blogopara.com.br\/wp-content\/uploads\/2020\/09\/1-174-322x230.jpg",322,230,true],"mantranews-single-large":["https:\/\/blogopara.com.br\/wp-content\/uploads\/2020\/09\/1-174.jpg",500,350,false]},"uagb_author_info":{"display_name":"Reda\u00e7\u00e3o geral","author_link":"https:\/\/blogopara.com.br\/index.php\/author\/blogopara"},"uagb_comment_info":0,"uagb_excerpt":"Durante agenda em Porto Seguro na manh\u00e3 desta sexta-feira (25), o governador Rui Costa anunciou que vai autorizar a retomada do transporte coletivo intermunicipal, a partir da pr\u00f3xima segunda-feira (28), em 114 cidades do Sul, Extremo Sul e parte do Sudoeste. Com esta decis\u00e3o, que ser\u00e1 publicada na edi\u00e7\u00e3o de s\u00e1bado (26) do Di\u00e1rio Oficial,&hellip;","jetpack_sharing_enabled":true,"jetpack_likes_enabled":true,"_links":{"self":[{"href":"https:\/\/blogopara.com.br\/index.php\/wp-json\/wp\/v2\/posts\/14586","targetHints":{"allow":["GET"]}}],"collection":[{"href":"https:\/\/blogopara.com.br\/index.php\/wp-json\/wp\/v2\/posts"}],"about":[{"href":"https:\/\/blogopara.com.br\/index.php\/wp-json\/wp\/v2\/types\/post"}],"author":[{"embeddable":true,"href":"https:\/\/blogopara.com.br\/index.php\/wp-json\/wp\/v2\/users\/1"}],"replies":[{"embeddable":true,"href":"https:\/\/blogopara.com.br\/index.php\/wp-json\/wp\/v2\/comments?post=14586"}],"version-history":[{"count":1,"href":"https:\/\/blogopara.com.br\/index.php\/wp-json\/wp\/v2\/posts\/14586\/revisions"}],"predecessor-version":[{"id":14588,"href":"https:\/\/blogopara.com.br\/index.php\/wp-json\/wp\/v2\/posts\/14586\/revisions\/14588"}],"wp:featuredmedia":[{"embeddable":true,"href":"https:\/\/blogopara.com.br\/index.php\/wp-json\/wp\/v2\/media\/14587"}],"wp:attachment":[{"href":"https:\/\/blogopara.com.br\/index.php\/wp-json\/wp\/v2\/media?parent=14586"}],"wp:term":[{"taxonomy":"category","embeddable":true,"href":"https:\/\/blogopara.com.br\/index.php\/wp-json\/wp\/v2\/categories?post=14586"},{"taxonomy":"post_tag","embeddable":true,"href":"https:\/\/blogopara.com.br\/index.php\/wp-json\/wp\/v2\/tags?post=14586"}],"curies":[{"name":"wp","href":"https:\/\/api.w.org\/{rel}","templated":true}]}}