{"id":14639,"date":"2020-09-28T14:51:22","date_gmt":"2020-09-28T17:51:22","guid":{"rendered":"http:\/\/blogopara.com.br\/?p=14639"},"modified":"2020-09-28T14:51:26","modified_gmt":"2020-09-28T17:51:26","slug":"exclusivo-justica-suspende-todos-os-processos-seletivos-da-prefeitura-de-juazeiro","status":"publish","type":"post","link":"https:\/\/blogopara.com.br\/index.php\/2020\/09\/28\/exclusivo-justica-suspende-todos-os-processos-seletivos-da-prefeitura-de-juazeiro","title":{"rendered":"Exclusivo: Justi\u00e7a suspende todos os Processos Seletivos da prefeitura de Juazeiro"},"content":{"rendered":"<p style=\"text-align: justify;\">A justi\u00e7a n\u00e3o tarda, chega na hora certa. Para aqueles que nunca acreditaram que seria poss\u00edvel a justi\u00e7a abrir os olhos para essa aberra\u00e7\u00e3o administrativa que tem causado tantos danos ao munic\u00edpio, chegou a hora de comemorar. O juiz da Fazenda P\u00fablica de Juazeiro, Jos\u00e9 G\u00f3es Filho, acatou o pedido para a suspen\u00e7\u00e3o de todos os Processos Seletivos Simplificados realizados pela Prefeitura, ao longo de todo o ano de 2020.<\/p>\n<p style=\"text-align: justify;\">A A\u00e7\u00e3o Popular impetrada pelos advogados Jorge Luiz Queiroz e Pedro Cordeiro questiona o fato da atual gest\u00e3o est\u00e1 por findar-se em 31 de dezembro de 2020, estranhamente abre um processo seletivo para contrata\u00e7\u00e3o de m\u00e3o de obra especifica, com prazo de dura\u00e7\u00e3o de dois (02) anos prorrog\u00e1veis por igual per\u00edodo. &#8220;\u00c9 intuitivo que contrata\u00e7\u00e3o tempor\u00e1ria deve obedecer a uma excepcionalidade comprovada, sob pena de burla a dispositivo constitucional . Nos demais casos, a dura\u00e7\u00e3o cont\u00ednua e prolongada mostra-se excessiva e escapa a transitoriedade elementar, inculcando o provimento de cargo ou emprego p\u00fablico por concurso p\u00fablico.<\/p>\n<p style=\"text-align: justify;\">No despacho da decis\u00e3o, o juiz argumento que &#8220;Diante do exposto e das provas carreadas aos autos bem assim da exposi\u00e7\u00e3o sum\u00e1ria do direito amea\u00e7ado e o receio da les\u00e3o, o que leva a conclus\u00e3o da presen\u00e7a dos requisitos autorizadores da concess\u00e3o da medida cautelar consubstanciada como o fumus boni iuris e o periculum in mora, e, com fundamento no \u00a74\u00ba do Art. 5\u00ba da Lei da A\u00e7\u00e3o Popular c\/c o Art. 300, \u00a7 2\u00ba, do CPC, DEFIRO A LIMINAR PERQUIRIDA para determinar ao R\u00e9u que suspenda os efeitos do Edital 03\/2020 em raz\u00e3o da viola\u00e7\u00e3o ao artigo 37,II da CF\/88, em raz\u00e3o da veda\u00e7\u00e3o legal imposta pelo artigo 21 da Lei de Responsabilidade fiscal, pela aus\u00eancia no referido edital da comprova\u00e7\u00e3o da real necessidade das referidas contrata\u00e7\u00f5es , da aus\u00eancia no edital de especifica\u00e7\u00e3o dos crit\u00e9rios objetivos de avalia\u00e7\u00e3o e aprova\u00e7\u00e3o dos candidatos no processo seletivo simplificado e que o munic\u00edpio se abstenha de realizar novas contrata\u00e7\u00f5es tempor\u00e1rias ate a realiza\u00e7\u00e3o do pleito eleitoral municipal de 2020, ate ulterior delibera\u00e7\u00e3o desse Ju\u00edzo, sob pena de multa di\u00e1ria de R$ 5.000,00, limitando o seu valor a R$ 100.000,00; crime de desobedi\u00eancia e responsabilidade a quem respectivamente couber e pagamento de multa de at\u00e9 20% do valor da causa&#8221;.<\/p>\n<p>Confira a decis\u00e3o:<\/p>\n<p><a href=\"https:\/\/blogopara.com.br\/wp-content\/uploads\/2020\/09\/Decisao-contratos.pdf\">Decis\u00e3o contratos<\/a><\/p>\n","protected":false},"excerpt":{"rendered":"<p>A justi\u00e7a n\u00e3o tarda, chega na hora certa. Para aqueles que nunca acreditaram que seria poss\u00edvel a justi\u00e7a abrir os olhos para essa aberra\u00e7\u00e3o administrativa que tem causado tantos danos ao munic\u00edpio, chegou a hora de comemorar. O juiz da Fazenda P\u00fablica de Juazeiro, Jos\u00e9 G\u00f3es Filho, acatou o pedido para a suspen\u00e7\u00e3o de todos [&hellip;]<\/p>\n","protected":false},"author":1,"featured_media":14642,"comment_status":"open","ping_status":"open","sticky":false,"template":"","format":"standard","meta":{"_uag_custom_page_level_css":"","_monsterinsights_skip_tracking":false,"_monsterinsights_sitenote_active":false,"_monsterinsights_sitenote_note":"","_monsterinsights_sitenote_category":0,"jetpack_post_was_ever_published":false,"_jetpack_newsletter_access":"","_jetpack_dont_email_post_to_subs":false,"_jetpack_newsletter_tier_id":0,"_jetpack_memberships_contains_paywalled_content":false,"_jetpack_memberships_contains_paid_content":false,"footnotes":"","jetpack_publicize_message":"","jetpack_publicize_feature_enabled":true,"jetpack_social_post_already_shared":true,"jetpack_social_options":{"image_generator_settings":{"template":"highway","default_image_id":0,"font":"","enabled":false},"version":2}},"categories":[203,197],"tags":[],"class_list":["post-14639","post","type-post","status-publish","format-standard","has-post-thumbnail","hentry","category-juazeiro","category-politica"],"jetpack_publicize_connections":[],"jetpack_featured_media_url":"https:\/\/blogopara.com.br\/wp-content\/uploads\/2020\/09\/paco6.jpg","uagb_featured_image_src":{"full":["https:\/\/blogopara.com.br\/wp-content\/uploads\/2020\/09\/paco6.jpg",500,325,false],"thumbnail":["https:\/\/blogopara.com.br\/wp-content\/uploads\/2020\/09\/paco6-150x150.jpg",150,150,true],"medium":["https:\/\/blogopara.com.br\/wp-content\/uploads\/2020\/09\/paco6-300x195.jpg",300,195,true],"medium_large":["https:\/\/blogopara.com.br\/wp-content\/uploads\/2020\/09\/paco6.jpg",500,325,false],"large":["https:\/\/blogopara.com.br\/wp-content\/uploads\/2020\/09\/paco6.jpg",500,325,false],"1536x1536":["https:\/\/blogopara.com.br\/wp-content\/uploads\/2020\/09\/paco6.jpg",500,325,false],"2048x2048":["https:\/\/blogopara.com.br\/wp-content\/uploads\/2020\/09\/paco6.jpg",500,325,false],"mantranews-slider-large":["https:\/\/blogopara.com.br\/wp-content\/uploads\/2020\/09\/paco6.jpg",500,325,false],"mantranews-featured-medium":["https:\/\/blogopara.com.br\/wp-content\/uploads\/2020\/09\/paco6-420x307.jpg",420,307,true],"mantranews-featured-long":["https:\/\/blogopara.com.br\/wp-content\/uploads\/2020\/09\/paco6-300x325.jpg",300,325,true],"mantranews-block-medium":["https:\/\/blogopara.com.br\/wp-content\/uploads\/2020\/09\/paco6-464x290.jpg",464,290,true],"mantranews-carousel-image":["https:\/\/blogopara.com.br\/wp-content\/uploads\/2020\/09\/paco6.jpg",500,325,false],"mantranews-block-thumb":["https:\/\/blogopara.com.br\/wp-content\/uploads\/2020\/09\/paco6-322x230.jpg",322,230,true],"mantranews-single-large":["https:\/\/blogopara.com.br\/wp-content\/uploads\/2020\/09\/paco6.jpg",500,325,false]},"uagb_author_info":{"display_name":"Reda\u00e7\u00e3o geral","author_link":"https:\/\/blogopara.com.br\/index.php\/author\/blogopara"},"uagb_comment_info":1,"uagb_excerpt":"A justi\u00e7a n\u00e3o tarda, chega na hora certa. Para aqueles que nunca acreditaram que seria poss\u00edvel a justi\u00e7a abrir os olhos para essa aberra\u00e7\u00e3o administrativa que tem causado tantos danos ao munic\u00edpio, chegou a hora de comemorar. O juiz da Fazenda P\u00fablica de Juazeiro, Jos\u00e9 G\u00f3es Filho, acatou o pedido para a suspen\u00e7\u00e3o de todos&hellip;","jetpack_sharing_enabled":true,"jetpack_likes_enabled":true,"_links":{"self":[{"href":"https:\/\/blogopara.com.br\/index.php\/wp-json\/wp\/v2\/posts\/14639","targetHints":{"allow":["GET"]}}],"collection":[{"href":"https:\/\/blogopara.com.br\/index.php\/wp-json\/wp\/v2\/posts"}],"about":[{"href":"https:\/\/blogopara.com.br\/index.php\/wp-json\/wp\/v2\/types\/post"}],"author":[{"embeddable":true,"href":"https:\/\/blogopara.com.br\/index.php\/wp-json\/wp\/v2\/users\/1"}],"replies":[{"embeddable":true,"href":"https:\/\/blogopara.com.br\/index.php\/wp-json\/wp\/v2\/comments?post=14639"}],"version-history":[{"count":2,"href":"https:\/\/blogopara.com.br\/index.php\/wp-json\/wp\/v2\/posts\/14639\/revisions"}],"predecessor-version":[{"id":14643,"href":"https:\/\/blogopara.com.br\/index.php\/wp-json\/wp\/v2\/posts\/14639\/revisions\/14643"}],"wp:featuredmedia":[{"embeddable":true,"href":"https:\/\/blogopara.com.br\/index.php\/wp-json\/wp\/v2\/media\/14642"}],"wp:attachment":[{"href":"https:\/\/blogopara.com.br\/index.php\/wp-json\/wp\/v2\/media?parent=14639"}],"wp:term":[{"taxonomy":"category","embeddable":true,"href":"https:\/\/blogopara.com.br\/index.php\/wp-json\/wp\/v2\/categories?post=14639"},{"taxonomy":"post_tag","embeddable":true,"href":"https:\/\/blogopara.com.br\/index.php\/wp-json\/wp\/v2\/tags?post=14639"}],"curies":[{"name":"wp","href":"https:\/\/api.w.org\/{rel}","templated":true}]}}