{"id":14645,"date":"2020-09-29T08:03:01","date_gmt":"2020-09-29T11:03:01","guid":{"rendered":"http:\/\/blogopara.com.br\/?p=14645"},"modified":"2020-09-28T16:05:11","modified_gmt":"2020-09-28T19:05:11","slug":"juazeiro-tv-sao-francisco-volta-a-demitir-grande-numero-de-funcionarios","status":"publish","type":"post","link":"https:\/\/blogopara.com.br\/index.php\/2020\/09\/29\/juazeiro-tv-sao-francisco-volta-a-demitir-grande-numero-de-funcionarios","title":{"rendered":"Juazeiro: TV S\u00e3o Francisco volta a demitir grande n\u00famero de funcion\u00e1rios"},"content":{"rendered":"<p style=\"text-align: justify;\">Funcion\u00e1rios da TV S\u00e3o Francisco, emissora filiada a Rede Bahia em Juazeiro, norte do Estado, foram surpreendidos na manh\u00e3 desta segunda-feira (28) com mais uma onda de demiss\u00f5es. 9 funcion\u00e1rios dos setores administrativo, t\u00e9cnico e coordena\u00e7\u00e3o master, local onde s\u00e3o exibidos os comerciais da emissora perderam o emprego na manh\u00e3 de hoje. Este \u00faltimo setor foi totalmente automatizado e ser\u00e1 coordenado diretamente de Salvador sem presen\u00e7a humana no pr\u00e9dio de Juazeiro.<\/p>\n<p style=\"text-align: justify;\">Alguns funcion\u00e1rios iam completar 30 anos de servi\u00e7os prestados a empresa, ou seja, estavam na emissora desde sua abertura e estavam prestes a se aposentar. Segundo apurou a TV S\u00e3o Francisco alegou a crise causado pelo novo coronav\u00edrus, mas a emissora ainda n\u00e3o emitiu nenhuma nota oficial sobre o assunto.<\/p>\n<p style=\"text-align: justify;\">Em maio de 2019, a TV tirou os jornais locais do ar (Jornal da Manh\u00e3 e BATV) e demitiu 15 funcion\u00e1rios, dando continuidade a uma onda de demiss\u00e3o que come\u00e7ou em 2.015. De l\u00e1 pra c\u00e1 o departamento de jornalismo foi praticamente desmontado, sendo reduzido a 6 profissionais que continuam at\u00e9 hoje atuando praticamente para o jornalismo da TV Bahia, em Salvador. Cerca de 50 profissionais j\u00e1 perderam o emprego.<\/p>\n<p style=\"text-align: justify;\">Na \u00e9poca, a afiliada da Rede Globo no estado justificou que\u00a0<em>\u201co grupo de comunica\u00e7\u00e3o estava realizando um redesenho no seu portf\u00f3lio de produtos e na governan\u00e7a das suas empresas\u201d e que estava \u2018investido na moderniza\u00e7\u00e3o dos processos de trabalho, evoluindo no uso de tecnologias avan\u00e7adas, o que vem permitindo aumentar a produtividade e manter a seguran\u00e7a operacional\u201d.<\/em><\/p>\n<p style=\"text-align: justify;\">A TV Bahia afirmou ainda que as modifica\u00e7\u00f5es internas tinham como motivo principal para que<em>\u00a0\u201calguns profissionais finalizem seus ciclos, seja por aposentadoria, para assumirem novos desafios ou por decis\u00e3o empresarial\u201d.<\/em><\/p>\n<p style=\"text-align: justify;\">A TV S\u00e3o Francisco, antes TV Norte, foi fundada em dezembro de 1990 e at\u00e9 hoje \u00e9 retransmissora do sinal da TV Globo.<\/p>\n<p>Fonte: Waldiney Passos<\/p>\n","protected":false},"excerpt":{"rendered":"<p>Funcion\u00e1rios da TV S\u00e3o Francisco, emissora filiada a Rede Bahia em Juazeiro, norte do Estado, foram surpreendidos na manh\u00e3 desta segunda-feira (28) com mais uma onda de demiss\u00f5es. 9 funcion\u00e1rios dos setores administrativo, t\u00e9cnico e coordena\u00e7\u00e3o master, local onde s\u00e3o exibidos os comerciais da emissora perderam o emprego na manh\u00e3 de hoje. Este \u00faltimo setor [&hellip;]<\/p>\n","protected":false},"author":1,"featured_media":14646,"comment_status":"open","ping_status":"open","sticky":false,"template":"","format":"standard","meta":{"_uag_custom_page_level_css":"","_monsterinsights_skip_tracking":false,"_monsterinsights_sitenote_active":false,"_monsterinsights_sitenote_note":"","_monsterinsights_sitenote_category":0,"jetpack_post_was_ever_published":false,"_jetpack_newsletter_access":"","_jetpack_dont_email_post_to_subs":false,"_jetpack_newsletter_tier_id":0,"_jetpack_memberships_contains_paywalled_content":false,"_jetpack_memberships_contains_paid_content":false,"footnotes":"","jetpack_publicize_message":"","jetpack_publicize_feature_enabled":true,"jetpack_social_post_already_shared":true,"jetpack_social_options":{"image_generator_settings":{"template":"highway","default_image_id":0,"font":"","enabled":false},"version":2}},"categories":[203,204],"tags":[],"class_list":["post-14645","post","type-post","status-publish","format-standard","has-post-thumbnail","hentry","category-juazeiro","category-social"],"jetpack_publicize_connections":[],"jetpack_featured_media_url":"https:\/\/blogopara.com.br\/wp-content\/uploads\/2020\/09\/TV-Sao-Francisco.jpg","uagb_featured_image_src":{"full":["https:\/\/blogopara.com.br\/wp-content\/uploads\/2020\/09\/TV-Sao-Francisco.jpg",500,281,false],"thumbnail":["https:\/\/blogopara.com.br\/wp-content\/uploads\/2020\/09\/TV-Sao-Francisco-150x150.jpg",150,150,true],"medium":["https:\/\/blogopara.com.br\/wp-content\/uploads\/2020\/09\/TV-Sao-Francisco-300x169.jpg",300,169,true],"medium_large":["https:\/\/blogopara.com.br\/wp-content\/uploads\/2020\/09\/TV-Sao-Francisco.jpg",500,281,false],"large":["https:\/\/blogopara.com.br\/wp-content\/uploads\/2020\/09\/TV-Sao-Francisco.jpg",500,281,false],"1536x1536":["https:\/\/blogopara.com.br\/wp-content\/uploads\/2020\/09\/TV-Sao-Francisco.jpg",500,281,false],"2048x2048":["https:\/\/blogopara.com.br\/wp-content\/uploads\/2020\/09\/TV-Sao-Francisco.jpg",500,281,false],"mantranews-slider-large":["https:\/\/blogopara.com.br\/wp-content\/uploads\/2020\/09\/TV-Sao-Francisco.jpg",500,281,false],"mantranews-featured-medium":["https:\/\/blogopara.com.br\/wp-content\/uploads\/2020\/09\/TV-Sao-Francisco-420x281.jpg",420,281,true],"mantranews-featured-long":["https:\/\/blogopara.com.br\/wp-content\/uploads\/2020\/09\/TV-Sao-Francisco-300x281.jpg",300,281,true],"mantranews-block-medium":["https:\/\/blogopara.com.br\/wp-content\/uploads\/2020\/09\/TV-Sao-Francisco-464x281.jpg",464,281,true],"mantranews-carousel-image":["https:\/\/blogopara.com.br\/wp-content\/uploads\/2020\/09\/TV-Sao-Francisco.jpg",500,281,false],"mantranews-block-thumb":["https:\/\/blogopara.com.br\/wp-content\/uploads\/2020\/09\/TV-Sao-Francisco-322x230.jpg",322,230,true],"mantranews-single-large":["https:\/\/blogopara.com.br\/wp-content\/uploads\/2020\/09\/TV-Sao-Francisco.jpg",500,281,false]},"uagb_author_info":{"display_name":"Reda\u00e7\u00e3o geral","author_link":"https:\/\/blogopara.com.br\/index.php\/author\/blogopara"},"uagb_comment_info":0,"uagb_excerpt":"Funcion\u00e1rios da TV S\u00e3o Francisco, emissora filiada a Rede Bahia em Juazeiro, norte do Estado, foram surpreendidos na manh\u00e3 desta segunda-feira (28) com mais uma onda de demiss\u00f5es. 9 funcion\u00e1rios dos setores administrativo, t\u00e9cnico e coordena\u00e7\u00e3o master, local onde s\u00e3o exibidos os comerciais da emissora perderam o emprego na manh\u00e3 de hoje. Este \u00faltimo setor&hellip;","jetpack_sharing_enabled":true,"jetpack_likes_enabled":true,"_links":{"self":[{"href":"https:\/\/blogopara.com.br\/index.php\/wp-json\/wp\/v2\/posts\/14645","targetHints":{"allow":["GET"]}}],"collection":[{"href":"https:\/\/blogopara.com.br\/index.php\/wp-json\/wp\/v2\/posts"}],"about":[{"href":"https:\/\/blogopara.com.br\/index.php\/wp-json\/wp\/v2\/types\/post"}],"author":[{"embeddable":true,"href":"https:\/\/blogopara.com.br\/index.php\/wp-json\/wp\/v2\/users\/1"}],"replies":[{"embeddable":true,"href":"https:\/\/blogopara.com.br\/index.php\/wp-json\/wp\/v2\/comments?post=14645"}],"version-history":[{"count":1,"href":"https:\/\/blogopara.com.br\/index.php\/wp-json\/wp\/v2\/posts\/14645\/revisions"}],"predecessor-version":[{"id":14647,"href":"https:\/\/blogopara.com.br\/index.php\/wp-json\/wp\/v2\/posts\/14645\/revisions\/14647"}],"wp:featuredmedia":[{"embeddable":true,"href":"https:\/\/blogopara.com.br\/index.php\/wp-json\/wp\/v2\/media\/14646"}],"wp:attachment":[{"href":"https:\/\/blogopara.com.br\/index.php\/wp-json\/wp\/v2\/media?parent=14645"}],"wp:term":[{"taxonomy":"category","embeddable":true,"href":"https:\/\/blogopara.com.br\/index.php\/wp-json\/wp\/v2\/categories?post=14645"},{"taxonomy":"post_tag","embeddable":true,"href":"https:\/\/blogopara.com.br\/index.php\/wp-json\/wp\/v2\/tags?post=14645"}],"curies":[{"name":"wp","href":"https:\/\/api.w.org\/{rel}","templated":true}]}}