{"id":14648,"date":"2020-09-29T08:09:11","date_gmt":"2020-09-29T11:09:11","guid":{"rendered":"http:\/\/blogopara.com.br\/?p=14648"},"modified":"2020-09-28T16:13:33","modified_gmt":"2020-09-28T19:13:33","slug":"funcionarios-da-prefeitura-denunciam-pressao-para-colocarem-adesivos-nos-carros","status":"publish","type":"post","link":"https:\/\/blogopara.com.br\/index.php\/2020\/09\/29\/funcionarios-da-prefeitura-denunciam-pressao-para-colocarem-adesivos-nos-carros","title":{"rendered":"Funcion\u00e1rios da prefeitura denunciam press\u00e3o para colocarem adesivos nos carros"},"content":{"rendered":"<p style=\"text-align: justify;\">Numa Live com funcion\u00e1rios que tem cargos comissionados na prefeitura de Juazeiro, o prefeito Paulo Bomfim (PT) reclamou (&#8220;pressionou&#8221;) que os servidores n\u00e3o lhe seguiam nas redes sociais e n\u00e3o colocavam adesivos nos seus carros particulares da campanha majorit\u00e1ria.<\/p>\n<p style=\"text-align: justify;\">No s\u00e1bado (26) servidores contratados e de carreira denunciaram que est\u00e3o sendo &#8220;pressionados&#8221; a participarem de reuni\u00e3o e a colocarem adesivos do prefeito nos carros.<\/p>\n<p style=\"text-align: justify;\">Segundo um servidor contratado que n\u00e3o quis ser identificado, ligaram para que comparecesse no domingo (27) no &#8220;adesiva\u00e7o&#8221; da campanha do prefeito, que aconteceu perto do A\u00e7a\u00ed do Vilela, nas imedia\u00e7\u00f5es da BR 407.<\/p>\n<p style=\"text-align: justify;\">Professoras contratadas e de carreira denunciam a mesma pr\u00e1tica, desta vez para participarem e apoiarem a reelei\u00e7\u00e3o do vereador Alex Tanuri (PP), companheiro da secret\u00e1ria de educa\u00e7\u00e3o de Juazeiro que foi designada \u00e0 garantir a presen\u00e7a dos servidores p\u00fablicos no atos de campanha. Est\u00e3o sendo enviadas mensagens por um aplicativo de mensagens, os profissionais (professores, coordenadores pedag\u00f3gicos e gestores) da rede de ensino, est\u00e3o sendo &#8220;convidados&#8221; para participarem de reuni\u00f5es e em eventos organizados pelo vereador.<\/p>\n<p style=\"text-align: justify;\">Um advogado eleitoral consultado por nossa reda\u00e7\u00e3o, orienta, se houver algum tipo de press\u00e3o, filma, grava e printa as mensagens, e encaminha para Minist\u00e9rio P\u00fablico ou ou a Justi\u00e7a Eleitoral, porque pode configurar crime eleitoral por abuso de poder.<\/p>\n","protected":false},"excerpt":{"rendered":"<p>Numa Live com funcion\u00e1rios que tem cargos comissionados na prefeitura de Juazeiro, o prefeito Paulo Bomfim (PT) reclamou (&#8220;pressionou&#8221;) que os servidores n\u00e3o lhe seguiam nas redes sociais e n\u00e3o colocavam adesivos nos seus carros particulares da campanha majorit\u00e1ria. No s\u00e1bado (26) servidores contratados e de carreira denunciaram que est\u00e3o sendo &#8220;pressionados&#8221; a participarem de [&hellip;]<\/p>\n","protected":false},"author":1,"featured_media":14649,"comment_status":"open","ping_status":"open","sticky":false,"template":"","format":"standard","meta":{"_uag_custom_page_level_css":"","_monsterinsights_skip_tracking":false,"_monsterinsights_sitenote_active":false,"_monsterinsights_sitenote_note":"","_monsterinsights_sitenote_category":0,"jetpack_post_was_ever_published":false,"_jetpack_newsletter_access":"","_jetpack_dont_email_post_to_subs":false,"_jetpack_newsletter_tier_id":0,"_jetpack_memberships_contains_paywalled_content":false,"_jetpack_memberships_contains_paid_content":false,"footnotes":"","jetpack_publicize_message":"","jetpack_publicize_feature_enabled":true,"jetpack_social_post_already_shared":true,"jetpack_social_options":{"image_generator_settings":{"template":"highway","default_image_id":0,"font":"","enabled":false},"version":2}},"categories":[203,197],"tags":[],"class_list":["post-14648","post","type-post","status-publish","format-standard","has-post-thumbnail","hentry","category-juazeiro","category-politica"],"jetpack_publicize_connections":[],"jetpack_featured_media_url":"https:\/\/blogopara.com.br\/wp-content\/uploads\/2020\/09\/Captura-de-tela-2020-09-28-161227.png","uagb_featured_image_src":{"full":["https:\/\/blogopara.com.br\/wp-content\/uploads\/2020\/09\/Captura-de-tela-2020-09-28-161227.png",500,281,false],"thumbnail":["https:\/\/blogopara.com.br\/wp-content\/uploads\/2020\/09\/Captura-de-tela-2020-09-28-161227-150x150.png",150,150,true],"medium":["https:\/\/blogopara.com.br\/wp-content\/uploads\/2020\/09\/Captura-de-tela-2020-09-28-161227-300x169.png",300,169,true],"medium_large":["https:\/\/blogopara.com.br\/wp-content\/uploads\/2020\/09\/Captura-de-tela-2020-09-28-161227.png",500,281,false],"large":["https:\/\/blogopara.com.br\/wp-content\/uploads\/2020\/09\/Captura-de-tela-2020-09-28-161227.png",500,281,false],"1536x1536":["https:\/\/blogopara.com.br\/wp-content\/uploads\/2020\/09\/Captura-de-tela-2020-09-28-161227.png",500,281,false],"2048x2048":["https:\/\/blogopara.com.br\/wp-content\/uploads\/2020\/09\/Captura-de-tela-2020-09-28-161227.png",500,281,false],"mantranews-slider-large":["https:\/\/blogopara.com.br\/wp-content\/uploads\/2020\/09\/Captura-de-tela-2020-09-28-161227.png",500,281,false],"mantranews-featured-medium":["https:\/\/blogopara.com.br\/wp-content\/uploads\/2020\/09\/Captura-de-tela-2020-09-28-161227-420x281.png",420,281,true],"mantranews-featured-long":["https:\/\/blogopara.com.br\/wp-content\/uploads\/2020\/09\/Captura-de-tela-2020-09-28-161227-300x281.png",300,281,true],"mantranews-block-medium":["https:\/\/blogopara.com.br\/wp-content\/uploads\/2020\/09\/Captura-de-tela-2020-09-28-161227-464x281.png",464,281,true],"mantranews-carousel-image":["https:\/\/blogopara.com.br\/wp-content\/uploads\/2020\/09\/Captura-de-tela-2020-09-28-161227.png",500,281,false],"mantranews-block-thumb":["https:\/\/blogopara.com.br\/wp-content\/uploads\/2020\/09\/Captura-de-tela-2020-09-28-161227-322x230.png",322,230,true],"mantranews-single-large":["https:\/\/blogopara.com.br\/wp-content\/uploads\/2020\/09\/Captura-de-tela-2020-09-28-161227.png",500,281,false]},"uagb_author_info":{"display_name":"Reda\u00e7\u00e3o geral","author_link":"https:\/\/blogopara.com.br\/index.php\/author\/blogopara"},"uagb_comment_info":1,"uagb_excerpt":"Numa Live com funcion\u00e1rios que tem cargos comissionados na prefeitura de Juazeiro, o prefeito Paulo Bomfim (PT) reclamou (&#8220;pressionou&#8221;) que os servidores n\u00e3o lhe seguiam nas redes sociais e n\u00e3o colocavam adesivos nos seus carros particulares da campanha majorit\u00e1ria. No s\u00e1bado (26) servidores contratados e de carreira denunciaram que est\u00e3o sendo &#8220;pressionados&#8221; a participarem de&hellip;","jetpack_sharing_enabled":true,"jetpack_likes_enabled":true,"_links":{"self":[{"href":"https:\/\/blogopara.com.br\/index.php\/wp-json\/wp\/v2\/posts\/14648","targetHints":{"allow":["GET"]}}],"collection":[{"href":"https:\/\/blogopara.com.br\/index.php\/wp-json\/wp\/v2\/posts"}],"about":[{"href":"https:\/\/blogopara.com.br\/index.php\/wp-json\/wp\/v2\/types\/post"}],"author":[{"embeddable":true,"href":"https:\/\/blogopara.com.br\/index.php\/wp-json\/wp\/v2\/users\/1"}],"replies":[{"embeddable":true,"href":"https:\/\/blogopara.com.br\/index.php\/wp-json\/wp\/v2\/comments?post=14648"}],"version-history":[{"count":1,"href":"https:\/\/blogopara.com.br\/index.php\/wp-json\/wp\/v2\/posts\/14648\/revisions"}],"predecessor-version":[{"id":14650,"href":"https:\/\/blogopara.com.br\/index.php\/wp-json\/wp\/v2\/posts\/14648\/revisions\/14650"}],"wp:featuredmedia":[{"embeddable":true,"href":"https:\/\/blogopara.com.br\/index.php\/wp-json\/wp\/v2\/media\/14649"}],"wp:attachment":[{"href":"https:\/\/blogopara.com.br\/index.php\/wp-json\/wp\/v2\/media?parent=14648"}],"wp:term":[{"taxonomy":"category","embeddable":true,"href":"https:\/\/blogopara.com.br\/index.php\/wp-json\/wp\/v2\/categories?post=14648"},{"taxonomy":"post_tag","embeddable":true,"href":"https:\/\/blogopara.com.br\/index.php\/wp-json\/wp\/v2\/tags?post=14648"}],"curies":[{"name":"wp","href":"https:\/\/api.w.org\/{rel}","templated":true}]}}