{"id":14670,"date":"2020-09-30T08:34:04","date_gmt":"2020-09-30T11:34:04","guid":{"rendered":"http:\/\/blogopara.com.br\/?p=14670"},"modified":"2020-10-02T08:48:22","modified_gmt":"2020-10-02T11:48:22","slug":"insatisfeitos-no-pt-abandonam-a-campanha-da-reeleicao-de-paulo-bomfim","status":"publish","type":"post","link":"https:\/\/blogopara.com.br\/index.php\/2020\/09\/30\/insatisfeitos-no-pt-abandonam-a-campanha-da-reeleicao-de-paulo-bomfim","title":{"rendered":"Insatisfeitos no PT abandonam a campanha da reelei\u00e7\u00e3o de Paulo Bomfim"},"content":{"rendered":"<p style=\"text-align: justify;\">O Partido dos Trabalhadores (PT) est\u00e1 pra l\u00e1 de rachado em Juazeiro. O mais complicado que o candidato a prefeito pelo partido, Paulo Bomfim, n\u00e3o conseguiu unir todas as tend\u00eancias, e com isso est\u00e1 havendo um s\u00e9rio problema dentro da pr\u00f3pria dire\u00e7\u00e3o municipal, por n\u00e3o ter pulso para punir os rebeldes que est\u00e3o envolvidos e coordenando a campanha da candidata de oposi\u00e7\u00e3o, Suzana Ramos (PSDB).<\/p>\n<p style=\"text-align: justify;\">Uma figura que tamb\u00e9m chamou a aten\u00e7\u00e3o dos curiosos por aparecer nas redes sociais, foi a do ex-vice-prefeito, Irm\u00e3o Francisco. Mesmo n\u00e3o fazendo mais parte dos quadros de filiados do PT, Francisco decidiu concorrer a uma das vagas na Casa Apr\u00edgio Duarte apoiando Suzana.<\/p>\n<p style=\"text-align: justify;\">Nos bastidores, as pessoas j\u00e1 comentam no poss\u00edvel acordo entre o ex-petista, Joseph Bandeira e os capas preta da legenda em Salvador, com forte influ\u00eancia de Josias Gomes e Paulo Rangel para que lideran\u00e7as da legenda estejam envolvidas no processo de campanha. Ainda na capital baiana, informa\u00e7\u00f5es d\u00e3o conta que, petistas ficaram revoltados com Isaac Carvalho por ter jogado no lixo mais de 100 mil votos quando saiu candidato a deputado federal, pois boa parte dessa vota\u00e7\u00e3o poderia ajudar \u00e0 eleger mais algu\u00e9m da coliga\u00e7\u00e3o.<\/p>\n<p style=\"text-align: justify;\">Segundo informa\u00e7\u00f5es chegadas, mais petistas e alguns comunistas j\u00e1 est\u00e3o preparando o salto para se jogarem nos bra\u00e7os de Suzana nas pr\u00f3ximas horas.<\/p>\n<p>Fonte de informa\u00e7\u00f5es: JAP<\/p>\n","protected":false},"excerpt":{"rendered":"<p>O Partido dos Trabalhadores (PT) est\u00e1 pra l\u00e1 de rachado em Juazeiro. O mais complicado que o candidato a prefeito pelo partido, Paulo Bomfim, n\u00e3o conseguiu unir todas as tend\u00eancias, e com isso est\u00e1 havendo um s\u00e9rio problema dentro da pr\u00f3pria dire\u00e7\u00e3o municipal, por n\u00e3o ter pulso para punir os rebeldes que est\u00e3o envolvidos e [&hellip;]<\/p>\n","protected":false},"author":1,"featured_media":14671,"comment_status":"open","ping_status":"open","sticky":false,"template":"","format":"standard","meta":{"_uag_custom_page_level_css":"","_monsterinsights_skip_tracking":false,"_monsterinsights_sitenote_active":false,"_monsterinsights_sitenote_note":"","_monsterinsights_sitenote_category":0,"jetpack_post_was_ever_published":false,"_jetpack_newsletter_access":"","_jetpack_dont_email_post_to_subs":false,"_jetpack_newsletter_tier_id":0,"_jetpack_memberships_contains_paywalled_content":false,"_jetpack_memberships_contains_paid_content":false,"footnotes":"","jetpack_publicize_message":"","jetpack_publicize_feature_enabled":true,"jetpack_social_post_already_shared":true,"jetpack_social_options":{"image_generator_settings":{"template":"highway","default_image_id":0,"font":"","enabled":false},"version":2}},"categories":[203,197],"tags":[],"class_list":["post-14670","post","type-post","status-publish","format-standard","has-post-thumbnail","hentry","category-juazeiro","category-politica"],"jetpack_publicize_connections":[],"jetpack_featured_media_url":"https:\/\/blogopara.com.br\/wp-content\/uploads\/2020\/09\/irmao-francisco-620x293-1.jpg","uagb_featured_image_src":{"full":["https:\/\/blogopara.com.br\/wp-content\/uploads\/2020\/09\/irmao-francisco-620x293-1.jpg",500,236,false],"thumbnail":["https:\/\/blogopara.com.br\/wp-content\/uploads\/2020\/09\/irmao-francisco-620x293-1-150x150.jpg",150,150,true],"medium":["https:\/\/blogopara.com.br\/wp-content\/uploads\/2020\/09\/irmao-francisco-620x293-1-300x142.jpg",300,142,true],"medium_large":["https:\/\/blogopara.com.br\/wp-content\/uploads\/2020\/09\/irmao-francisco-620x293-1.jpg",500,236,false],"large":["https:\/\/blogopara.com.br\/wp-content\/uploads\/2020\/09\/irmao-francisco-620x293-1.jpg",500,236,false],"1536x1536":["https:\/\/blogopara.com.br\/wp-content\/uploads\/2020\/09\/irmao-francisco-620x293-1.jpg",500,236,false],"2048x2048":["https:\/\/blogopara.com.br\/wp-content\/uploads\/2020\/09\/irmao-francisco-620x293-1.jpg",500,236,false],"mantranews-slider-large":["https:\/\/blogopara.com.br\/wp-content\/uploads\/2020\/09\/irmao-francisco-620x293-1.jpg",500,236,false],"mantranews-featured-medium":["https:\/\/blogopara.com.br\/wp-content\/uploads\/2020\/09\/irmao-francisco-620x293-1-420x236.jpg",420,236,true],"mantranews-featured-long":["https:\/\/blogopara.com.br\/wp-content\/uploads\/2020\/09\/irmao-francisco-620x293-1-300x236.jpg",300,236,true],"mantranews-block-medium":["https:\/\/blogopara.com.br\/wp-content\/uploads\/2020\/09\/irmao-francisco-620x293-1-464x236.jpg",464,236,true],"mantranews-carousel-image":["https:\/\/blogopara.com.br\/wp-content\/uploads\/2020\/09\/irmao-francisco-620x293-1.jpg",500,236,false],"mantranews-block-thumb":["https:\/\/blogopara.com.br\/wp-content\/uploads\/2020\/09\/irmao-francisco-620x293-1-322x230.jpg",322,230,true],"mantranews-single-large":["https:\/\/blogopara.com.br\/wp-content\/uploads\/2020\/09\/irmao-francisco-620x293-1.jpg",500,236,false]},"uagb_author_info":{"display_name":"Reda\u00e7\u00e3o geral","author_link":"https:\/\/blogopara.com.br\/index.php\/author\/blogopara"},"uagb_comment_info":0,"uagb_excerpt":"O Partido dos Trabalhadores (PT) est\u00e1 pra l\u00e1 de rachado em Juazeiro. O mais complicado que o candidato a prefeito pelo partido, Paulo Bomfim, n\u00e3o conseguiu unir todas as tend\u00eancias, e com isso est\u00e1 havendo um s\u00e9rio problema dentro da pr\u00f3pria dire\u00e7\u00e3o municipal, por n\u00e3o ter pulso para punir os rebeldes que est\u00e3o envolvidos e&hellip;","jetpack_sharing_enabled":true,"jetpack_likes_enabled":true,"_links":{"self":[{"href":"https:\/\/blogopara.com.br\/index.php\/wp-json\/wp\/v2\/posts\/14670","targetHints":{"allow":["GET"]}}],"collection":[{"href":"https:\/\/blogopara.com.br\/index.php\/wp-json\/wp\/v2\/posts"}],"about":[{"href":"https:\/\/blogopara.com.br\/index.php\/wp-json\/wp\/v2\/types\/post"}],"author":[{"embeddable":true,"href":"https:\/\/blogopara.com.br\/index.php\/wp-json\/wp\/v2\/users\/1"}],"replies":[{"embeddable":true,"href":"https:\/\/blogopara.com.br\/index.php\/wp-json\/wp\/v2\/comments?post=14670"}],"version-history":[{"count":2,"href":"https:\/\/blogopara.com.br\/index.php\/wp-json\/wp\/v2\/posts\/14670\/revisions"}],"predecessor-version":[{"id":14783,"href":"https:\/\/blogopara.com.br\/index.php\/wp-json\/wp\/v2\/posts\/14670\/revisions\/14783"}],"wp:featuredmedia":[{"embeddable":true,"href":"https:\/\/blogopara.com.br\/index.php\/wp-json\/wp\/v2\/media\/14671"}],"wp:attachment":[{"href":"https:\/\/blogopara.com.br\/index.php\/wp-json\/wp\/v2\/media?parent=14670"}],"wp:term":[{"taxonomy":"category","embeddable":true,"href":"https:\/\/blogopara.com.br\/index.php\/wp-json\/wp\/v2\/categories?post=14670"},{"taxonomy":"post_tag","embeddable":true,"href":"https:\/\/blogopara.com.br\/index.php\/wp-json\/wp\/v2\/tags?post=14670"}],"curies":[{"name":"wp","href":"https:\/\/api.w.org\/{rel}","templated":true}]}}