{"id":14686,"date":"2020-10-01T08:15:41","date_gmt":"2020-10-01T11:15:41","guid":{"rendered":"http:\/\/blogopara.com.br\/?p=14686"},"modified":"2020-09-29T14:18:33","modified_gmt":"2020-09-29T17:18:33","slug":"isaac-carvalho-aparece-em-lista-do-tcm-ba-com-tres-contas-reprovadas-pelo-tribunal","status":"publish","type":"post","link":"https:\/\/blogopara.com.br\/index.php\/2020\/10\/01\/isaac-carvalho-aparece-em-lista-do-tcm-ba-com-tres-contas-reprovadas-pelo-tribunal","title":{"rendered":"Isaac Carvalho aparece em lista do TCM-BA com tr\u00eas contas reprovadas pelo Tribunal"},"content":{"rendered":"<p>Nessa segunda-feira (28), o nome do ex-prefeito de Juazeiro Isaac Carvalho foi inclu\u00eddo na\u00a0<a href=\"https:\/\/www.waldineypassos.com.br\/wp-content\/uploads\/2020\/09\/01_-lista-gestores-prefeituras_rejeitadas_tre_23-09.pdf\"><strong>rela\u00e7\u00e3o de gestores p\u00fablicos baianos que tiveram contas anuais rejeitadas<\/strong><\/a>\u00a0e que podem ser, eventualmente, enquadrados na Lei da Ficha Limpa. O documento foi enviado pelo Tribunal de Contas dos Munic\u00edpios da Bahia (TCM-BA) \u00e0 Justi\u00e7a Eleitoral na \u00faltima quinta-feira (24).<\/p>\n<p>O nome do ex-prefeito de Juazeiro aparece tr\u00eas vezes na lista apresentada pelo Tribunal. Foram rejeitas as contas referentes aos exerc\u00edcios de 2011, 2015 e 2016. Isaac ocupou o cargo de prefeito do munic\u00edpio entre os anos de 2009 a 2016.<span id=\"more-123931\"><\/span><\/p>\n<p>No entanto, o fato de o nome de um gestor constar nas listas apresentadas ao TRE pelos tribunais de contas n\u00e3o significa, por\u00e9m, que ele seja ineleg\u00edvel para as pr\u00f3ximas elei\u00e7\u00f5es. A decis\u00e3o caber\u00e1 \u00e0 Justi\u00e7a Eleitoral.<\/p>\n<p>Isto porque, de acordo com a Lei Complementar 64\/90, devem ser afastados da disputa eleitoral por oito anos aqueles \u201cque tiveram suas contas relativas ao exerc\u00edcio de cargos ou fun\u00e7\u00f5es p\u00fablicas rejeitadas por irregularidade insan\u00e1vel que configure ato doloso de improbidade administrativa, salvo se esta houver sido suspensa ou anulada pelo Poder Judici\u00e1rio\u201d.<\/p>\n<p><em>Fonte: Waldiney Passos<\/em><\/p>\n","protected":false},"excerpt":{"rendered":"<p>Nessa segunda-feira (28), o nome do ex-prefeito de Juazeiro Isaac Carvalho foi inclu\u00eddo na\u00a0rela\u00e7\u00e3o de gestores p\u00fablicos baianos que tiveram contas anuais rejeitadas\u00a0e que podem ser, eventualmente, enquadrados na Lei da Ficha Limpa. O documento foi enviado pelo Tribunal de Contas dos Munic\u00edpios da Bahia (TCM-BA) \u00e0 Justi\u00e7a Eleitoral na \u00faltima quinta-feira (24). O nome [&hellip;]<\/p>\n","protected":false},"author":1,"featured_media":14687,"comment_status":"open","ping_status":"open","sticky":false,"template":"","format":"standard","meta":{"_uag_custom_page_level_css":"","_monsterinsights_skip_tracking":false,"_monsterinsights_sitenote_active":false,"_monsterinsights_sitenote_note":"","_monsterinsights_sitenote_category":0,"jetpack_post_was_ever_published":false,"_jetpack_newsletter_access":"","_jetpack_dont_email_post_to_subs":false,"_jetpack_newsletter_tier_id":0,"_jetpack_memberships_contains_paywalled_content":false,"_jetpack_memberships_contains_paid_content":false,"footnotes":"","jetpack_publicize_message":"","jetpack_publicize_feature_enabled":true,"jetpack_social_post_already_shared":true,"jetpack_social_options":{"image_generator_settings":{"template":"highway","default_image_id":0,"font":"","enabled":false},"version":2}},"categories":[203,197],"tags":[],"class_list":["post-14686","post","type-post","status-publish","format-standard","has-post-thumbnail","hentry","category-juazeiro","category-politica"],"jetpack_publicize_connections":[],"jetpack_featured_media_url":"https:\/\/blogopara.com.br\/wp-content\/uploads\/2020\/09\/isaac-revoltado-640x410-1.jpg","uagb_featured_image_src":{"full":["https:\/\/blogopara.com.br\/wp-content\/uploads\/2020\/09\/isaac-revoltado-640x410-1.jpg",500,320,false],"thumbnail":["https:\/\/blogopara.com.br\/wp-content\/uploads\/2020\/09\/isaac-revoltado-640x410-1-150x150.jpg",150,150,true],"medium":["https:\/\/blogopara.com.br\/wp-content\/uploads\/2020\/09\/isaac-revoltado-640x410-1-300x192.jpg",300,192,true],"medium_large":["https:\/\/blogopara.com.br\/wp-content\/uploads\/2020\/09\/isaac-revoltado-640x410-1.jpg",500,320,false],"large":["https:\/\/blogopara.com.br\/wp-content\/uploads\/2020\/09\/isaac-revoltado-640x410-1.jpg",500,320,false],"1536x1536":["https:\/\/blogopara.com.br\/wp-content\/uploads\/2020\/09\/isaac-revoltado-640x410-1.jpg",500,320,false],"2048x2048":["https:\/\/blogopara.com.br\/wp-content\/uploads\/2020\/09\/isaac-revoltado-640x410-1.jpg",500,320,false],"mantranews-slider-large":["https:\/\/blogopara.com.br\/wp-content\/uploads\/2020\/09\/isaac-revoltado-640x410-1.jpg",500,320,false],"mantranews-featured-medium":["https:\/\/blogopara.com.br\/wp-content\/uploads\/2020\/09\/isaac-revoltado-640x410-1-420x307.jpg",420,307,true],"mantranews-featured-long":["https:\/\/blogopara.com.br\/wp-content\/uploads\/2020\/09\/isaac-revoltado-640x410-1-300x320.jpg",300,320,true],"mantranews-block-medium":["https:\/\/blogopara.com.br\/wp-content\/uploads\/2020\/09\/isaac-revoltado-640x410-1-464x290.jpg",464,290,true],"mantranews-carousel-image":["https:\/\/blogopara.com.br\/wp-content\/uploads\/2020\/09\/isaac-revoltado-640x410-1.jpg",500,320,false],"mantranews-block-thumb":["https:\/\/blogopara.com.br\/wp-content\/uploads\/2020\/09\/isaac-revoltado-640x410-1-322x230.jpg",322,230,true],"mantranews-single-large":["https:\/\/blogopara.com.br\/wp-content\/uploads\/2020\/09\/isaac-revoltado-640x410-1.jpg",500,320,false]},"uagb_author_info":{"display_name":"Reda\u00e7\u00e3o geral","author_link":"https:\/\/blogopara.com.br\/index.php\/author\/blogopara"},"uagb_comment_info":0,"uagb_excerpt":"Nessa segunda-feira (28), o nome do ex-prefeito de Juazeiro Isaac Carvalho foi inclu\u00eddo na\u00a0rela\u00e7\u00e3o de gestores p\u00fablicos baianos que tiveram contas anuais rejeitadas\u00a0e que podem ser, eventualmente, enquadrados na Lei da Ficha Limpa. O documento foi enviado pelo Tribunal de Contas dos Munic\u00edpios da Bahia (TCM-BA) \u00e0 Justi\u00e7a Eleitoral na \u00faltima quinta-feira (24). O nome&hellip;","jetpack_sharing_enabled":true,"jetpack_likes_enabled":true,"_links":{"self":[{"href":"https:\/\/blogopara.com.br\/index.php\/wp-json\/wp\/v2\/posts\/14686","targetHints":{"allow":["GET"]}}],"collection":[{"href":"https:\/\/blogopara.com.br\/index.php\/wp-json\/wp\/v2\/posts"}],"about":[{"href":"https:\/\/blogopara.com.br\/index.php\/wp-json\/wp\/v2\/types\/post"}],"author":[{"embeddable":true,"href":"https:\/\/blogopara.com.br\/index.php\/wp-json\/wp\/v2\/users\/1"}],"replies":[{"embeddable":true,"href":"https:\/\/blogopara.com.br\/index.php\/wp-json\/wp\/v2\/comments?post=14686"}],"version-history":[{"count":1,"href":"https:\/\/blogopara.com.br\/index.php\/wp-json\/wp\/v2\/posts\/14686\/revisions"}],"predecessor-version":[{"id":14688,"href":"https:\/\/blogopara.com.br\/index.php\/wp-json\/wp\/v2\/posts\/14686\/revisions\/14688"}],"wp:featuredmedia":[{"embeddable":true,"href":"https:\/\/blogopara.com.br\/index.php\/wp-json\/wp\/v2\/media\/14687"}],"wp:attachment":[{"href":"https:\/\/blogopara.com.br\/index.php\/wp-json\/wp\/v2\/media?parent=14686"}],"wp:term":[{"taxonomy":"category","embeddable":true,"href":"https:\/\/blogopara.com.br\/index.php\/wp-json\/wp\/v2\/categories?post=14686"},{"taxonomy":"post_tag","embeddable":true,"href":"https:\/\/blogopara.com.br\/index.php\/wp-json\/wp\/v2\/tags?post=14686"}],"curies":[{"name":"wp","href":"https:\/\/api.w.org\/{rel}","templated":true}]}}