{"id":14694,"date":"2020-10-01T08:30:32","date_gmt":"2020-10-01T11:30:32","guid":{"rendered":"http:\/\/blogopara.com.br\/?p=14694"},"modified":"2020-09-29T14:35:16","modified_gmt":"2020-09-29T17:35:16","slug":"tcu-e-congresso-veem-tentativa-de-drible-no-teto-em-proposta-do-renda-cidada","status":"publish","type":"post","link":"https:\/\/blogopara.com.br\/index.php\/2020\/10\/01\/tcu-e-congresso-veem-tentativa-de-drible-no-teto-em-proposta-do-renda-cidada","title":{"rendered":"TCU e Congresso veem tentativa de drible no teto em proposta do Renda Cidad\u00e3"},"content":{"rendered":"<p style=\"text-align: justify;\">O an\u00fancio de que o Renda Cidad\u00e3, programa com o qual o governo quer substituir o Bolsa Fam\u00edlia, deve ser financiado com limita\u00e7\u00e3o dos gastos de precat\u00f3rios e recursos do Fundeb (fundo para educa\u00e7\u00e3o b\u00e1sica) gerou cr\u00edticas de que se trataria de tentativa de driblar o teto de gastos.<\/p>\n<p style=\"text-align: justify;\">No TCU (Tribunal de Contas da Uni\u00e3o) e no Congresso, a proposta foi vista como uma maneira de turbinar o programa social com uma \u201ccontabilidade criativa\u201d, mesma estrat\u00e9gia usada para melhorar o resultado fiscal do pa\u00eds no governo Dilma Rousseff.<\/p>\n<p style=\"text-align: justify;\">At\u00e9 entre auxiliares do ministro Paulo Guedes (Economia), a solu\u00e7\u00e3o encontrada \u00e9 vista como uma \u2018pedalada\u2019.<\/p>\n<p style=\"text-align: justify;\">Pela proposta apresentada, o governo prev\u00ea limitar a 2% da receita corrente l\u00edquida o gasto com precat\u00f3rios (ordem para pagamento de d\u00edvidas de \u00f3rg\u00e3os p\u00fablicos federais). O que sobrasse, at\u00e9 R$ 55 bilh\u00f5es, seria usado no Renda Cidad\u00e3.<\/p>\n<p style=\"text-align: justify;\">Al\u00e9m disso, quer usar 5% dos recursos novos do Fundeb para ajudar as fam\u00edlias que estar\u00e3o no programa a manter os filhos na escola.<\/p>\n<p style=\"text-align: justify;\">As primeiras rea\u00e7\u00f5es apareceram menos de uma hora ap\u00f3s a divulga\u00e7\u00e3o. Auxiliares do presidente da C\u00e2mara, Rodrigo Maia (DEM-RJ), consideraram inadmiss\u00edvel financiar o Renda Cidad\u00e3 com dinheiro destinado a precat\u00f3rios e classificaram a medida como calote.<\/p>\n<p style=\"text-align: justify;\">Al\u00e9m disso, avaliaram que o uso de recursos do Fundeb para abastecer o programa desrespeita o teto de gastos.<\/p>\n<p style=\"text-align: justify;\">Em uma rede social, Maia escreveu que governo e Congresso \u201cprecisam enfrentar o desafio de regulamentar o teto de gastos J\u00c1\u201d. \u201cEssa indefini\u00e7\u00e3o pode provocar mais uma crise que vai impactar a vida dos brasileiros, adiando ainda mais a recupera\u00e7\u00e3o econ\u00f4mica provocada pela pandemia\u201d, afirmou.<\/p>\n<p style=\"text-align: justify;\">L\u00edderes da oposi\u00e7\u00e3o qualificaram de pedalada a inten\u00e7\u00e3o de usar o dinheiro reservado para precat\u00f3rios.<\/p>\n<p style=\"text-align: justify;\">\u201cO que o governo est\u00e1 fazendo \u00e9 anunciando que n\u00e3o vai mais pagar em dia suas d\u00edvidas judiciais, fazendo uma enorme pedalada fiscal, de cerca de R$ 20 a R$ 30 bilh\u00f5es por ano\u201d, escreveu o l\u00edder do PSB na C\u00e2mara, Alessandro Molon (RJ). Para ele, isso criar\u00e1 uma \u201cbola de neve fiscal\u201d.<\/p>\n<p style=\"text-align: justify;\">Molon tamb\u00e9m criticou a decis\u00e3o de retirar dinheiro do Fundeb para financiar o Renda Cidad\u00e3. Segundo o deputado, o ideal seria \u201cbuscar recursos para uma renda b\u00e1sica na reforma tribut\u00e1ria, que precisa fazer os super-ricos pagarem imposto no Brasil, o que n\u00e3o ocorre\u201d. O governo previa enviar nesta segunda (28) uma nova fase de sua proposta, mas adiou a entrega do texto por falta de consenso com o Congresso.<\/p>\n<p style=\"text-align: justify;\">A deputada S\u00e2mia Bomfim (SP), l\u00edder do PSOL na C\u00e2mara, qualificou de grave a proposta de financiar o Renda Cidad\u00e3 com recursos do Fundeb e afirmou que o uso de dinheiro para precat\u00f3rios \u00e9 \u201ca confiss\u00e3o de que se quer fazer uma pedalada\u201d.<\/p>\n<p style=\"text-align: justify;\">A l\u00edder do PCdoB na C\u00e2mara, deputada Perp\u00e9tua Almeida (AC), considerou a busca por recursos do Fundeb como \u201cum calote na educa\u00e7\u00e3o b\u00e1sica, diminuindo os repasses para estados e munic\u00edpios\u201d.<\/p>\n<p style=\"text-align: justify;\">\u201c\u00c9 drible e \u00e9 calote. Porque ele quer mexer, reduzindo um recurso para estados e munic\u00edpios que j\u00e1 est\u00e1 na Constitui\u00e7\u00e3o para educa\u00e7\u00e3o b\u00e1sica\u201d, disse.<\/p>\n<p style=\"text-align: justify;\">No TCU, o ministro Bruno Dantas tamb\u00e9m se manifestou contra a proposta em uma rede social. Na avalia\u00e7\u00e3o dele, tentar mudar o teto de gastos com a PEC (proposta de emenda \u00e0 Constitui\u00e7\u00e3o) emergencial \u00e9 juridicamente poss\u00edvel, mas o \u201cproblema \u00e9 o significado pol\u00edtico para o compromisso com gest\u00e3o fiscal respons\u00e1vel\u201d.<\/p>\n<p style=\"text-align: justify;\">\u201cEmenda constitucional pode tirar dinheiro do Fundeb para mascarar mudan\u00e7a do teto? Pode, mas por que tergiversar?\u201d, escreveu. Dantas afirma que a despesa com o Fundeb est\u00e1 fora do teto de gastos.<\/p>\n<p style=\"text-align: justify;\">\u201cInflar o Fundeb para, em seguida, dele tirar 5% para financiar outro programa, \u00e9 rigorosamente o mesmo que inserir mais uma exce\u00e7\u00e3o no par\u00e1grafo 6\u00ba do art. 107. Por que n\u00e3o faz\u00ea-lo \u00e0s claras?\u201d, indagou.<\/p>\n<p style=\"text-align: justify;\">Ele tamb\u00e9m criticou a utiliza\u00e7\u00e3o de recursos de precat\u00f3rios, afirmando que a medida \u201cparece truque para esconder a fuga do teto de gastos\u201d.<\/p>\n<p style=\"text-align: justify;\">\u201cReduz a despesa prim\u00e1ria de forma artificial porque a d\u00edvida n\u00e3o desaparece, apenas \u00e9 rolada para o ano seguinte. Em vez do teto estimular economia de dinheiro, estimulou a criatividade\u201d, disse o ministro do TCU.<\/p>\n<p style=\"text-align: justify;\">\n<p style=\"text-align: justify;\"><span class=\"assinatura_exclusiva\">Folhapress<\/span><\/p>\n","protected":false},"excerpt":{"rendered":"<p>O an\u00fancio de que o Renda Cidad\u00e3, programa com o qual o governo quer substituir o Bolsa Fam\u00edlia, deve ser financiado com limita\u00e7\u00e3o dos gastos de precat\u00f3rios e recursos do Fundeb (fundo para educa\u00e7\u00e3o b\u00e1sica) gerou cr\u00edticas de que se trataria de tentativa de driblar o teto de gastos. No TCU (Tribunal de Contas da [&hellip;]<\/p>\n","protected":false},"author":1,"featured_media":14695,"comment_status":"open","ping_status":"open","sticky":false,"template":"","format":"standard","meta":{"_uag_custom_page_level_css":"","_monsterinsights_skip_tracking":false,"_monsterinsights_sitenote_active":false,"_monsterinsights_sitenote_note":"","_monsterinsights_sitenote_category":0,"jetpack_post_was_ever_published":false,"_jetpack_newsletter_access":"","_jetpack_dont_email_post_to_subs":false,"_jetpack_newsletter_tier_id":0,"_jetpack_memberships_contains_paywalled_content":false,"_jetpack_memberships_contains_paid_content":false,"footnotes":"","jetpack_publicize_message":"","jetpack_publicize_feature_enabled":true,"jetpack_social_post_already_shared":true,"jetpack_social_options":{"image_generator_settings":{"template":"highway","default_image_id":0,"font":"","enabled":false},"version":2}},"categories":[200,197],"tags":[],"class_list":["post-14694","post","type-post","status-publish","format-standard","has-post-thumbnail","hentry","category-brasil","category-politica"],"jetpack_publicize_connections":[],"jetpack_featured_media_url":"https:\/\/blogopara.com.br\/wp-content\/uploads\/2020\/09\/images-1.jpg","uagb_featured_image_src":{"full":["https:\/\/blogopara.com.br\/wp-content\/uploads\/2020\/09\/images-1.jpg",400,224,false],"thumbnail":["https:\/\/blogopara.com.br\/wp-content\/uploads\/2020\/09\/images-1-150x150.jpg",150,150,true],"medium":["https:\/\/blogopara.com.br\/wp-content\/uploads\/2020\/09\/images-1-300x168.jpg",300,168,true],"medium_large":["https:\/\/blogopara.com.br\/wp-content\/uploads\/2020\/09\/images-1.jpg",400,224,false],"large":["https:\/\/blogopara.com.br\/wp-content\/uploads\/2020\/09\/images-1.jpg",400,224,false],"1536x1536":["https:\/\/blogopara.com.br\/wp-content\/uploads\/2020\/09\/images-1.jpg",400,224,false],"2048x2048":["https:\/\/blogopara.com.br\/wp-content\/uploads\/2020\/09\/images-1.jpg",400,224,false],"mantranews-slider-large":["https:\/\/blogopara.com.br\/wp-content\/uploads\/2020\/09\/images-1.jpg",400,224,false],"mantranews-featured-medium":["https:\/\/blogopara.com.br\/wp-content\/uploads\/2020\/09\/images-1.jpg",400,224,false],"mantranews-featured-long":["https:\/\/blogopara.com.br\/wp-content\/uploads\/2020\/09\/images-1-300x224.jpg",300,224,true],"mantranews-block-medium":["https:\/\/blogopara.com.br\/wp-content\/uploads\/2020\/09\/images-1.jpg",400,224,false],"mantranews-carousel-image":["https:\/\/blogopara.com.br\/wp-content\/uploads\/2020\/09\/images-1.jpg",400,224,false],"mantranews-block-thumb":["https:\/\/blogopara.com.br\/wp-content\/uploads\/2020\/09\/images-1-322x224.jpg",322,224,true],"mantranews-single-large":["https:\/\/blogopara.com.br\/wp-content\/uploads\/2020\/09\/images-1.jpg",400,224,false]},"uagb_author_info":{"display_name":"Reda\u00e7\u00e3o geral","author_link":"https:\/\/blogopara.com.br\/index.php\/author\/blogopara"},"uagb_comment_info":0,"uagb_excerpt":"O an\u00fancio de que o Renda Cidad\u00e3, programa com o qual o governo quer substituir o Bolsa Fam\u00edlia, deve ser financiado com limita\u00e7\u00e3o dos gastos de precat\u00f3rios e recursos do Fundeb (fundo para educa\u00e7\u00e3o b\u00e1sica) gerou cr\u00edticas de que se trataria de tentativa de driblar o teto de gastos. No TCU (Tribunal de Contas da&hellip;","jetpack_sharing_enabled":true,"jetpack_likes_enabled":true,"_links":{"self":[{"href":"https:\/\/blogopara.com.br\/index.php\/wp-json\/wp\/v2\/posts\/14694","targetHints":{"allow":["GET"]}}],"collection":[{"href":"https:\/\/blogopara.com.br\/index.php\/wp-json\/wp\/v2\/posts"}],"about":[{"href":"https:\/\/blogopara.com.br\/index.php\/wp-json\/wp\/v2\/types\/post"}],"author":[{"embeddable":true,"href":"https:\/\/blogopara.com.br\/index.php\/wp-json\/wp\/v2\/users\/1"}],"replies":[{"embeddable":true,"href":"https:\/\/blogopara.com.br\/index.php\/wp-json\/wp\/v2\/comments?post=14694"}],"version-history":[{"count":1,"href":"https:\/\/blogopara.com.br\/index.php\/wp-json\/wp\/v2\/posts\/14694\/revisions"}],"predecessor-version":[{"id":14696,"href":"https:\/\/blogopara.com.br\/index.php\/wp-json\/wp\/v2\/posts\/14694\/revisions\/14696"}],"wp:featuredmedia":[{"embeddable":true,"href":"https:\/\/blogopara.com.br\/index.php\/wp-json\/wp\/v2\/media\/14695"}],"wp:attachment":[{"href":"https:\/\/blogopara.com.br\/index.php\/wp-json\/wp\/v2\/media?parent=14694"}],"wp:term":[{"taxonomy":"category","embeddable":true,"href":"https:\/\/blogopara.com.br\/index.php\/wp-json\/wp\/v2\/categories?post=14694"},{"taxonomy":"post_tag","embeddable":true,"href":"https:\/\/blogopara.com.br\/index.php\/wp-json\/wp\/v2\/tags?post=14694"}],"curies":[{"name":"wp","href":"https:\/\/api.w.org\/{rel}","templated":true}]}}