{"id":14766,"date":"2020-10-01T15:03:28","date_gmt":"2020-10-01T18:03:28","guid":{"rendered":"http:\/\/blogopara.com.br\/?p=14766"},"modified":"2020-10-01T15:03:32","modified_gmt":"2020-10-01T18:03:32","slug":"juazeiro-aonde-estava-o-conselho-municipal-de-saude-quando-morreram-os-bebes-na-maternidade","status":"publish","type":"post","link":"https:\/\/blogopara.com.br\/index.php\/2020\/10\/01\/juazeiro-aonde-estava-o-conselho-municipal-de-saude-quando-morreram-os-bebes-na-maternidade","title":{"rendered":"Juazeiro: Aonde estava o Conselho Municipal  de Sa\u00fade quando morreram os beb\u00eas na maternidade?"},"content":{"rendered":"<p style=\"text-align: justify;\">Feita uma conta macabra, estima-se que cerca de 10 crian\u00e7as morreram na maternidade nos \u00faltimos anos, algumas delas as m\u00e3es acusam a maternidade municipal de neglig\u00eancia e omiss\u00e3o. Casos que ganharam grande repercuss\u00e3o nacional, como foi o caso mais recente da rec\u00e9m-nascida Vit\u00f3ria, filha da jovem Jessica Alves.<\/p>\n<p style=\"text-align: justify;\">A Secretaria de Sa\u00fade emitiu uma nota, que parece ser a mesma para todos os casos, mas o Conselho Municipal de Sa\u00fade, nunca emitiu nenhuma nota sobre os casos, e nem t\u00e3o pouco acompanhou os familiares. Como \u00e9 o caso da jovem Jessica, que est\u00e1 sendo acompanhada por volunt\u00e1rios.<\/p>\n<p dir=\"ltr\" style=\"text-align: justify;\">A import\u00e2ncia da atua\u00e7\u00e3o do Conselho Municipal, \u00e9 inestim\u00e1vel porque garante esta inclus\u00e3o direta da popula\u00e7\u00e3o no controle e na elabora\u00e7\u00e3o de pol\u00edticas para a gest\u00e3o de sa\u00fade na cidade. Em Juazeiro existe cerca de 22 conselhos, mas nenhum funciona bem, a grande maioria aparelhado e servindo ao executivo, como \u00e9 o caso do Conselho de Sa\u00fade.<\/p>\n<h5 dir=\"ltr\">Quais s\u00e3o as atribui\u00e7\u00f5es do Conselho Municipal de Sa\u00fade?<\/h5>\n<p dir=\"ltr\" style=\"text-align: justify;\">Em sua fun\u00e7\u00e3o de elaborar e controlar a execu\u00e7\u00e3o da pol\u00edtica p\u00fablica da sa\u00fade municipal regional, o Conselho Municipal de Sa\u00fade possui as seguintes responsabilidades:<\/p>\n<ul>\n<li>Controlar o dinheiro da sa\u00fade;<\/li>\n<li>Monitorar a execu\u00e7\u00e3o das a\u00e7\u00f5es na \u00e1rea da sa\u00fade;<\/li>\n<li>Participar da formula\u00e7\u00e3o das metas para a \u00e1rea da sa\u00fade;<\/li>\n<li>Reunir-se ao menos uma vez por m\u00eas;<\/li>\n<li>Acompanhar as verbas que s\u00e3o encaminhadas pelo SUS e tamb\u00e9m os repasses de programas federais.<\/li>\n<\/ul>\n<p dir=\"ltr\" style=\"text-align: justify;\">Por isso, a fiscaliza\u00e7\u00e3o do funcionamento do Conselho \u00e9 importante, para evitar o seu uso pol\u00edtico, principalmente em tempos de elei\u00e7\u00e3o.<\/p>\n<p dir=\"ltr\" style=\"text-align: justify;\">\n<p style=\"text-align: justify;\">\n<p style=\"text-align: justify;\">\n","protected":false},"excerpt":{"rendered":"<p>Feita uma conta macabra, estima-se que cerca de 10 crian\u00e7as morreram na maternidade nos \u00faltimos anos, algumas delas as m\u00e3es acusam a maternidade municipal de neglig\u00eancia e omiss\u00e3o. Casos que ganharam grande repercuss\u00e3o nacional, como foi o caso mais recente da rec\u00e9m-nascida Vit\u00f3ria, filha da jovem Jessica Alves. A Secretaria de Sa\u00fade emitiu uma nota, [&hellip;]<\/p>\n","protected":false},"author":1,"featured_media":14769,"comment_status":"open","ping_status":"open","sticky":false,"template":"","format":"standard","meta":{"_uag_custom_page_level_css":"","_monsterinsights_skip_tracking":false,"_monsterinsights_sitenote_active":false,"_monsterinsights_sitenote_note":"","_monsterinsights_sitenote_category":0,"jetpack_post_was_ever_published":false,"_jetpack_newsletter_access":"","_jetpack_dont_email_post_to_subs":false,"_jetpack_newsletter_tier_id":0,"_jetpack_memberships_contains_paywalled_content":false,"_jetpack_memberships_contains_paid_content":false,"footnotes":"","jetpack_publicize_message":"","jetpack_publicize_feature_enabled":true,"jetpack_social_post_already_shared":true,"jetpack_social_options":{"image_generator_settings":{"template":"highway","default_image_id":0,"font":"","enabled":false},"version":2}},"categories":[203,197,205],"tags":[],"class_list":["post-14766","post","type-post","status-publish","format-standard","has-post-thumbnail","hentry","category-juazeiro","category-politica","category-saude"],"jetpack_publicize_connections":[],"jetpack_featured_media_url":"https:\/\/blogopara.com.br\/wp-content\/uploads\/2020\/10\/Conselhosaudejua.jpg","uagb_featured_image_src":{"full":["https:\/\/blogopara.com.br\/wp-content\/uploads\/2020\/10\/Conselhosaudejua.jpg",459,306,false],"thumbnail":["https:\/\/blogopara.com.br\/wp-content\/uploads\/2020\/10\/Conselhosaudejua-150x150.jpg",150,150,true],"medium":["https:\/\/blogopara.com.br\/wp-content\/uploads\/2020\/10\/Conselhosaudejua-300x200.jpg",300,200,true],"medium_large":["https:\/\/blogopara.com.br\/wp-content\/uploads\/2020\/10\/Conselhosaudejua.jpg",459,306,false],"large":["https:\/\/blogopara.com.br\/wp-content\/uploads\/2020\/10\/Conselhosaudejua.jpg",459,306,false],"1536x1536":["https:\/\/blogopara.com.br\/wp-content\/uploads\/2020\/10\/Conselhosaudejua.jpg",459,306,false],"2048x2048":["https:\/\/blogopara.com.br\/wp-content\/uploads\/2020\/10\/Conselhosaudejua.jpg",459,306,false],"mantranews-slider-large":["https:\/\/blogopara.com.br\/wp-content\/uploads\/2020\/10\/Conselhosaudejua.jpg",459,306,false],"mantranews-featured-medium":["https:\/\/blogopara.com.br\/wp-content\/uploads\/2020\/10\/Conselhosaudejua-420x306.jpg",420,306,true],"mantranews-featured-long":["https:\/\/blogopara.com.br\/wp-content\/uploads\/2020\/10\/Conselhosaudejua-300x306.jpg",300,306,true],"mantranews-block-medium":["https:\/\/blogopara.com.br\/wp-content\/uploads\/2020\/10\/Conselhosaudejua-459x290.jpg",459,290,true],"mantranews-carousel-image":["https:\/\/blogopara.com.br\/wp-content\/uploads\/2020\/10\/Conselhosaudejua.jpg",459,306,false],"mantranews-block-thumb":["https:\/\/blogopara.com.br\/wp-content\/uploads\/2020\/10\/Conselhosaudejua-322x230.jpg",322,230,true],"mantranews-single-large":["https:\/\/blogopara.com.br\/wp-content\/uploads\/2020\/10\/Conselhosaudejua.jpg",459,306,false]},"uagb_author_info":{"display_name":"Reda\u00e7\u00e3o geral","author_link":"https:\/\/blogopara.com.br\/index.php\/author\/blogopara"},"uagb_comment_info":1,"uagb_excerpt":"Feita uma conta macabra, estima-se que cerca de 10 crian\u00e7as morreram na maternidade nos \u00faltimos anos, algumas delas as m\u00e3es acusam a maternidade municipal de neglig\u00eancia e omiss\u00e3o. Casos que ganharam grande repercuss\u00e3o nacional, como foi o caso mais recente da rec\u00e9m-nascida Vit\u00f3ria, filha da jovem Jessica Alves. A Secretaria de Sa\u00fade emitiu uma nota,&hellip;","jetpack_sharing_enabled":true,"jetpack_likes_enabled":true,"_links":{"self":[{"href":"https:\/\/blogopara.com.br\/index.php\/wp-json\/wp\/v2\/posts\/14766","targetHints":{"allow":["GET"]}}],"collection":[{"href":"https:\/\/blogopara.com.br\/index.php\/wp-json\/wp\/v2\/posts"}],"about":[{"href":"https:\/\/blogopara.com.br\/index.php\/wp-json\/wp\/v2\/types\/post"}],"author":[{"embeddable":true,"href":"https:\/\/blogopara.com.br\/index.php\/wp-json\/wp\/v2\/users\/1"}],"replies":[{"embeddable":true,"href":"https:\/\/blogopara.com.br\/index.php\/wp-json\/wp\/v2\/comments?post=14766"}],"version-history":[{"count":2,"href":"https:\/\/blogopara.com.br\/index.php\/wp-json\/wp\/v2\/posts\/14766\/revisions"}],"predecessor-version":[{"id":14768,"href":"https:\/\/blogopara.com.br\/index.php\/wp-json\/wp\/v2\/posts\/14766\/revisions\/14768"}],"wp:featuredmedia":[{"embeddable":true,"href":"https:\/\/blogopara.com.br\/index.php\/wp-json\/wp\/v2\/media\/14769"}],"wp:attachment":[{"href":"https:\/\/blogopara.com.br\/index.php\/wp-json\/wp\/v2\/media?parent=14766"}],"wp:term":[{"taxonomy":"category","embeddable":true,"href":"https:\/\/blogopara.com.br\/index.php\/wp-json\/wp\/v2\/categories?post=14766"},{"taxonomy":"post_tag","embeddable":true,"href":"https:\/\/blogopara.com.br\/index.php\/wp-json\/wp\/v2\/tags?post=14766"}],"curies":[{"name":"wp","href":"https:\/\/api.w.org\/{rel}","templated":true}]}}