{"id":14804,"date":"2020-10-04T08:46:01","date_gmt":"2020-10-04T11:46:01","guid":{"rendered":"http:\/\/blogopara.com.br\/?p=14804"},"modified":"2020-10-02T17:51:24","modified_gmt":"2020-10-02T20:51:24","slug":"isidorio-diz-que-votou-a-favor-da-reforma-da-previdencia-por-ordem-do-governo-do-estado","status":"publish","type":"post","link":"https:\/\/blogopara.com.br\/index.php\/2020\/10\/04\/isidorio-diz-que-votou-a-favor-da-reforma-da-previdencia-por-ordem-do-governo-do-estado","title":{"rendered":"Isid\u00f3rio diz que votou a favor da reforma da Previd\u00eancia por ordem do Governo do Estado"},"content":{"rendered":"<p style=\"text-align: justify;\">Ao justificar seu voto no primeiro turno da reforma da Previd\u00eancia, em 2019, o deputado federal Pastor Sargento Isid\u00f3rio (Avante), candidato \u00e0 prefeitura de Salvador, afirmou ter seguido uma orienta\u00e7\u00e3o dada pelo governador Rui Costa (PT) aos deputados federais baianos que fazem parte de sua base. A declara\u00e7\u00e3o foi feita ao ser questionado pelo candidato Hilton Coelho (PSOL), no debate com os postulantes \u00e0 prefeitura, nesta quinta (1\u00ba)<ins class=\"adsbygoogle\" data-ad-layout=\"in-article\" data-ad-format=\"fluid\" data-ad-client=\"ca-pub-2345950003494206\" data-ad-slot=\"8842292873\" data-adsbygoogle-status=\"done\"><ins id=\"aswift_0_expand\"><ins id=\"aswift_0_anchor\"><\/ins><\/ins><\/ins><\/p>\n<p style=\"text-align: justify;\">\u201cHilton, voc\u00ea deve estar mal informado. Votei, orientado pelo Governo do Estado, a favor. Assim que eu entendi que a reforma foi feita prejudicando os mais fracos, e que os meus eleitores n\u00e3o gostaram, eu retirei o meu voto. Toda vez que eu sentir que falhei, voltarei atr\u00e1s com dignidade\u201d, disse Isid\u00f3rio. Hilton chegou a perguntar se o deputado \u201cn\u00e3o tinha vergonha de ser candidato\u201d por conta do seu voto a favor do projeto.<\/p>\n<p style=\"text-align: justify;\">Apesar do PT manter a orienta\u00e7\u00e3o de manter o voto contra a reforma da Previd\u00eancia, mesmo com as mudan\u00e7as sugeridas pela oposi\u00e7\u00e3o, o governador Rui Costa se mostrou favor\u00e1vel ao projeto, desde que fosse retirada a proposta de capitaliza\u00e7\u00e3o, o que acabou acontecendo.<\/p>\n<p style=\"text-align: justify;\">\u201cEsse modelo, num pa\u00eds t\u00e3o desigual, n\u00e3o trar\u00e1 solu\u00e7\u00e3o imediata e deveria ficar de fora deste debate neste momento\u201d, disse na \u00e9poca. Depois, Rui acabou orientando os parlamentares aliados a votarem a favor do projeto. Isid\u00f3rio, que votou favor\u00e1vel no primeiro turno, mudou o voto na segunda rodada.<\/p>\n<p style=\"text-align: justify;\">Fonte: Politica ao Vivo<\/p>\n","protected":false},"excerpt":{"rendered":"<p>Ao justificar seu voto no primeiro turno da reforma da Previd\u00eancia, em 2019, o deputado federal Pastor Sargento Isid\u00f3rio (Avante), candidato \u00e0 prefeitura de Salvador, afirmou ter seguido uma orienta\u00e7\u00e3o dada pelo governador Rui Costa (PT) aos deputados federais baianos que fazem parte de sua base. A declara\u00e7\u00e3o foi feita ao ser questionado pelo candidato [&hellip;]<\/p>\n","protected":false},"author":1,"featured_media":14805,"comment_status":"open","ping_status":"open","sticky":false,"template":"","format":"standard","meta":{"_uag_custom_page_level_css":"","_monsterinsights_skip_tracking":false,"_monsterinsights_sitenote_active":false,"_monsterinsights_sitenote_note":"","_monsterinsights_sitenote_category":0,"jetpack_post_was_ever_published":false,"_jetpack_newsletter_access":"","_jetpack_dont_email_post_to_subs":false,"_jetpack_newsletter_tier_id":0,"_jetpack_memberships_contains_paywalled_content":false,"_jetpack_memberships_contains_paid_content":false,"footnotes":"","jetpack_publicize_message":"","jetpack_publicize_feature_enabled":true,"jetpack_social_post_already_shared":true,"jetpack_social_options":{"image_generator_settings":{"template":"highway","default_image_id":0,"font":"","enabled":false},"version":2}},"categories":[199,197],"tags":[],"class_list":["post-14804","post","type-post","status-publish","format-standard","has-post-thumbnail","hentry","category-bahia","category-politica"],"jetpack_publicize_connections":[],"jetpack_featured_media_url":"https:\/\/blogopara.com.br\/wp-content\/uploads\/2020\/10\/IMAGEM_NOTICIA_1.jpg","uagb_featured_image_src":{"full":["https:\/\/blogopara.com.br\/wp-content\/uploads\/2020\/10\/IMAGEM_NOTICIA_1.jpg",500,319,false],"thumbnail":["https:\/\/blogopara.com.br\/wp-content\/uploads\/2020\/10\/IMAGEM_NOTICIA_1-150x150.jpg",150,150,true],"medium":["https:\/\/blogopara.com.br\/wp-content\/uploads\/2020\/10\/IMAGEM_NOTICIA_1-300x191.jpg",300,191,true],"medium_large":["https:\/\/blogopara.com.br\/wp-content\/uploads\/2020\/10\/IMAGEM_NOTICIA_1.jpg",500,319,false],"large":["https:\/\/blogopara.com.br\/wp-content\/uploads\/2020\/10\/IMAGEM_NOTICIA_1.jpg",500,319,false],"1536x1536":["https:\/\/blogopara.com.br\/wp-content\/uploads\/2020\/10\/IMAGEM_NOTICIA_1.jpg",500,319,false],"2048x2048":["https:\/\/blogopara.com.br\/wp-content\/uploads\/2020\/10\/IMAGEM_NOTICIA_1.jpg",500,319,false],"mantranews-slider-large":["https:\/\/blogopara.com.br\/wp-content\/uploads\/2020\/10\/IMAGEM_NOTICIA_1.jpg",500,319,false],"mantranews-featured-medium":["https:\/\/blogopara.com.br\/wp-content\/uploads\/2020\/10\/IMAGEM_NOTICIA_1-420x307.jpg",420,307,true],"mantranews-featured-long":["https:\/\/blogopara.com.br\/wp-content\/uploads\/2020\/10\/IMAGEM_NOTICIA_1-300x319.jpg",300,319,true],"mantranews-block-medium":["https:\/\/blogopara.com.br\/wp-content\/uploads\/2020\/10\/IMAGEM_NOTICIA_1-464x290.jpg",464,290,true],"mantranews-carousel-image":["https:\/\/blogopara.com.br\/wp-content\/uploads\/2020\/10\/IMAGEM_NOTICIA_1.jpg",500,319,false],"mantranews-block-thumb":["https:\/\/blogopara.com.br\/wp-content\/uploads\/2020\/10\/IMAGEM_NOTICIA_1-322x230.jpg",322,230,true],"mantranews-single-large":["https:\/\/blogopara.com.br\/wp-content\/uploads\/2020\/10\/IMAGEM_NOTICIA_1.jpg",500,319,false]},"uagb_author_info":{"display_name":"Reda\u00e7\u00e3o geral","author_link":"https:\/\/blogopara.com.br\/index.php\/author\/blogopara"},"uagb_comment_info":0,"uagb_excerpt":"Ao justificar seu voto no primeiro turno da reforma da Previd\u00eancia, em 2019, o deputado federal Pastor Sargento Isid\u00f3rio (Avante), candidato \u00e0 prefeitura de Salvador, afirmou ter seguido uma orienta\u00e7\u00e3o dada pelo governador Rui Costa (PT) aos deputados federais baianos que fazem parte de sua base. A declara\u00e7\u00e3o foi feita ao ser questionado pelo candidato&hellip;","jetpack_sharing_enabled":true,"jetpack_likes_enabled":true,"_links":{"self":[{"href":"https:\/\/blogopara.com.br\/index.php\/wp-json\/wp\/v2\/posts\/14804","targetHints":{"allow":["GET"]}}],"collection":[{"href":"https:\/\/blogopara.com.br\/index.php\/wp-json\/wp\/v2\/posts"}],"about":[{"href":"https:\/\/blogopara.com.br\/index.php\/wp-json\/wp\/v2\/types\/post"}],"author":[{"embeddable":true,"href":"https:\/\/blogopara.com.br\/index.php\/wp-json\/wp\/v2\/users\/1"}],"replies":[{"embeddable":true,"href":"https:\/\/blogopara.com.br\/index.php\/wp-json\/wp\/v2\/comments?post=14804"}],"version-history":[{"count":1,"href":"https:\/\/blogopara.com.br\/index.php\/wp-json\/wp\/v2\/posts\/14804\/revisions"}],"predecessor-version":[{"id":14806,"href":"https:\/\/blogopara.com.br\/index.php\/wp-json\/wp\/v2\/posts\/14804\/revisions\/14806"}],"wp:featuredmedia":[{"embeddable":true,"href":"https:\/\/blogopara.com.br\/index.php\/wp-json\/wp\/v2\/media\/14805"}],"wp:attachment":[{"href":"https:\/\/blogopara.com.br\/index.php\/wp-json\/wp\/v2\/media?parent=14804"}],"wp:term":[{"taxonomy":"category","embeddable":true,"href":"https:\/\/blogopara.com.br\/index.php\/wp-json\/wp\/v2\/categories?post=14804"},{"taxonomy":"post_tag","embeddable":true,"href":"https:\/\/blogopara.com.br\/index.php\/wp-json\/wp\/v2\/tags?post=14804"}],"curies":[{"name":"wp","href":"https:\/\/api.w.org\/{rel}","templated":true}]}}