{"id":14827,"date":"2020-10-04T12:55:07","date_gmt":"2020-10-04T15:55:07","guid":{"rendered":"http:\/\/blogopara.com.br\/?p=14827"},"modified":"2020-10-04T13:19:19","modified_gmt":"2020-10-04T16:19:19","slug":"eleicoes-2020-o-valente-irmao-francisco-diz-nao-ao-corone-isaac-carvalho","status":"publish","type":"post","link":"https:\/\/blogopara.com.br\/index.php\/2020\/10\/04\/eleicoes-2020-o-valente-irmao-francisco-diz-nao-ao-corone-isaac-carvalho","title":{"rendered":"Elei\u00e7\u00f5es 2020: O valente Irm\u00e3o Francisco, diz n\u00e3o ao coron\u00e9 Isaac Carvalho"},"content":{"rendered":"<p style=\"text-align: justify;\">Nascido em um lar honesto e humilde, Francisco Oliveira, &#8220;Irm\u00e3o Francisco&#8221;, come\u00e7ou a carreira pol\u00edtica no movimento estudantil. Foi eleito vereador e vice-prefeito em Juazeiro, sempre trabalhando pela causa dos menos favorecidos.<\/p>\n<p style=\"text-align: justify;\">Ap\u00f3s o t\u00e9rmino do mandato de vice-prefeito, em 01 de janeiro de 2017, Francisco Oliveira sentiu na pele a ingratid\u00e3o e indiferen\u00e7a pol\u00edtica da atual gest\u00e3o. N\u00e3o teve cargos relevantes, poderia ter sido convidado para ser secret\u00e1rio ou ocupar cargos de destaque, principalmente por sua trajet\u00f3ria e experi\u00eancia pol\u00edtica, mas foi bem aproveitada para o crescimento do munic\u00edpio.<\/p>\n<p style=\"text-align: justify;\">Ao se filiar no PDT &#8211; Partido Democr\u00e1tico Brasileiro, Irm\u00e3o Francisco, viu a esperan\u00e7a de novamente defender o povo no legislativo. O PDT esteva na base do prefeito Paulo Bomfim (PT), mas almejava outros voos depois das elei\u00e7\u00f5es desse ano. O partido montou um elenco candidatos competitivos e que traz a possibilidade de fazer pelo menos tr\u00eas vereadores.<\/p>\n<p style=\"text-align: justify;\">No m\u00eas de setembro, durante as conven\u00e7\u00f5es o partido rompeu com o prefeito Paulo Bomfim, e a\u00ed come\u00e7aram as amea\u00e7as e propostas, principalmente do prefeito Isaac Carvalho, que durante uma reuni\u00e3o, segundo fontes ligadas ao Irm\u00e3o Francisco, com alguns candidatos do PDT, teria feito propostas e amea\u00e7as caso n\u00e3o apoiasse a reelei\u00e7\u00e3o de Paulo Bomfim.<\/p>\n<p style=\"text-align: justify;\">Mas os dias humilha\u00e7\u00f5es chegaram ao fim, o valente Irm\u00e3o Francisco disse n\u00e3o ao coron\u00e9 Isaac Carvalho, e decidiu juntamente com o seu partido, apoiar a chapa encabe\u00e7ada por Suzana Ramos (PSDB).<\/p>\n<p style=\"text-align: justify;\">Para Francisco Oliveira, o que conta hoje \u00e9 a experi\u00eancia e independ\u00eancia, para defender os interesses da sociedade Juazeirense. &#8220;Defenderemos a institui\u00e7\u00e3o fam\u00edlia tradicional, pol\u00edticas p\u00fablicas para quem mais precisa e a \u00e9tica no poder legislativo&#8221;, ressaltou Irm\u00e3o Francisco.<\/p>\n","protected":false},"excerpt":{"rendered":"<p>Nascido em um lar honesto e humilde, Francisco Oliveira, &#8220;Irm\u00e3o Francisco&#8221;, come\u00e7ou a carreira pol\u00edtica no movimento estudantil. Foi eleito vereador e vice-prefeito em Juazeiro, sempre trabalhando pela causa dos menos favorecidos. Ap\u00f3s o t\u00e9rmino do mandato de vice-prefeito, em 01 de janeiro de 2017, Francisco Oliveira sentiu na pele a ingratid\u00e3o e indiferen\u00e7a pol\u00edtica [&hellip;]<\/p>\n","protected":false},"author":1,"featured_media":14828,"comment_status":"open","ping_status":"open","sticky":false,"template":"","format":"standard","meta":{"_uag_custom_page_level_css":"","_monsterinsights_skip_tracking":false,"_monsterinsights_sitenote_active":false,"_monsterinsights_sitenote_note":"","_monsterinsights_sitenote_category":0,"jetpack_post_was_ever_published":false,"_jetpack_newsletter_access":"","_jetpack_dont_email_post_to_subs":false,"_jetpack_newsletter_tier_id":0,"_jetpack_memberships_contains_paywalled_content":false,"_jetpack_memberships_contains_paid_content":false,"footnotes":"","jetpack_publicize_message":"","jetpack_publicize_feature_enabled":true,"jetpack_social_post_already_shared":true,"jetpack_social_options":{"image_generator_settings":{"template":"highway","default_image_id":0,"font":"","enabled":false},"version":2}},"categories":[203,197],"tags":[],"class_list":["post-14827","post","type-post","status-publish","format-standard","has-post-thumbnail","hentry","category-juazeiro","category-politica"],"jetpack_publicize_connections":[],"jetpack_featured_media_url":"https:\/\/blogopara.com.br\/wp-content\/uploads\/2020\/10\/irmao-francisco-oliveira.jpg","uagb_featured_image_src":{"full":["https:\/\/blogopara.com.br\/wp-content\/uploads\/2020\/10\/irmao-francisco-oliveira.jpg",500,382,false],"thumbnail":["https:\/\/blogopara.com.br\/wp-content\/uploads\/2020\/10\/irmao-francisco-oliveira-150x150.jpg",150,150,true],"medium":["https:\/\/blogopara.com.br\/wp-content\/uploads\/2020\/10\/irmao-francisco-oliveira-300x229.jpg",300,229,true],"medium_large":["https:\/\/blogopara.com.br\/wp-content\/uploads\/2020\/10\/irmao-francisco-oliveira.jpg",500,382,false],"large":["https:\/\/blogopara.com.br\/wp-content\/uploads\/2020\/10\/irmao-francisco-oliveira.jpg",500,382,false],"1536x1536":["https:\/\/blogopara.com.br\/wp-content\/uploads\/2020\/10\/irmao-francisco-oliveira.jpg",500,382,false],"2048x2048":["https:\/\/blogopara.com.br\/wp-content\/uploads\/2020\/10\/irmao-francisco-oliveira.jpg",500,382,false],"mantranews-slider-large":["https:\/\/blogopara.com.br\/wp-content\/uploads\/2020\/10\/irmao-francisco-oliveira.jpg",500,382,false],"mantranews-featured-medium":["https:\/\/blogopara.com.br\/wp-content\/uploads\/2020\/10\/irmao-francisco-oliveira-420x307.jpg",420,307,true],"mantranews-featured-long":["https:\/\/blogopara.com.br\/wp-content\/uploads\/2020\/10\/irmao-francisco-oliveira-300x382.jpg",300,382,true],"mantranews-block-medium":["https:\/\/blogopara.com.br\/wp-content\/uploads\/2020\/10\/irmao-francisco-oliveira-464x290.jpg",464,290,true],"mantranews-carousel-image":["https:\/\/blogopara.com.br\/wp-content\/uploads\/2020\/10\/irmao-francisco-oliveira.jpg",500,382,false],"mantranews-block-thumb":["https:\/\/blogopara.com.br\/wp-content\/uploads\/2020\/10\/irmao-francisco-oliveira-322x230.jpg",322,230,true],"mantranews-single-large":["https:\/\/blogopara.com.br\/wp-content\/uploads\/2020\/10\/irmao-francisco-oliveira.jpg",500,382,false]},"uagb_author_info":{"display_name":"Reda\u00e7\u00e3o geral","author_link":"https:\/\/blogopara.com.br\/index.php\/author\/blogopara"},"uagb_comment_info":1,"uagb_excerpt":"Nascido em um lar honesto e humilde, Francisco Oliveira, &#8220;Irm\u00e3o Francisco&#8221;, come\u00e7ou a carreira pol\u00edtica no movimento estudantil. Foi eleito vereador e vice-prefeito em Juazeiro, sempre trabalhando pela causa dos menos favorecidos. Ap\u00f3s o t\u00e9rmino do mandato de vice-prefeito, em 01 de janeiro de 2017, Francisco Oliveira sentiu na pele a ingratid\u00e3o e indiferen\u00e7a pol\u00edtica&hellip;","jetpack_sharing_enabled":true,"jetpack_likes_enabled":true,"_links":{"self":[{"href":"https:\/\/blogopara.com.br\/index.php\/wp-json\/wp\/v2\/posts\/14827","targetHints":{"allow":["GET"]}}],"collection":[{"href":"https:\/\/blogopara.com.br\/index.php\/wp-json\/wp\/v2\/posts"}],"about":[{"href":"https:\/\/blogopara.com.br\/index.php\/wp-json\/wp\/v2\/types\/post"}],"author":[{"embeddable":true,"href":"https:\/\/blogopara.com.br\/index.php\/wp-json\/wp\/v2\/users\/1"}],"replies":[{"embeddable":true,"href":"https:\/\/blogopara.com.br\/index.php\/wp-json\/wp\/v2\/comments?post=14827"}],"version-history":[{"count":2,"href":"https:\/\/blogopara.com.br\/index.php\/wp-json\/wp\/v2\/posts\/14827\/revisions"}],"predecessor-version":[{"id":14833,"href":"https:\/\/blogopara.com.br\/index.php\/wp-json\/wp\/v2\/posts\/14827\/revisions\/14833"}],"wp:featuredmedia":[{"embeddable":true,"href":"https:\/\/blogopara.com.br\/index.php\/wp-json\/wp\/v2\/media\/14828"}],"wp:attachment":[{"href":"https:\/\/blogopara.com.br\/index.php\/wp-json\/wp\/v2\/media?parent=14827"}],"wp:term":[{"taxonomy":"category","embeddable":true,"href":"https:\/\/blogopara.com.br\/index.php\/wp-json\/wp\/v2\/categories?post=14827"},{"taxonomy":"post_tag","embeddable":true,"href":"https:\/\/blogopara.com.br\/index.php\/wp-json\/wp\/v2\/tags?post=14827"}],"curies":[{"name":"wp","href":"https:\/\/api.w.org\/{rel}","templated":true}]}}