{"id":14835,"date":"2020-10-05T08:41:00","date_gmt":"2020-10-05T11:41:00","guid":{"rendered":"http:\/\/blogopara.com.br\/?p=14835"},"modified":"2020-10-04T14:03:31","modified_gmt":"2020-10-04T17:03:31","slug":"rui-costa-pt-deve-apoiar-candidato-do-avante-em-salvador","status":"publish","type":"post","link":"https:\/\/blogopara.com.br\/index.php\/2020\/10\/05\/rui-costa-pt-deve-apoiar-candidato-do-avante-em-salvador","title":{"rendered":"Rui Costa (PT) deve apoiar candidato do Avante em Salvador"},"content":{"rendered":"<p style=\"text-align: justify;\">No xadrez da corrida eleitoral para a Prefeitura de Salvador, o governador Rui Costa (PT) movimenta suas pe\u00e7as para que um dos quatro candidatos de sua base tenha for\u00e7a suficiente para conseguir levar a disputa para um eventual segundo turno contra\u00a0Bruno Reis\u00a0(DEM), vice de ACM Neto (DEM). Reis entra no jogo com uma coliga\u00e7\u00e3o de 14 partidos &#8211; incluindo o PDT de Ciro Gomes, que faz parte da base de parlamentar de Costa &#8211; e herda apoio popular da bem avaliada administra\u00e7\u00e3o do gestor, que encerra seu segundo mandato.<\/p>\n<p class=\"text\" style=\"text-align: justify;\">Com 1.897.098 milh\u00e3o de eleitores (TSE) a capital \u00e9 estrat\u00e9gica para 2022, quando Rui buscar\u00e1 eleger seu sucessor e Neto deve concorrer ao governo. O fato de o PDT estar na coliga\u00e7\u00e3o municipal \u00e9 visto como um ind\u00edcio de que ACM Neto poder\u00e1 apoiar uma eventual candidatura de Ciro \u00e0 Presid\u00eancia.<\/p>\n<p class=\"text\" style=\"text-align: justify;\">Petistas e aliados acreditam que a pulveriza\u00e7\u00e3o de candidaturas deve ser suficiente para provocar o segundo turno contra Reis, com o nome que conseguir chegar l\u00e1. At\u00e9 agora, de acordo com as pesquisas locais, o candidato com mais chances \u00e9 Pastor Sargento Isid\u00f3rio (Avante). O PT, que nunca venceu elei\u00e7\u00e3o em Salvador, embora governe o estado desde 2007, v\u00ea a\u00a0major Denice\u00a0(PT), ex-gestora da ronda Maria da Penha, n\u00e3o decolar em pesquisas.<\/p>\n<p class=\"text\" style=\"text-align: justify;\">Diante desse quadro, Rui ensaia dar apoio claro ao Pastor Sargento Isid\u00f3rio. A posi\u00e7\u00e3o de segundo lugar nas pesquisas fez do pol\u00eamico candidato, at\u00e9 ent\u00e3o dado por &#8220;doido&#8221; no mundo pol\u00edtico, uma aposta para alavancar o segundo turno. Ele tem como aliado o PSD, mais ao centro, com uma vice mulher, Eleusa Coronel, mulher do senador \u00c2ngelo Coronel.<\/p>\n<p class=\"text\" style=\"text-align: justify;\">&#8220;Ele (Isid\u00f3rio) tem um peso extraordin\u00e1rio. Eu diria que o segundo turno passa pela vota\u00e7\u00e3o dele e, eventualmente, seja L\u00eddice, seja Denice, quem queira se colocar, quem quiser ir para o segundo turno, vai ter que ultrapassar a marca dele nas pesquisas. E eu acho que esse \u00e9 o esfor\u00e7o. Considero poss\u00edvel, mas vai ter que dar uma suadeira para pass\u00e1-lo&#8221;, disse Rui na sexta-feira, durante an\u00fancio da chapa Avante-PSD.<\/p>\n<p class=\"text\" style=\"text-align: justify;\">Isid\u00f3rio foi o deputado federal mais votado em 2018, 323.264 mil votos. Somente em Salvador, foram 169.807 mil. Pol\u00eamico por declara\u00e7\u00f5es ao longo da vida p\u00fablica, como quando se disse &#8220;ex-gay&#8221;, atinge um eleitorado evang\u00e9lico de base mais pobre e at\u00e9 progressistas, gra\u00e7as ao seu projeto social Funda\u00e7\u00e3o Dr. Jesus, que atende drogados. Rui at\u00e9 j\u00e1 autorizou o uso de sua imagem na campanha.<\/p>\n<p style=\"text-align: justify;\">Fonte de informa\u00e7\u00f5es: Terra<\/p>\n<div>\n<div class=\"imageElement videoEmbed\">\n<div class=\"player-embed-wrap\">\n<div id=\"player-embed-e1bbac06822cacfbd124ef67aba992f1g74ycz8n\" class=\"player-embed  zaz--standalone\">\n<div class=\"zaz-player-container\" style=\"text-align: justify;\" data-player-state=\"0\"><\/div>\n<\/div>\n<\/div>\n<\/div>\n<\/div>\n","protected":false},"excerpt":{"rendered":"<p>Concorrente petista n\u00e3o decola e Rui Costa n\u00e3o consegue reduzir para tr\u00eas o n\u00famero de candidaturas de aliados<\/p>\n","protected":false},"author":1,"featured_media":14838,"comment_status":"open","ping_status":"open","sticky":false,"template":"","format":"standard","meta":{"_uag_custom_page_level_css":"","_monsterinsights_skip_tracking":false,"_monsterinsights_sitenote_active":false,"_monsterinsights_sitenote_note":"","_monsterinsights_sitenote_category":0,"jetpack_post_was_ever_published":false,"_jetpack_newsletter_access":"","_jetpack_dont_email_post_to_subs":false,"_jetpack_newsletter_tier_id":0,"_jetpack_memberships_contains_paywalled_content":false,"_jetpack_memberships_contains_paid_content":false,"footnotes":"","jetpack_publicize_message":"","jetpack_publicize_feature_enabled":true,"jetpack_social_post_already_shared":true,"jetpack_social_options":{"image_generator_settings":{"template":"highway","default_image_id":0,"font":"","enabled":false},"version":2}},"categories":[199,197],"tags":[],"class_list":["post-14835","post","type-post","status-publish","format-standard","has-post-thumbnail","hentry","category-bahia","category-politica"],"jetpack_publicize_connections":[],"jetpack_featured_media_url":"https:\/\/blogopara.com.br\/wp-content\/uploads\/2020\/10\/IMAGEM_NOTICIA_0.jpg","uagb_featured_image_src":{"full":["https:\/\/blogopara.com.br\/wp-content\/uploads\/2020\/10\/IMAGEM_NOTICIA_0.jpg",500,280,false],"thumbnail":["https:\/\/blogopara.com.br\/wp-content\/uploads\/2020\/10\/IMAGEM_NOTICIA_0-150x150.jpg",150,150,true],"medium":["https:\/\/blogopara.com.br\/wp-content\/uploads\/2020\/10\/IMAGEM_NOTICIA_0-300x168.jpg",300,168,true],"medium_large":["https:\/\/blogopara.com.br\/wp-content\/uploads\/2020\/10\/IMAGEM_NOTICIA_0.jpg",500,280,false],"large":["https:\/\/blogopara.com.br\/wp-content\/uploads\/2020\/10\/IMAGEM_NOTICIA_0.jpg",500,280,false],"1536x1536":["https:\/\/blogopara.com.br\/wp-content\/uploads\/2020\/10\/IMAGEM_NOTICIA_0.jpg",500,280,false],"2048x2048":["https:\/\/blogopara.com.br\/wp-content\/uploads\/2020\/10\/IMAGEM_NOTICIA_0.jpg",500,280,false],"mantranews-slider-large":["https:\/\/blogopara.com.br\/wp-content\/uploads\/2020\/10\/IMAGEM_NOTICIA_0.jpg",500,280,false],"mantranews-featured-medium":["https:\/\/blogopara.com.br\/wp-content\/uploads\/2020\/10\/IMAGEM_NOTICIA_0-420x280.jpg",420,280,true],"mantranews-featured-long":["https:\/\/blogopara.com.br\/wp-content\/uploads\/2020\/10\/IMAGEM_NOTICIA_0-300x280.jpg",300,280,true],"mantranews-block-medium":["https:\/\/blogopara.com.br\/wp-content\/uploads\/2020\/10\/IMAGEM_NOTICIA_0-464x280.jpg",464,280,true],"mantranews-carousel-image":["https:\/\/blogopara.com.br\/wp-content\/uploads\/2020\/10\/IMAGEM_NOTICIA_0.jpg",500,280,false],"mantranews-block-thumb":["https:\/\/blogopara.com.br\/wp-content\/uploads\/2020\/10\/IMAGEM_NOTICIA_0-322x230.jpg",322,230,true],"mantranews-single-large":["https:\/\/blogopara.com.br\/wp-content\/uploads\/2020\/10\/IMAGEM_NOTICIA_0.jpg",500,280,false]},"uagb_author_info":{"display_name":"Reda\u00e7\u00e3o geral","author_link":"https:\/\/blogopara.com.br\/index.php\/author\/blogopara"},"uagb_comment_info":0,"uagb_excerpt":"Concorrente petista n\u00e3o decola e Rui Costa n\u00e3o consegue reduzir para tr\u00eas o n\u00famero de candidaturas de aliados","jetpack_sharing_enabled":true,"jetpack_likes_enabled":true,"_links":{"self":[{"href":"https:\/\/blogopara.com.br\/index.php\/wp-json\/wp\/v2\/posts\/14835","targetHints":{"allow":["GET"]}}],"collection":[{"href":"https:\/\/blogopara.com.br\/index.php\/wp-json\/wp\/v2\/posts"}],"about":[{"href":"https:\/\/blogopara.com.br\/index.php\/wp-json\/wp\/v2\/types\/post"}],"author":[{"embeddable":true,"href":"https:\/\/blogopara.com.br\/index.php\/wp-json\/wp\/v2\/users\/1"}],"replies":[{"embeddable":true,"href":"https:\/\/blogopara.com.br\/index.php\/wp-json\/wp\/v2\/comments?post=14835"}],"version-history":[{"count":1,"href":"https:\/\/blogopara.com.br\/index.php\/wp-json\/wp\/v2\/posts\/14835\/revisions"}],"predecessor-version":[{"id":14839,"href":"https:\/\/blogopara.com.br\/index.php\/wp-json\/wp\/v2\/posts\/14835\/revisions\/14839"}],"wp:featuredmedia":[{"embeddable":true,"href":"https:\/\/blogopara.com.br\/index.php\/wp-json\/wp\/v2\/media\/14838"}],"wp:attachment":[{"href":"https:\/\/blogopara.com.br\/index.php\/wp-json\/wp\/v2\/media?parent=14835"}],"wp:term":[{"taxonomy":"category","embeddable":true,"href":"https:\/\/blogopara.com.br\/index.php\/wp-json\/wp\/v2\/categories?post=14835"},{"taxonomy":"post_tag","embeddable":true,"href":"https:\/\/blogopara.com.br\/index.php\/wp-json\/wp\/v2\/tags?post=14835"}],"curies":[{"name":"wp","href":"https:\/\/api.w.org\/{rel}","templated":true}]}}