{"id":14854,"date":"2020-10-05T15:09:50","date_gmt":"2020-10-05T18:09:50","guid":{"rendered":"http:\/\/blogopara.com.br\/?p=14854"},"modified":"2020-10-05T15:10:11","modified_gmt":"2020-10-05T18:10:11","slug":"incendio-destroi-vegetacao-em-sento-se-norte-da-bahia","status":"publish","type":"post","link":"https:\/\/blogopara.com.br\/index.php\/2020\/10\/05\/incendio-destroi-vegetacao-em-sento-se-norte-da-bahia","title":{"rendered":"Inc\u00eandio destr\u00f3i vegeta\u00e7\u00e3o em Sento-S\u00e9, norte da Bahia"},"content":{"rendered":"<p style=\"text-align: justify;\">Um inc\u00eandio destruiu a vegeta\u00e7\u00e3o e matou animais na cidade de Sento S\u00e9, no norte da Bahia. O fogo, que come\u00e7ou na sexta-feira (2), foi controlado no\u00a0s\u00e1bado (3). Segundo informa\u00e7\u00f5es da Brigada For\u00e7a e Resgate, que atuou no combate \u00e0s chamas, a suspeita \u00e9 de que o inc\u00eandio tenha sido criminoso.<\/p>\n<p style=\"text-align: justify;\">A Brigada chegou \u00e0 localidade de Brejo de Fora, por volta das 17h50 de sexta e contou com ajuda de moradores da regi\u00e3o para controlar o fogo, no\u00a0s\u00e1bado. O trabalho durou cerca de 13 horas, e uma equipe continua no local fazendo o monitoramento da regi\u00e3o.<\/p>\n<p style=\"text-align: justify;\">Segundo Gl\u00e1ucio George Lima, l\u00edder do grupo de brigada, a mata seca, o terreno \u00edngreme e a for\u00e7a do vento facilitaram a propaga\u00e7\u00e3o das chamas e dificultaram o trabalho da equipe. Uma extens\u00e3o de 1.300 metros de largura por 3.400 de comprimento foi destru\u00edda.<\/p>\n<p style=\"text-align: justify;\">Ainda segundo a brigada, o fogo se espalhou rapidamente e chegou perto das resid\u00eancias, mas o avan\u00e7o da queimada foi controlado. Nenhum outro foco de inc\u00eandio foi localizado at\u00e9 o final da tarde deste s\u00e1bado.<\/p>\n<p style=\"text-align: justify;\">Fonte: RedeGN<\/p>\n","protected":false},"excerpt":{"rendered":"<p>Um inc\u00eandio destruiu a vegeta\u00e7\u00e3o e matou animais na cidade de Sento S\u00e9, no norte da Bahia. O fogo, que come\u00e7ou na sexta-feira (2), foi controlado no\u00a0s\u00e1bado (3). Segundo informa\u00e7\u00f5es da Brigada For\u00e7a e Resgate, que atuou no combate \u00e0s chamas, a suspeita \u00e9 de que o inc\u00eandio tenha sido criminoso. A Brigada chegou \u00e0 [&hellip;]<\/p>\n","protected":false},"author":1,"featured_media":14855,"comment_status":"open","ping_status":"open","sticky":false,"template":"","format":"standard","meta":{"_uag_custom_page_level_css":"","_monsterinsights_skip_tracking":false,"_monsterinsights_sitenote_active":false,"_monsterinsights_sitenote_note":"","_monsterinsights_sitenote_category":0,"jetpack_post_was_ever_published":false,"_jetpack_newsletter_access":"","_jetpack_dont_email_post_to_subs":false,"_jetpack_newsletter_tier_id":0,"_jetpack_memberships_contains_paywalled_content":false,"_jetpack_memberships_contains_paid_content":false,"footnotes":"","jetpack_publicize_message":"","jetpack_publicize_feature_enabled":true,"jetpack_social_post_already_shared":true,"jetpack_social_options":{"image_generator_settings":{"template":"highway","default_image_id":0,"font":"","enabled":false},"version":2}},"categories":[199,201,204],"tags":[],"class_list":["post-14854","post","type-post","status-publish","format-standard","has-post-thumbnail","hentry","category-bahia","category-bombeiro","category-social"],"jetpack_publicize_connections":[],"jetpack_featured_media_url":"https:\/\/blogopara.com.br\/wp-content\/uploads\/2020\/10\/FogoSento-Se.jpg","uagb_featured_image_src":{"full":["https:\/\/blogopara.com.br\/wp-content\/uploads\/2020\/10\/FogoSento-Se.jpg",500,500,false],"thumbnail":["https:\/\/blogopara.com.br\/wp-content\/uploads\/2020\/10\/FogoSento-Se-150x150.jpg",150,150,true],"medium":["https:\/\/blogopara.com.br\/wp-content\/uploads\/2020\/10\/FogoSento-Se-300x300.jpg",300,300,true],"medium_large":["https:\/\/blogopara.com.br\/wp-content\/uploads\/2020\/10\/FogoSento-Se.jpg",500,500,false],"large":["https:\/\/blogopara.com.br\/wp-content\/uploads\/2020\/10\/FogoSento-Se.jpg",500,500,false],"1536x1536":["https:\/\/blogopara.com.br\/wp-content\/uploads\/2020\/10\/FogoSento-Se.jpg",500,500,false],"2048x2048":["https:\/\/blogopara.com.br\/wp-content\/uploads\/2020\/10\/FogoSento-Se.jpg",500,500,false],"mantranews-slider-large":["https:\/\/blogopara.com.br\/wp-content\/uploads\/2020\/10\/FogoSento-Se.jpg",500,500,false],"mantranews-featured-medium":["https:\/\/blogopara.com.br\/wp-content\/uploads\/2020\/10\/FogoSento-Se-420x307.jpg",420,307,true],"mantranews-featured-long":["https:\/\/blogopara.com.br\/wp-content\/uploads\/2020\/10\/FogoSento-Se-300x443.jpg",300,443,true],"mantranews-block-medium":["https:\/\/blogopara.com.br\/wp-content\/uploads\/2020\/10\/FogoSento-Se-464x290.jpg",464,290,true],"mantranews-carousel-image":["https:\/\/blogopara.com.br\/wp-content\/uploads\/2020\/10\/FogoSento-Se.jpg",500,500,false],"mantranews-block-thumb":["https:\/\/blogopara.com.br\/wp-content\/uploads\/2020\/10\/FogoSento-Se-322x230.jpg",322,230,true],"mantranews-single-large":["https:\/\/blogopara.com.br\/wp-content\/uploads\/2020\/10\/FogoSento-Se.jpg",500,500,false]},"uagb_author_info":{"display_name":"Reda\u00e7\u00e3o geral","author_link":"https:\/\/blogopara.com.br\/index.php\/author\/blogopara"},"uagb_comment_info":0,"uagb_excerpt":"Um inc\u00eandio destruiu a vegeta\u00e7\u00e3o e matou animais na cidade de Sento S\u00e9, no norte da Bahia. O fogo, que come\u00e7ou na sexta-feira (2), foi controlado no\u00a0s\u00e1bado (3). Segundo informa\u00e7\u00f5es da Brigada For\u00e7a e Resgate, que atuou no combate \u00e0s chamas, a suspeita \u00e9 de que o inc\u00eandio tenha sido criminoso. A Brigada chegou \u00e0&hellip;","jetpack_sharing_enabled":true,"jetpack_likes_enabled":true,"_links":{"self":[{"href":"https:\/\/blogopara.com.br\/index.php\/wp-json\/wp\/v2\/posts\/14854","targetHints":{"allow":["GET"]}}],"collection":[{"href":"https:\/\/blogopara.com.br\/index.php\/wp-json\/wp\/v2\/posts"}],"about":[{"href":"https:\/\/blogopara.com.br\/index.php\/wp-json\/wp\/v2\/types\/post"}],"author":[{"embeddable":true,"href":"https:\/\/blogopara.com.br\/index.php\/wp-json\/wp\/v2\/users\/1"}],"replies":[{"embeddable":true,"href":"https:\/\/blogopara.com.br\/index.php\/wp-json\/wp\/v2\/comments?post=14854"}],"version-history":[{"count":2,"href":"https:\/\/blogopara.com.br\/index.php\/wp-json\/wp\/v2\/posts\/14854\/revisions"}],"predecessor-version":[{"id":14857,"href":"https:\/\/blogopara.com.br\/index.php\/wp-json\/wp\/v2\/posts\/14854\/revisions\/14857"}],"wp:featuredmedia":[{"embeddable":true,"href":"https:\/\/blogopara.com.br\/index.php\/wp-json\/wp\/v2\/media\/14855"}],"wp:attachment":[{"href":"https:\/\/blogopara.com.br\/index.php\/wp-json\/wp\/v2\/media?parent=14854"}],"wp:term":[{"taxonomy":"category","embeddable":true,"href":"https:\/\/blogopara.com.br\/index.php\/wp-json\/wp\/v2\/categories?post=14854"},{"taxonomy":"post_tag","embeddable":true,"href":"https:\/\/blogopara.com.br\/index.php\/wp-json\/wp\/v2\/tags?post=14854"}],"curies":[{"name":"wp","href":"https:\/\/api.w.org\/{rel}","templated":true}]}}