{"id":14989,"date":"2020-10-08T08:00:25","date_gmt":"2020-10-08T11:00:25","guid":{"rendered":"http:\/\/blogopara.com.br\/?p=14989"},"modified":"2020-10-15T08:11:38","modified_gmt":"2020-10-15T11:11:38","slug":"juazeiro-professores-da-ativa-e-aposentados-do-municipio-mobilizam-caminhada-de-protesto","status":"publish","type":"post","link":"https:\/\/blogopara.com.br\/index.php\/2020\/10\/08\/juazeiro-professores-da-ativa-e-aposentados-do-municipio-mobilizam-caminhada-de-protesto","title":{"rendered":"Juazeiro: Professores  aposentados do munic\u00edpio, fazem protesto"},"content":{"rendered":"<p style=\"font-weight: 400; text-align: justify;\">A professora&nbsp;&nbsp;Iraneide Lopes,&nbsp;&nbsp;com uma vida inteira dedicada a educa\u00e7\u00e3o na rede municipal de ensino de Juazeiro-Ba, representando um grupo de profissionais da educa\u00e7\u00e3o j\u00e1 aposentados&nbsp;&nbsp;intitulado \u201cVIDA BOA\u201d, vem solicitar a esse meio de comunica\u00e7\u00e3o a oportunidade de demonstrar a nossa insatisfa\u00e7\u00e3o, enquanto servidores aposentados e pensionistas e os aposentados por invalidez, pela falta de respeito do atual gestor&nbsp;p\u00fablico municipal, e do&nbsp;&nbsp;diretor do Sindicato que representa a categoria,&nbsp;bem como pelo diretor do IPJ, pela secret\u00e1ria de educa\u00e7\u00e3o, e por fim pelo procurador do munic\u00edpio de Juazeiro-Ba \u00e0 respeito dos&nbsp;&nbsp;nossos direitos.<\/p>\n<p style=\"font-weight: 400; text-align: justify;\">No \u00faltimo dia&nbsp;03\/10<strong>&nbsp;<\/strong>&nbsp;do ano corrente participamos de uma reuni\u00e3o na c\u00e2mara municipal de Juazeiro-Ba,&nbsp;&nbsp;na sala do ent\u00e3o presidente da c\u00e2mara, o senhor Alex Tanuri&nbsp;&nbsp;onde se fizeram presentes tamb\u00e9m o procurador do munic\u00edpio, o presidente do IPJ mais o advogado da entidade e duas t\u00e9cnicas, os representantes do grupo&nbsp;&nbsp;VIDA BOA professores Eduardo, Iraneide, Maeth e Doralucia, acompanhados do ent\u00e3o professor e&nbsp;advogado e do grupo dos precat\u00f3rios representado por Rosilda e a ent\u00e3o professora e advogada Vanderleia<\/p>\n<p style=\"font-weight: 400; text-align: justify;\">Iniciou-se&nbsp;&nbsp;a reuni\u00e3o com bastante atraso e com&nbsp;&nbsp;quebra o protocolo da pauta, onde o ponto que seria o almejado para sair com uma decis\u00e3o satisfat\u00f3ria para o grupo.<\/p>\n<p style=\"font-weight: 400; text-align: justify;\">Come\u00e7ou falando do&nbsp;VPNI&nbsp;(vantagem pessoal nominalmente identific\u00e1vel)&nbsp;consiste em porcentagem sobre o valor equivalente \u00e0 diferen\u00e7a entre o vencimento do cargo efetivo e do cargo comissionado ou da fun\u00e7\u00e3o de confian\u00e7a, que passado um ano, estavam fazendo levantamento dos c\u00e1lculos e que de in\u00edcio efetuar\u00e1 o pagamento de 13 contemplados neste m\u00eas.<\/p>\n<p style=\"font-weight: 400; text-align: justify;\">No transcorrer da reuni\u00e3o foi discutido&nbsp;&nbsp;a pauta a respeito dos precat\u00f3rios da \u00e9poca do ex-prefeito&nbsp;&nbsp;Misael Aguilar que foi dividido em 24 meses (chamada verba de rateio), ficou acordado que iriam estudar,&nbsp;&nbsp;partimos para&nbsp;&nbsp;os 5% da Unimed valor esse que est\u00e1 pagando para os servidores inadimplentes isso \u00e9 um absurdo sendo abra\u00e7ado pelo representante da APLB SINDICATO,&nbsp;&nbsp;situa\u00e7\u00e3o essa que se deve discutir com o mesmo.<\/p>\n<p style=\"font-weight: 400; text-align: justify;\">As representa\u00e7\u00f5es todas com compromisso,&nbsp;&nbsp;mas colocamos a&nbsp;&nbsp;licen\u00e7a pr\u00eamio em conversa, o advogado do IPJ colocou muita dificuldade para se receber esse direito usando&nbsp;&nbsp;muitas leis, o procurador do munic\u00edpio justificou que quando ganha&nbsp;&nbsp;este direito o advogado tem que retornar ao juiz que deu causa ganha para o mesmo entrar com uma a\u00e7\u00e3o ao ent\u00e3o juiz da justi\u00e7a federal da Bahia quando este d\u00ea favor\u00e1vel eles pagam.<\/p>\n<p style=\"font-weight: 400; text-align: justify;\">\u00c9 lament\u00e1vel que os professores ap\u00f3s anos de trabalho suado terem seus direitos subtra\u00eddos e nem sequer ter direito ao&nbsp;&nbsp;gozo&nbsp;&nbsp;das suas licen\u00e7as&nbsp;&nbsp;licen\u00e7as pr\u00eamios por irresponsabilidade do nosso representante da \u00e9poca onde contava no nosso plano de cargos e carreira que havia ficado acordado que um professor s\u00f3 poderia&nbsp;&nbsp;gozar um m\u00eas e tudo com conhecimento da secret\u00e1ria de educa\u00e7\u00e3o sobre esse direito adquirido e hoje estamos sendo penalizados.<\/p>\n<p style=\"font-weight: 400; text-align: justify;\">Segundo informa\u00e7\u00f5es, os professores da ativa est\u00e3o negociando \u201ccomprando\u201d as licen\u00e7as, enquanto os aposentados e pensionistas o \u00fanico caminho segundo eles \u00e9 negociar os valores devidos.&nbsp;&nbsp;Exigimos que a secretaria de educa\u00e7\u00e3o mostre a lista dos aposentados e pensionistas que ela vem pagando.<\/p>\n<p style=\"font-weight: 400; text-align: justify;\">No tocante a al\u00edquota dos 14% houve muita pol\u00eamica e foi citado que hoje h\u00e1 uma&nbsp;&nbsp;sobreposi\u00e7\u00f5es de leis e que ainda est\u00e3o em an\u00e1lise, fato que levou o advogado do grupo de professores, de maneira indignada, sugerir que se rasgasse a constitui\u00e7\u00e3o, pois direitos adquiridos n\u00e3o se mexe. este direito est\u00e1 no artigo 60 da mesma<\/p>\n<p style=\"font-weight: 400; text-align: justify;\">Segundo o diretor do&nbsp;&nbsp;IPJ, o grande problema,&nbsp;&nbsp;hoje,&nbsp;&nbsp;\u00e9 que existem servidores se aposentando e n\u00e3o est\u00e1 acontecendo concurso p\u00fablico, para que novos professores possam ingressar e contribuir com o instituto de previd\u00eancia privada (IPJ) , o que poder\u00e1 no futuro gerar um colapso financeiro, vindo a comprometer o pagamento dos sal\u00e1rios dos atuais aposentados. Conforme estimativa do diretor do IPJ esse colapso financeiro poder\u00e1 ocorrer num prazo de 10 anos<\/p>\n<p style=\"font-weight: 400; text-align: justify;\">N\u00f3s que fazemos o grupo de professores aposentados e pensionistas exigimos que nossos direitos sejam respeitados, pois merecemos esse respeito por tudo que fizemos em prol da educa\u00e7\u00e3o do munic\u00edpio, do estado e da federa\u00e7\u00e3o<\/p>\n<p style=\"font-weight: 400; text-align: justify;\">Por fim, convidamos toda a popula\u00e7\u00e3o de Juazeiro -Ba, para participar conosco da caminhada mostrando as nossas insatisfa\u00e7\u00f5es,&nbsp;ser\u00e1 dia 15\/10, \u00e0s 8:00 horas<strong>,<\/strong> sairemos da pra\u00e7a Ded\u00e9 Caxias, na avenida Adolfo Viana pr\u00f3ximo ao pr\u00e9dio do antigo hospital SEMEC (Hoje Banco Ita\u00fa) no centro da cidade.<\/p>\n<p>Fonte: Blog TM<\/p>\n","protected":false},"excerpt":{"rendered":"<p>A professora&nbsp;&nbsp;Iraneide Lopes,&nbsp;&nbsp;com uma vida inteira dedicada a educa\u00e7\u00e3o na rede municipal de ensino de Juazeiro-Ba, representando um grupo de profissionais da educa\u00e7\u00e3o j\u00e1 aposentados&nbsp;&nbsp;intitulado \u201cVIDA BOA\u201d, vem solicitar a esse meio de comunica\u00e7\u00e3o a oportunidade de demonstrar a nossa insatisfa\u00e7\u00e3o, enquanto servidores aposentados e pensionistas e os aposentados por invalidez, pela falta de respeito [&hellip;]<\/p>\n","protected":false},"author":1,"featured_media":15182,"comment_status":"open","ping_status":"open","sticky":false,"template":"","format":"standard","meta":{"_uag_custom_page_level_css":"","_monsterinsights_skip_tracking":false,"_monsterinsights_sitenote_active":false,"_monsterinsights_sitenote_note":"","_monsterinsights_sitenote_category":0,"jetpack_post_was_ever_published":false,"_jetpack_newsletter_access":"","_jetpack_dont_email_post_to_subs":false,"_jetpack_newsletter_tier_id":0,"_jetpack_memberships_contains_paywalled_content":false,"_jetpack_memberships_contains_paid_content":false,"footnotes":"","jetpack_publicize_message":"","jetpack_publicize_feature_enabled":true,"jetpack_social_post_already_shared":true,"jetpack_social_options":{"image_generator_settings":{"template":"highway","default_image_id":0,"font":"","enabled":false},"version":2}},"categories":[209,203],"tags":[],"class_list":["post-14989","post","type-post","status-publish","format-standard","has-post-thumbnail","hentry","category-educacao","category-juazeiro"],"jetpack_publicize_connections":[],"jetpack_featured_media_url":"https:\/\/blogopara.com.br\/wp-content\/uploads\/2020\/10\/download-1-1.jpg","uagb_featured_image_src":{"full":["https:\/\/blogopara.com.br\/wp-content\/uploads\/2020\/10\/download-1-1.jpg",400,274,false],"thumbnail":["https:\/\/blogopara.com.br\/wp-content\/uploads\/2020\/10\/download-1-1-150x150.jpg",150,150,true],"medium":["https:\/\/blogopara.com.br\/wp-content\/uploads\/2020\/10\/download-1-1-300x206.jpg",300,206,true],"medium_large":["https:\/\/blogopara.com.br\/wp-content\/uploads\/2020\/10\/download-1-1.jpg",400,274,false],"large":["https:\/\/blogopara.com.br\/wp-content\/uploads\/2020\/10\/download-1-1.jpg",400,274,false],"1536x1536":["https:\/\/blogopara.com.br\/wp-content\/uploads\/2020\/10\/download-1-1.jpg",400,274,false],"2048x2048":["https:\/\/blogopara.com.br\/wp-content\/uploads\/2020\/10\/download-1-1.jpg",400,274,false],"mantranews-slider-large":["https:\/\/blogopara.com.br\/wp-content\/uploads\/2020\/10\/download-1-1.jpg",400,274,false],"mantranews-featured-medium":["https:\/\/blogopara.com.br\/wp-content\/uploads\/2020\/10\/download-1-1.jpg",400,274,false],"mantranews-featured-long":["https:\/\/blogopara.com.br\/wp-content\/uploads\/2020\/10\/download-1-1-300x274.jpg",300,274,true],"mantranews-block-medium":["https:\/\/blogopara.com.br\/wp-content\/uploads\/2020\/10\/download-1-1.jpg",400,274,false],"mantranews-carousel-image":["https:\/\/blogopara.com.br\/wp-content\/uploads\/2020\/10\/download-1-1.jpg",400,274,false],"mantranews-block-thumb":["https:\/\/blogopara.com.br\/wp-content\/uploads\/2020\/10\/download-1-1-322x230.jpg",322,230,true],"mantranews-single-large":["https:\/\/blogopara.com.br\/wp-content\/uploads\/2020\/10\/download-1-1.jpg",400,274,false]},"uagb_author_info":{"display_name":"Reda\u00e7\u00e3o geral","author_link":"https:\/\/blogopara.com.br\/index.php\/author\/blogopara"},"uagb_comment_info":0,"uagb_excerpt":"A professora&nbsp;&nbsp;Iraneide Lopes,&nbsp;&nbsp;com uma vida inteira dedicada a educa\u00e7\u00e3o na rede municipal de ensino de Juazeiro-Ba, representando um grupo de profissionais da educa\u00e7\u00e3o j\u00e1 aposentados&nbsp;&nbsp;intitulado \u201cVIDA BOA\u201d, vem solicitar a esse meio de comunica\u00e7\u00e3o a oportunidade de demonstrar a nossa insatisfa\u00e7\u00e3o, enquanto servidores aposentados e pensionistas e os aposentados por invalidez, pela falta de respeito&hellip;","jetpack_sharing_enabled":true,"jetpack_likes_enabled":true,"_links":{"self":[{"href":"https:\/\/blogopara.com.br\/index.php\/wp-json\/wp\/v2\/posts\/14989","targetHints":{"allow":["GET"]}}],"collection":[{"href":"https:\/\/blogopara.com.br\/index.php\/wp-json\/wp\/v2\/posts"}],"about":[{"href":"https:\/\/blogopara.com.br\/index.php\/wp-json\/wp\/v2\/types\/post"}],"author":[{"embeddable":true,"href":"https:\/\/blogopara.com.br\/index.php\/wp-json\/wp\/v2\/users\/1"}],"replies":[{"embeddable":true,"href":"https:\/\/blogopara.com.br\/index.php\/wp-json\/wp\/v2\/comments?post=14989"}],"version-history":[{"count":4,"href":"https:\/\/blogopara.com.br\/index.php\/wp-json\/wp\/v2\/posts\/14989\/revisions"}],"predecessor-version":[{"id":15183,"href":"https:\/\/blogopara.com.br\/index.php\/wp-json\/wp\/v2\/posts\/14989\/revisions\/15183"}],"wp:featuredmedia":[{"embeddable":true,"href":"https:\/\/blogopara.com.br\/index.php\/wp-json\/wp\/v2\/media\/15182"}],"wp:attachment":[{"href":"https:\/\/blogopara.com.br\/index.php\/wp-json\/wp\/v2\/media?parent=14989"}],"wp:term":[{"taxonomy":"category","embeddable":true,"href":"https:\/\/blogopara.com.br\/index.php\/wp-json\/wp\/v2\/categories?post=14989"},{"taxonomy":"post_tag","embeddable":true,"href":"https:\/\/blogopara.com.br\/index.php\/wp-json\/wp\/v2\/tags?post=14989"}],"curies":[{"name":"wp","href":"https:\/\/api.w.org\/{rel}","templated":true}]}}