{"id":15011,"date":"2020-10-08T16:47:39","date_gmt":"2020-10-08T19:47:39","guid":{"rendered":"http:\/\/blogopara.com.br\/?p=15011"},"modified":"2020-10-08T16:47:45","modified_gmt":"2020-10-08T19:47:45","slug":"eleicoes-2020-suzana-ramos-participa-de-atividade-na-secretaria-da-saude-de-salvador","status":"publish","type":"post","link":"https:\/\/blogopara.com.br\/index.php\/2020\/10\/08\/eleicoes-2020-suzana-ramos-participa-de-atividade-na-secretaria-da-saude-de-salvador","title":{"rendered":"Elei\u00e7\u00f5es 2020: Suzana Ramos participa de atividade na secretaria da Sa\u00fade de Salvador"},"content":{"rendered":"<p style=\"text-align: justify;\">Nesta quinta-feira(08), a candidata \u00e0 prefeitura de Juazeiro Suzana Ramos visitou a secretaria de Sa\u00fade de Salvador a convite do Secret\u00e1rio L\u00e9o Prates.<\/p>\n<p style=\"text-align: justify;\">Em pauta, a sa\u00fade de Juazeiro, o atendimento \u00e0 gestante e ao rec\u00e9m nascido, UTI neonatal, maternidade municipal, e outras demandas pontuadas pela popula\u00e7\u00e3o nas visitas que Suzana t\u00eam feito aos bairros da cidade e as comunidades rurais do munic\u00edpio.<\/p>\n<p style=\"text-align: justify;\">O primeiro contato foi com o chefe de gabinete Jean Sacramento. Suzana tamb\u00e9m conversou com a Subsecretaria de Sa\u00fade, Lucimar Rocha.<\/p>\n<p style=\"text-align: justify;\">Os assuntos s\u00e3o do interesse de toda a popula\u00e7\u00e3o da Juazeiro, que vem sendo v\u00edtima de descaso na sa\u00fade, a come\u00e7ar pela aten\u00e7\u00e3o \u00e0 sa\u00fade, com a constante aus\u00eancia de m\u00e9dicos nos postos e a falta de atendimento especializado. \u00c9 uma troca de experi\u00eancia que Suzana mobilizando.<\/p>\n<p style=\"text-align: justify;\">Nesta quinta-feira a tarde Suzana Ramos retorna \u00e0 Juazeiro.<\/p>\n<p style=\"text-align: justify;\">\n<p style=\"text-align: justify;\">Ascom Suzana Ramos<\/p>\n","protected":false},"excerpt":{"rendered":"<p>Nesta quinta-feira(08), a candidata \u00e0 prefeitura de Juazeiro Suzana Ramos visitou a secretaria de Sa\u00fade de Salvador a convite do Secret\u00e1rio L\u00e9o Prates. Em pauta, a sa\u00fade de Juazeiro, o atendimento \u00e0 gestante e ao rec\u00e9m nascido, UTI neonatal, maternidade municipal, e outras demandas pontuadas pela popula\u00e7\u00e3o nas visitas que Suzana t\u00eam feito aos bairros [&hellip;]<\/p>\n","protected":false},"author":1,"featured_media":15012,"comment_status":"open","ping_status":"open","sticky":false,"template":"","format":"standard","meta":{"_uag_custom_page_level_css":"","_monsterinsights_skip_tracking":false,"_monsterinsights_sitenote_active":false,"_monsterinsights_sitenote_note":"","_monsterinsights_sitenote_category":0,"jetpack_post_was_ever_published":false,"_jetpack_newsletter_access":"","_jetpack_dont_email_post_to_subs":false,"_jetpack_newsletter_tier_id":0,"_jetpack_memberships_contains_paywalled_content":false,"_jetpack_memberships_contains_paid_content":false,"footnotes":"","jetpack_publicize_message":"","jetpack_publicize_feature_enabled":true,"jetpack_social_post_already_shared":true,"jetpack_social_options":{"image_generator_settings":{"template":"highway","default_image_id":0,"font":"","enabled":false},"version":2}},"categories":[203,197],"tags":[],"class_list":["post-15011","post","type-post","status-publish","format-standard","has-post-thumbnail","hentry","category-juazeiro","category-politica"],"jetpack_publicize_connections":[],"jetpack_featured_media_url":"https:\/\/blogopara.com.br\/wp-content\/uploads\/2020\/10\/SuzanaSalvador.jpg","uagb_featured_image_src":{"full":["https:\/\/blogopara.com.br\/wp-content\/uploads\/2020\/10\/SuzanaSalvador.jpg",500,357,false],"thumbnail":["https:\/\/blogopara.com.br\/wp-content\/uploads\/2020\/10\/SuzanaSalvador-150x150.jpg",150,150,true],"medium":["https:\/\/blogopara.com.br\/wp-content\/uploads\/2020\/10\/SuzanaSalvador-300x214.jpg",300,214,true],"medium_large":["https:\/\/blogopara.com.br\/wp-content\/uploads\/2020\/10\/SuzanaSalvador.jpg",500,357,false],"large":["https:\/\/blogopara.com.br\/wp-content\/uploads\/2020\/10\/SuzanaSalvador.jpg",500,357,false],"1536x1536":["https:\/\/blogopara.com.br\/wp-content\/uploads\/2020\/10\/SuzanaSalvador.jpg",500,357,false],"2048x2048":["https:\/\/blogopara.com.br\/wp-content\/uploads\/2020\/10\/SuzanaSalvador.jpg",500,357,false],"mantranews-slider-large":["https:\/\/blogopara.com.br\/wp-content\/uploads\/2020\/10\/SuzanaSalvador.jpg",500,357,false],"mantranews-featured-medium":["https:\/\/blogopara.com.br\/wp-content\/uploads\/2020\/10\/SuzanaSalvador-420x307.jpg",420,307,true],"mantranews-featured-long":["https:\/\/blogopara.com.br\/wp-content\/uploads\/2020\/10\/SuzanaSalvador-300x357.jpg",300,357,true],"mantranews-block-medium":["https:\/\/blogopara.com.br\/wp-content\/uploads\/2020\/10\/SuzanaSalvador-464x290.jpg",464,290,true],"mantranews-carousel-image":["https:\/\/blogopara.com.br\/wp-content\/uploads\/2020\/10\/SuzanaSalvador.jpg",500,357,false],"mantranews-block-thumb":["https:\/\/blogopara.com.br\/wp-content\/uploads\/2020\/10\/SuzanaSalvador-322x230.jpg",322,230,true],"mantranews-single-large":["https:\/\/blogopara.com.br\/wp-content\/uploads\/2020\/10\/SuzanaSalvador.jpg",500,357,false]},"uagb_author_info":{"display_name":"Reda\u00e7\u00e3o geral","author_link":"https:\/\/blogopara.com.br\/index.php\/author\/blogopara"},"uagb_comment_info":0,"uagb_excerpt":"Nesta quinta-feira(08), a candidata \u00e0 prefeitura de Juazeiro Suzana Ramos visitou a secretaria de Sa\u00fade de Salvador a convite do Secret\u00e1rio L\u00e9o Prates. Em pauta, a sa\u00fade de Juazeiro, o atendimento \u00e0 gestante e ao rec\u00e9m nascido, UTI neonatal, maternidade municipal, e outras demandas pontuadas pela popula\u00e7\u00e3o nas visitas que Suzana t\u00eam feito aos bairros&hellip;","jetpack_sharing_enabled":true,"jetpack_likes_enabled":true,"_links":{"self":[{"href":"https:\/\/blogopara.com.br\/index.php\/wp-json\/wp\/v2\/posts\/15011","targetHints":{"allow":["GET"]}}],"collection":[{"href":"https:\/\/blogopara.com.br\/index.php\/wp-json\/wp\/v2\/posts"}],"about":[{"href":"https:\/\/blogopara.com.br\/index.php\/wp-json\/wp\/v2\/types\/post"}],"author":[{"embeddable":true,"href":"https:\/\/blogopara.com.br\/index.php\/wp-json\/wp\/v2\/users\/1"}],"replies":[{"embeddable":true,"href":"https:\/\/blogopara.com.br\/index.php\/wp-json\/wp\/v2\/comments?post=15011"}],"version-history":[{"count":1,"href":"https:\/\/blogopara.com.br\/index.php\/wp-json\/wp\/v2\/posts\/15011\/revisions"}],"predecessor-version":[{"id":15013,"href":"https:\/\/blogopara.com.br\/index.php\/wp-json\/wp\/v2\/posts\/15011\/revisions\/15013"}],"wp:featuredmedia":[{"embeddable":true,"href":"https:\/\/blogopara.com.br\/index.php\/wp-json\/wp\/v2\/media\/15012"}],"wp:attachment":[{"href":"https:\/\/blogopara.com.br\/index.php\/wp-json\/wp\/v2\/media?parent=15011"}],"wp:term":[{"taxonomy":"category","embeddable":true,"href":"https:\/\/blogopara.com.br\/index.php\/wp-json\/wp\/v2\/categories?post=15011"},{"taxonomy":"post_tag","embeddable":true,"href":"https:\/\/blogopara.com.br\/index.php\/wp-json\/wp\/v2\/tags?post=15011"}],"curies":[{"name":"wp","href":"https:\/\/api.w.org\/{rel}","templated":true}]}}