{"id":15032,"date":"2020-10-09T09:07:34","date_gmt":"2020-10-09T12:07:34","guid":{"rendered":"http:\/\/blogopara.com.br\/?p=15032"},"modified":"2020-10-09T09:07:38","modified_gmt":"2020-10-09T12:07:38","slug":"helicoptero-da-forca-nacional-cai-no-pantanal-e-deixa-tres-feridos","status":"publish","type":"post","link":"https:\/\/blogopara.com.br\/index.php\/2020\/10\/09\/helicoptero-da-forca-nacional-cai-no-pantanal-e-deixa-tres-feridos","title":{"rendered":"Helic\u00f3ptero da For\u00e7a Nacional cai no Pantanal e deixa tr\u00eas feridos"},"content":{"rendered":"<p style=\"text-align: justify;\">Um helic\u00f3ptero da For\u00e7a Nacional empregado no combate ao inc\u00eandio no Pantanal caiu nesta quinta-feira (8). O acidente ocorreu no munic\u00edpio de Pocon\u00e9 (MT). Os tr\u00eas tripulantes sobreviveram e foram socorridos pela Marinha, segundo nota dos Minist\u00e9rios da Defesa e da Justi\u00e7a.<\/p>\n<p style=\"text-align: justify;\">O helic\u00f3ptero, modelo Esquilo, havia sa\u00eddo de Corumb\u00e1. Os tripulantes foram levados a Cuiab\u00e1 para atendimento m\u00e9dico. Um deles sofreu fratura exposta em uma das pernas, segundo a Folha de S\u00e3o Paulo.<\/p>\n<p style=\"text-align: justify;\">O Pantanal enfrenta o inc\u00eandio mais grave da sua hist\u00f3ria. Ao menos 26,5% do bioma j\u00e1 foi queimada, uma \u00e1rea pouco menor \u00e0 do estado do Rio de Janeiro. O bioma enfrenta a pior seca dos \u00faltimos 60 anos e a estiagem pode se alongar pelos pr\u00f3ximos anos.<\/p>\n<p style=\"text-align: justify;\">Segundo analistas, a grande maioria dos fogos \u00e9 provocada pela a\u00e7\u00e3o humana. Fazendeiros e agricultores da regi\u00e3o usam a queima para manejo de pastagem, para desmatar e para o plantio de ro\u00e7as.<\/p>\n<p style=\"text-align: justify;\">Investiga\u00e7\u00f5es da Pol\u00edcia Federal apontam que quatro pecuaristas da regi\u00e3o teriam colocado fogo em suas fazendas para abrir novos pastos. Uma das suspeitas da pol\u00edcia \u00e9 que os pecuaristas tenham combinado queimadas na regi\u00e3o, de forma semelhante ao ocorrido com o &#8220;Dia do Fogo&#8221; na Amaz\u00f4nia no ano passado.<\/p>\n<pre>Fonte: Bahia Not\u00edcias<\/pre>\n","protected":false},"excerpt":{"rendered":"<p>Um helic\u00f3ptero da For\u00e7a Nacional empregado no combate ao inc\u00eandio no Pantanal caiu nesta quinta-feira (8). O acidente ocorreu no munic\u00edpio de Pocon\u00e9 (MT). Os tr\u00eas tripulantes sobreviveram e foram socorridos pela Marinha, segundo nota dos Minist\u00e9rios da Defesa e da Justi\u00e7a. O helic\u00f3ptero, modelo Esquilo, havia sa\u00eddo de Corumb\u00e1. Os tripulantes foram levados a [&hellip;]<\/p>\n","protected":false},"author":1,"featured_media":15033,"comment_status":"open","ping_status":"open","sticky":false,"template":"","format":"standard","meta":{"_uag_custom_page_level_css":"","_monsterinsights_skip_tracking":false,"_monsterinsights_sitenote_active":false,"_monsterinsights_sitenote_note":"","_monsterinsights_sitenote_category":0,"jetpack_post_was_ever_published":false,"_jetpack_newsletter_access":"","_jetpack_dont_email_post_to_subs":false,"_jetpack_newsletter_tier_id":0,"_jetpack_memberships_contains_paywalled_content":false,"_jetpack_memberships_contains_paid_content":false,"footnotes":"","jetpack_publicize_message":"","jetpack_publicize_feature_enabled":true,"jetpack_social_post_already_shared":true,"jetpack_social_options":{"image_generator_settings":{"template":"highway","default_image_id":0,"font":"","enabled":false},"version":2}},"categories":[201,200],"tags":[],"class_list":["post-15032","post","type-post","status-publish","format-standard","has-post-thumbnail","hentry","category-bombeiro","category-brasil"],"jetpack_publicize_connections":[],"jetpack_featured_media_url":"https:\/\/blogopara.com.br\/wp-content\/uploads\/2020\/10\/IMAGEM_NOTICIA_5.jpg","uagb_featured_image_src":{"full":["https:\/\/blogopara.com.br\/wp-content\/uploads\/2020\/10\/IMAGEM_NOTICIA_5.jpg",400,294,false],"thumbnail":["https:\/\/blogopara.com.br\/wp-content\/uploads\/2020\/10\/IMAGEM_NOTICIA_5-150x150.jpg",150,150,true],"medium":["https:\/\/blogopara.com.br\/wp-content\/uploads\/2020\/10\/IMAGEM_NOTICIA_5-300x221.jpg",300,221,true],"medium_large":["https:\/\/blogopara.com.br\/wp-content\/uploads\/2020\/10\/IMAGEM_NOTICIA_5.jpg",400,294,false],"large":["https:\/\/blogopara.com.br\/wp-content\/uploads\/2020\/10\/IMAGEM_NOTICIA_5.jpg",400,294,false],"1536x1536":["https:\/\/blogopara.com.br\/wp-content\/uploads\/2020\/10\/IMAGEM_NOTICIA_5.jpg",400,294,false],"2048x2048":["https:\/\/blogopara.com.br\/wp-content\/uploads\/2020\/10\/IMAGEM_NOTICIA_5.jpg",400,294,false],"mantranews-slider-large":["https:\/\/blogopara.com.br\/wp-content\/uploads\/2020\/10\/IMAGEM_NOTICIA_5.jpg",400,294,false],"mantranews-featured-medium":["https:\/\/blogopara.com.br\/wp-content\/uploads\/2020\/10\/IMAGEM_NOTICIA_5.jpg",400,294,false],"mantranews-featured-long":["https:\/\/blogopara.com.br\/wp-content\/uploads\/2020\/10\/IMAGEM_NOTICIA_5-300x294.jpg",300,294,true],"mantranews-block-medium":["https:\/\/blogopara.com.br\/wp-content\/uploads\/2020\/10\/IMAGEM_NOTICIA_5-400x290.jpg",400,290,true],"mantranews-carousel-image":["https:\/\/blogopara.com.br\/wp-content\/uploads\/2020\/10\/IMAGEM_NOTICIA_5.jpg",400,294,false],"mantranews-block-thumb":["https:\/\/blogopara.com.br\/wp-content\/uploads\/2020\/10\/IMAGEM_NOTICIA_5-322x230.jpg",322,230,true],"mantranews-single-large":["https:\/\/blogopara.com.br\/wp-content\/uploads\/2020\/10\/IMAGEM_NOTICIA_5.jpg",400,294,false]},"uagb_author_info":{"display_name":"Reda\u00e7\u00e3o geral","author_link":"https:\/\/blogopara.com.br\/index.php\/author\/blogopara"},"uagb_comment_info":0,"uagb_excerpt":"Um helic\u00f3ptero da For\u00e7a Nacional empregado no combate ao inc\u00eandio no Pantanal caiu nesta quinta-feira (8). O acidente ocorreu no munic\u00edpio de Pocon\u00e9 (MT). Os tr\u00eas tripulantes sobreviveram e foram socorridos pela Marinha, segundo nota dos Minist\u00e9rios da Defesa e da Justi\u00e7a. O helic\u00f3ptero, modelo Esquilo, havia sa\u00eddo de Corumb\u00e1. Os tripulantes foram levados a&hellip;","jetpack_sharing_enabled":true,"jetpack_likes_enabled":true,"_links":{"self":[{"href":"https:\/\/blogopara.com.br\/index.php\/wp-json\/wp\/v2\/posts\/15032","targetHints":{"allow":["GET"]}}],"collection":[{"href":"https:\/\/blogopara.com.br\/index.php\/wp-json\/wp\/v2\/posts"}],"about":[{"href":"https:\/\/blogopara.com.br\/index.php\/wp-json\/wp\/v2\/types\/post"}],"author":[{"embeddable":true,"href":"https:\/\/blogopara.com.br\/index.php\/wp-json\/wp\/v2\/users\/1"}],"replies":[{"embeddable":true,"href":"https:\/\/blogopara.com.br\/index.php\/wp-json\/wp\/v2\/comments?post=15032"}],"version-history":[{"count":1,"href":"https:\/\/blogopara.com.br\/index.php\/wp-json\/wp\/v2\/posts\/15032\/revisions"}],"predecessor-version":[{"id":15034,"href":"https:\/\/blogopara.com.br\/index.php\/wp-json\/wp\/v2\/posts\/15032\/revisions\/15034"}],"wp:featuredmedia":[{"embeddable":true,"href":"https:\/\/blogopara.com.br\/index.php\/wp-json\/wp\/v2\/media\/15033"}],"wp:attachment":[{"href":"https:\/\/blogopara.com.br\/index.php\/wp-json\/wp\/v2\/media?parent=15032"}],"wp:term":[{"taxonomy":"category","embeddable":true,"href":"https:\/\/blogopara.com.br\/index.php\/wp-json\/wp\/v2\/categories?post=15032"},{"taxonomy":"post_tag","embeddable":true,"href":"https:\/\/blogopara.com.br\/index.php\/wp-json\/wp\/v2\/tags?post=15032"}],"curies":[{"name":"wp","href":"https:\/\/api.w.org\/{rel}","templated":true}]}}