{"id":15056,"date":"2020-10-12T08:14:25","date_gmt":"2020-10-12T11:14:25","guid":{"rendered":"http:\/\/blogopara.com.br\/?p=15056"},"modified":"2020-10-11T22:19:53","modified_gmt":"2020-10-12T01:19:53","slug":"juazeiro-prefeito-pede-na-justica-indenizacao-contra-blogueiro-valor-semelhante-aos-seus-bens-declarados-na-justica-eleitoral","status":"publish","type":"post","link":"https:\/\/blogopara.com.br\/index.php\/2020\/10\/12\/juazeiro-prefeito-pede-na-justica-indenizacao-contra-blogueiro-valor-semelhante-aos-seus-bens-declarados-na-justica-eleitoral","title":{"rendered":"Juazeiro: Prefeito pede na justi\u00e7a indeniza\u00e7\u00e3o contra blogueiro, valor semelhante aos seus bens declarados na Justi\u00e7a Eleitoral"},"content":{"rendered":"<p style=\"text-align: justify;\">O respeito a democracia e a liberdade de express\u00e3o s\u00e3o pilares essenciais do estado democr\u00e1tico de direito, mas nem todos sabem conviver com a democracia, muitos acham que democracia \u00e9 o direito de falar o que quer de quem quiser, mas n\u00e3o se pode falar dele, nem o que de fato \u00e9 verdade, quanto mais a livre express\u00e3o do pensamento.<\/p>\n<p style=\"text-align: justify;\">Publicamente e sistematicamente militantes e pol\u00edticos com mandatos ligados a diversos partidos se referem a Bolsonaro como um genocida, torturador, mis\u00f3gino, homof\u00f3bico e etc. Numa Live o prefeito de Juazeiro, Paulo Bomfim (PT) disse que Bolsonaro \u00e9 um doido.<\/p>\n<p style=\"text-align: justify;\">Mas quando o alvo das cr\u00edticas \u00e9 o prefeito ele n\u00e3o absolve com um exerc\u00edcio do direito democr\u00e1tico. O Blogueiro Lailson Silva, propriet\u00e1rio do Blog Vale em Foco est\u00e1 sendo processado pelo prefeito Paulo Bomfim, em raz\u00e3o de uma cr\u00edtica que fez sobre as mortes pelo covid em Juazeiro, e atribuiu ao prefeito a responsabilidade pelas mesmas. Ora se no plano nacional as mortes por covid tem sido atribu\u00edda ao governo federal, por que no munic\u00edpio n\u00e3o se pode atribuir ao prefeito?<\/p>\n<p style=\"text-align: justify;\">Juazeiro chegou a 110 mortes por covid. O prefeito n\u00e3o agiu como deveria, e decis\u00f5es foram tomadas fora de tempo, como a constru\u00e7\u00e3o do hospital de campanha, que n\u00e3o teve serventia, e onde foram gastos quase 3 milh\u00f5es de reais. Sem contar as dezenas de juazeirenses que foram transferidos para a cidade de Remanso. Quantos leitos de UTI o prefeito ampliou? Aonde foram aplicados mais de 47 milh\u00f5es recebidos, segundo um site da capital? Quantos testes r\u00e1pidos foram comprados?<\/p>\n<p style=\"text-align: justify;\">No processo contra o blogueiro, o prefeito da cidade est\u00e1 pedindo uma bagatela de R$ 20 mil reais de indeniza\u00e7\u00e3o por danos morais. Isso mesmo, vinte mil reais, Esse processo n\u00e3o \u00e9 contra Lailson Silva e o Blog Vale em Foco, e sim contra o estado democr\u00e1tico de direito, \u00e9 contra todo cidad\u00e3o juazeirense que quer saber aonde foram aplicados os recursos.<\/p>\n<p style=\"text-align: justify;\">Vale salientar que Paulo Bomfim declarou ao site do TSE que possui R$ 20.304,69 (vinte mil, trezentos e quatro reais e sessenta e nove centavos) em bens. O impressionante \u00e9 que, se ele ganhar o processo nos tribunais, o gestor p\u00fablico dever\u00e1 dobrar os seus bens.<\/p>\n<p style=\"text-align: justify;\">N\u00e3o \u00e9 por acaso que a impopularidade ou a rejei\u00e7\u00e3o do prefeito Paulo Bomfim \u00e9 uma das maiores da hist\u00f3ria pol\u00edtica de Juazeiro.<\/p>\n","protected":false},"excerpt":{"rendered":"<p>O respeito a democracia e a liberdade de express\u00e3o s\u00e3o pilares essenciais do estado democr\u00e1tico de direito, mas nem todos sabem conviver com a democracia, muitos acham que democracia \u00e9 o direito de falar o que quer de quem quiser, mas n\u00e3o se pode falar dele, nem o que de fato \u00e9 verdade, quanto mais [&hellip;]<\/p>\n","protected":false},"author":1,"featured_media":15091,"comment_status":"open","ping_status":"open","sticky":false,"template":"","format":"standard","meta":{"_uag_custom_page_level_css":"","_monsterinsights_skip_tracking":false,"_monsterinsights_sitenote_active":false,"_monsterinsights_sitenote_note":"","_monsterinsights_sitenote_category":0,"jetpack_post_was_ever_published":false,"_jetpack_newsletter_access":"","_jetpack_dont_email_post_to_subs":false,"_jetpack_newsletter_tier_id":0,"_jetpack_memberships_contains_paywalled_content":false,"_jetpack_memberships_contains_paid_content":false,"footnotes":"","jetpack_publicize_message":"","jetpack_publicize_feature_enabled":true,"jetpack_social_post_already_shared":true,"jetpack_social_options":{"image_generator_settings":{"template":"highway","default_image_id":0,"font":"","enabled":false},"version":2}},"categories":[203,197],"tags":[],"class_list":["post-15056","post","type-post","status-publish","format-standard","has-post-thumbnail","hentry","category-juazeiro","category-politica"],"jetpack_publicize_connections":[],"jetpack_featured_media_url":"https:\/\/blogopara.com.br\/wp-content\/uploads\/2020\/10\/Avenida-Cardoso-de-Sa-860-Centro-Empresarial-Sergio-Cabral-sala-19-2o-andar.-9.jpg","uagb_featured_image_src":{"full":["https:\/\/blogopara.com.br\/wp-content\/uploads\/2020\/10\/Avenida-Cardoso-de-Sa-860-Centro-Empresarial-Sergio-Cabral-sala-19-2o-andar.-9.jpg",500,281,false],"thumbnail":["https:\/\/blogopara.com.br\/wp-content\/uploads\/2020\/10\/Avenida-Cardoso-de-Sa-860-Centro-Empresarial-Sergio-Cabral-sala-19-2o-andar.-9-150x150.jpg",150,150,true],"medium":["https:\/\/blogopara.com.br\/wp-content\/uploads\/2020\/10\/Avenida-Cardoso-de-Sa-860-Centro-Empresarial-Sergio-Cabral-sala-19-2o-andar.-9-300x169.jpg",300,169,true],"medium_large":["https:\/\/blogopara.com.br\/wp-content\/uploads\/2020\/10\/Avenida-Cardoso-de-Sa-860-Centro-Empresarial-Sergio-Cabral-sala-19-2o-andar.-9.jpg",500,281,false],"large":["https:\/\/blogopara.com.br\/wp-content\/uploads\/2020\/10\/Avenida-Cardoso-de-Sa-860-Centro-Empresarial-Sergio-Cabral-sala-19-2o-andar.-9.jpg",500,281,false],"1536x1536":["https:\/\/blogopara.com.br\/wp-content\/uploads\/2020\/10\/Avenida-Cardoso-de-Sa-860-Centro-Empresarial-Sergio-Cabral-sala-19-2o-andar.-9.jpg",500,281,false],"2048x2048":["https:\/\/blogopara.com.br\/wp-content\/uploads\/2020\/10\/Avenida-Cardoso-de-Sa-860-Centro-Empresarial-Sergio-Cabral-sala-19-2o-andar.-9.jpg",500,281,false],"mantranews-slider-large":["https:\/\/blogopara.com.br\/wp-content\/uploads\/2020\/10\/Avenida-Cardoso-de-Sa-860-Centro-Empresarial-Sergio-Cabral-sala-19-2o-andar.-9.jpg",500,281,false],"mantranews-featured-medium":["https:\/\/blogopara.com.br\/wp-content\/uploads\/2020\/10\/Avenida-Cardoso-de-Sa-860-Centro-Empresarial-Sergio-Cabral-sala-19-2o-andar.-9-420x281.jpg",420,281,true],"mantranews-featured-long":["https:\/\/blogopara.com.br\/wp-content\/uploads\/2020\/10\/Avenida-Cardoso-de-Sa-860-Centro-Empresarial-Sergio-Cabral-sala-19-2o-andar.-9-300x281.jpg",300,281,true],"mantranews-block-medium":["https:\/\/blogopara.com.br\/wp-content\/uploads\/2020\/10\/Avenida-Cardoso-de-Sa-860-Centro-Empresarial-Sergio-Cabral-sala-19-2o-andar.-9-464x281.jpg",464,281,true],"mantranews-carousel-image":["https:\/\/blogopara.com.br\/wp-content\/uploads\/2020\/10\/Avenida-Cardoso-de-Sa-860-Centro-Empresarial-Sergio-Cabral-sala-19-2o-andar.-9.jpg",500,281,false],"mantranews-block-thumb":["https:\/\/blogopara.com.br\/wp-content\/uploads\/2020\/10\/Avenida-Cardoso-de-Sa-860-Centro-Empresarial-Sergio-Cabral-sala-19-2o-andar.-9-322x230.jpg",322,230,true],"mantranews-single-large":["https:\/\/blogopara.com.br\/wp-content\/uploads\/2020\/10\/Avenida-Cardoso-de-Sa-860-Centro-Empresarial-Sergio-Cabral-sala-19-2o-andar.-9.jpg",500,281,false]},"uagb_author_info":{"display_name":"Reda\u00e7\u00e3o geral","author_link":"https:\/\/blogopara.com.br\/index.php\/author\/blogopara"},"uagb_comment_info":1,"uagb_excerpt":"O respeito a democracia e a liberdade de express\u00e3o s\u00e3o pilares essenciais do estado democr\u00e1tico de direito, mas nem todos sabem conviver com a democracia, muitos acham que democracia \u00e9 o direito de falar o que quer de quem quiser, mas n\u00e3o se pode falar dele, nem o que de fato \u00e9 verdade, quanto mais&hellip;","jetpack_sharing_enabled":true,"jetpack_likes_enabled":true,"_links":{"self":[{"href":"https:\/\/blogopara.com.br\/index.php\/wp-json\/wp\/v2\/posts\/15056","targetHints":{"allow":["GET"]}}],"collection":[{"href":"https:\/\/blogopara.com.br\/index.php\/wp-json\/wp\/v2\/posts"}],"about":[{"href":"https:\/\/blogopara.com.br\/index.php\/wp-json\/wp\/v2\/types\/post"}],"author":[{"embeddable":true,"href":"https:\/\/blogopara.com.br\/index.php\/wp-json\/wp\/v2\/users\/1"}],"replies":[{"embeddable":true,"href":"https:\/\/blogopara.com.br\/index.php\/wp-json\/wp\/v2\/comments?post=15056"}],"version-history":[{"count":8,"href":"https:\/\/blogopara.com.br\/index.php\/wp-json\/wp\/v2\/posts\/15056\/revisions"}],"predecessor-version":[{"id":15094,"href":"https:\/\/blogopara.com.br\/index.php\/wp-json\/wp\/v2\/posts\/15056\/revisions\/15094"}],"wp:featuredmedia":[{"embeddable":true,"href":"https:\/\/blogopara.com.br\/index.php\/wp-json\/wp\/v2\/media\/15091"}],"wp:attachment":[{"href":"https:\/\/blogopara.com.br\/index.php\/wp-json\/wp\/v2\/media?parent=15056"}],"wp:term":[{"taxonomy":"category","embeddable":true,"href":"https:\/\/blogopara.com.br\/index.php\/wp-json\/wp\/v2\/categories?post=15056"},{"taxonomy":"post_tag","embeddable":true,"href":"https:\/\/blogopara.com.br\/index.php\/wp-json\/wp\/v2\/tags?post=15056"}],"curies":[{"name":"wp","href":"https:\/\/api.w.org\/{rel}","templated":true}]}}