{"id":15060,"date":"2020-10-09T22:17:54","date_gmt":"2020-10-10T01:17:54","guid":{"rendered":"http:\/\/blogopara.com.br\/?p=15060"},"modified":"2020-10-09T22:18:02","modified_gmt":"2020-10-10T01:18:02","slug":"aos-77-anos-morre-o-ator-cecil-thire","status":"publish","type":"post","link":"https:\/\/blogopara.com.br\/index.php\/2020\/10\/09\/aos-77-anos-morre-o-ator-cecil-thire","title":{"rendered":"Aos 77 anos, morre o ator Cecil Thir\u00e9"},"content":{"rendered":"<p style=\"text-align: justify;\">Morreu de causas naturais nesta sexta-feira (9) o ator e diretor\u00a0<strong>Cecil Thir\u00e9<\/strong>. Aos 77 anos, ele sofria do mal de Parkinson e faleceu enquanto dormia em sua casa, no Rio de Janeiro.<\/p>\n<p style=\"text-align: justify;\">Filho da atriz T\u00f4nia Carrero com o artista pl\u00e1stico Carlos Arthur Thir\u00e9, Cecil estreou no cinema aos 9 anos, fazendo uma pequena apari\u00e7\u00e3o no filme\u00a0<em>Tico-tico no fub\u00e1<\/em>, estrelado por sua m\u00e3e.<\/p>\n<div id=\"aol_outstream_article\" style=\"text-align: justify;\" data-bcid=\"56603651bbe5bf10d057f868\" data-id=\"102\" data-m=\"{&quot;i&quot;:102,&quot;p&quot;:99,&quot;n&quot;:&quot;aol-article-inlineOutstreamAd&quot;,&quot;t&quot;:&quot;AolInlineOutstreamAd&quot;,&quot;o&quot;:3}\">\n<div id=\"590760c31de5a10537b6f1b3\" class=\"vdb_player \">\n<div><\/div>\n<div id=\"vdb_88b8fd5f-1a8c-428f-b191-781fbec6ddf8\">\n<div><iframe width=\"100%\" height=\"100%\" frameborder=\"0\" allowfullscreen=\"allowfullscreen\" data-mce-fragment=\"1\"><\/iframe><\/div>\n<\/div>\n<\/div>\n<\/div>\n<p style=\"text-align: justify;\">Por anos, o ator trabalhou na\u00a0<a href=\"https:\/\/claudia.abril.com.br\/tudo-sobre\/tv-globo\/\" target=\"_blank\" rel=\"noopener noreferrer\" data-id=\"103\" data-m=\"{&quot;i&quot;:103,&quot;p&quot;:99,&quot;n&quot;:&quot;partnerLink&quot;,&quot;y&quot;:24,&quot;o&quot;:4}\"><strong>Globo<\/strong><\/a>, emissora que se destacou nos pap\u00e9is de M\u00e1rio Libertado (<em>Roda de Fogo<\/em>) e Adalberto (<em>A Pr\u00f3xima V\u00edtima<\/em>), al\u00e9m de ter participado de\u00a0<a href=\"https:\/\/claudia.abril.com.br\/tudo-sobre\/novelas\/\" target=\"_blank\" rel=\"noopener noreferrer\" data-id=\"104\" data-m=\"{&quot;i&quot;:104,&quot;p&quot;:99,&quot;n&quot;:&quot;partnerLink&quot;,&quot;y&quot;:24,&quot;o&quot;:5}\"><strong>novelas<\/strong><\/a>\u00a0como\u00a0<em>Top Model<\/em>,\u00a0<em>Sol de Ver\u00e3o<\/em>\u00a0e\u00a0<em>Espig\u00e3o<\/em>.<\/p>\n","protected":false},"excerpt":{"rendered":"<p>Morreu de causas naturais nesta sexta-feira (9) o ator e diretor\u00a0Cecil Thir\u00e9. Aos 77 anos, ele sofria do mal de Parkinson e faleceu enquanto dormia em sua casa, no Rio de Janeiro. Filho da atriz T\u00f4nia Carrero com o artista pl\u00e1stico Carlos Arthur Thir\u00e9, Cecil estreou no cinema aos 9 anos, fazendo uma pequena apari\u00e7\u00e3o [&hellip;]<\/p>\n","protected":false},"author":1,"featured_media":15061,"comment_status":"open","ping_status":"open","sticky":false,"template":"","format":"standard","meta":{"_uag_custom_page_level_css":"","_monsterinsights_skip_tracking":false,"_monsterinsights_sitenote_active":false,"_monsterinsights_sitenote_note":"","_monsterinsights_sitenote_category":0,"jetpack_post_was_ever_published":false,"_jetpack_newsletter_access":"","_jetpack_dont_email_post_to_subs":false,"_jetpack_newsletter_tier_id":0,"_jetpack_memberships_contains_paywalled_content":false,"_jetpack_memberships_contains_paid_content":false,"footnotes":"","jetpack_publicize_message":"","jetpack_publicize_feature_enabled":true,"jetpack_social_post_already_shared":true,"jetpack_social_options":{"image_generator_settings":{"template":"highway","default_image_id":0,"font":"","enabled":false},"version":2}},"categories":[200,204],"tags":[],"class_list":["post-15060","post","type-post","status-publish","format-standard","has-post-thumbnail","hentry","category-brasil","category-social"],"jetpack_publicize_connections":[],"jetpack_featured_media_url":"https:\/\/blogopara.com.br\/wp-content\/uploads\/2020\/10\/BB19Sg1A.jpg","uagb_featured_image_src":{"full":["https:\/\/blogopara.com.br\/wp-content\/uploads\/2020\/10\/BB19Sg1A.jpg",500,326,false],"thumbnail":["https:\/\/blogopara.com.br\/wp-content\/uploads\/2020\/10\/BB19Sg1A-150x150.jpg",150,150,true],"medium":["https:\/\/blogopara.com.br\/wp-content\/uploads\/2020\/10\/BB19Sg1A-300x196.jpg",300,196,true],"medium_large":["https:\/\/blogopara.com.br\/wp-content\/uploads\/2020\/10\/BB19Sg1A.jpg",500,326,false],"large":["https:\/\/blogopara.com.br\/wp-content\/uploads\/2020\/10\/BB19Sg1A.jpg",500,326,false],"1536x1536":["https:\/\/blogopara.com.br\/wp-content\/uploads\/2020\/10\/BB19Sg1A.jpg",500,326,false],"2048x2048":["https:\/\/blogopara.com.br\/wp-content\/uploads\/2020\/10\/BB19Sg1A.jpg",500,326,false],"mantranews-slider-large":["https:\/\/blogopara.com.br\/wp-content\/uploads\/2020\/10\/BB19Sg1A.jpg",500,326,false],"mantranews-featured-medium":["https:\/\/blogopara.com.br\/wp-content\/uploads\/2020\/10\/BB19Sg1A-420x307.jpg",420,307,true],"mantranews-featured-long":["https:\/\/blogopara.com.br\/wp-content\/uploads\/2020\/10\/BB19Sg1A-300x326.jpg",300,326,true],"mantranews-block-medium":["https:\/\/blogopara.com.br\/wp-content\/uploads\/2020\/10\/BB19Sg1A-464x290.jpg",464,290,true],"mantranews-carousel-image":["https:\/\/blogopara.com.br\/wp-content\/uploads\/2020\/10\/BB19Sg1A.jpg",500,326,false],"mantranews-block-thumb":["https:\/\/blogopara.com.br\/wp-content\/uploads\/2020\/10\/BB19Sg1A-322x230.jpg",322,230,true],"mantranews-single-large":["https:\/\/blogopara.com.br\/wp-content\/uploads\/2020\/10\/BB19Sg1A.jpg",500,326,false]},"uagb_author_info":{"display_name":"Reda\u00e7\u00e3o geral","author_link":"https:\/\/blogopara.com.br\/index.php\/author\/blogopara"},"uagb_comment_info":0,"uagb_excerpt":"Morreu de causas naturais nesta sexta-feira (9) o ator e diretor\u00a0Cecil Thir\u00e9. Aos 77 anos, ele sofria do mal de Parkinson e faleceu enquanto dormia em sua casa, no Rio de Janeiro. Filho da atriz T\u00f4nia Carrero com o artista pl\u00e1stico Carlos Arthur Thir\u00e9, Cecil estreou no cinema aos 9 anos, fazendo uma pequena apari\u00e7\u00e3o&hellip;","jetpack_sharing_enabled":true,"jetpack_likes_enabled":true,"_links":{"self":[{"href":"https:\/\/blogopara.com.br\/index.php\/wp-json\/wp\/v2\/posts\/15060","targetHints":{"allow":["GET"]}}],"collection":[{"href":"https:\/\/blogopara.com.br\/index.php\/wp-json\/wp\/v2\/posts"}],"about":[{"href":"https:\/\/blogopara.com.br\/index.php\/wp-json\/wp\/v2\/types\/post"}],"author":[{"embeddable":true,"href":"https:\/\/blogopara.com.br\/index.php\/wp-json\/wp\/v2\/users\/1"}],"replies":[{"embeddable":true,"href":"https:\/\/blogopara.com.br\/index.php\/wp-json\/wp\/v2\/comments?post=15060"}],"version-history":[{"count":1,"href":"https:\/\/blogopara.com.br\/index.php\/wp-json\/wp\/v2\/posts\/15060\/revisions"}],"predecessor-version":[{"id":15062,"href":"https:\/\/blogopara.com.br\/index.php\/wp-json\/wp\/v2\/posts\/15060\/revisions\/15062"}],"wp:featuredmedia":[{"embeddable":true,"href":"https:\/\/blogopara.com.br\/index.php\/wp-json\/wp\/v2\/media\/15061"}],"wp:attachment":[{"href":"https:\/\/blogopara.com.br\/index.php\/wp-json\/wp\/v2\/media?parent=15060"}],"wp:term":[{"taxonomy":"category","embeddable":true,"href":"https:\/\/blogopara.com.br\/index.php\/wp-json\/wp\/v2\/categories?post=15060"},{"taxonomy":"post_tag","embeddable":true,"href":"https:\/\/blogopara.com.br\/index.php\/wp-json\/wp\/v2\/tags?post=15060"}],"curies":[{"name":"wp","href":"https:\/\/api.w.org\/{rel}","templated":true}]}}