{"id":15108,"date":"2020-10-12T11:58:14","date_gmt":"2020-10-12T14:58:14","guid":{"rendered":"http:\/\/blogopara.com.br\/?p=15108"},"modified":"2020-10-12T11:58:20","modified_gmt":"2020-10-12T14:58:20","slug":"projeto-15-de-marco-retoma-atividades-em-barro-vermelho","status":"publish","type":"post","link":"https:\/\/blogopara.com.br\/index.php\/2020\/10\/12\/projeto-15-de-marco-retoma-atividades-em-barro-vermelho","title":{"rendered":"Projeto \u201c15 de Mar\u00e7o\u201d retoma atividades em Barro Vermelho"},"content":{"rendered":"\n<p>Nesse fim de semana, foram retomadas as aulas de m\u00fasica do Projeto Revitaliza\u00e7\u00e3o da Filarm\u00f4nica 15 de mar\u00e7o, em Barro Vermelho, Distrito de Cura\u00e7\u00e1-BA. A Escola de M\u00fasica naquela localidade, que agora recebe o nome de Joacy Martins, havia parado por conta da pandemia do Coronav\u00edrus. O Projeto, financiado por s\u00f3cios filhos e descendentes de Barro Vermelho, atende crian\u00e7as e adolescentes em Barro Vermelho e tamb\u00e9m em Po\u00e7o de Fora (Filarm\u00f4nica Po\u00e7o Grande) com aulas de m\u00fasica, concess\u00e3o de instrumentos musicais e apoio log\u00edstico (transporte, espa\u00e7o). Houve inicialmente, por parte da Coordena\u00e7\u00e3o do Projeto, um contato com os pais de alunos e tomada de medidas preventivas contra o Coronav\u00edrus, como uso de m\u00e1scara obrigat\u00f3rio pelos envolvidos, segundo informou Zenaide Coelho, Coordenadora Geral. <\/p>\n\n\n\n<p>O retorno dos trabalhos alegrou o Maestro Caio Bruno: \u201cA aula foi muito din\u00e2mica. Todos participaram; tivemos um bom n\u00famero de alunos e percebi que todos estavam muito contentes com a retomada das atividades. Foi al\u00e9m das expectativas\u201d, avaliou. Lanches, orienta\u00e7\u00f5es, di\u00e1logos, marcaram essa volta das atividades. Os alunos aprovaram: \u201cGostei bastante que as aulas retornaram, pois a gente vai dar continuidade ao trabalho de onde paramos\u201d, evidenciou Irla Santana, da Barro Vermelho. \u201cBom para a gente praticar mais, aprender e at\u00e9 tocar em outros lugares\u201d, relatou Diego Oliveira, da Fazenda Santo Ant\u00f4nio. \u201cA gente estava sem fazer nada nessa quarentena. E a gente estava at\u00e9 destreinado do instrumento, mas agora voltando vamos praticar\u201d, completou Caciel Duarte, da Fazenda Cara\u00edbas. <\/p>\n\n\n\n<p>Zenaide agradeceu a todos os s\u00f3cios, ao maestro, aos pais e aos alunos pela dedica\u00e7\u00e3o de todos aos Projeto. \u201cTemos buscado parcerias junto \u00e0 Minera\u00e7\u00e3o Cara\u00edba, ao Governo Municipal para ajudar no Projeto. H\u00e1 muitas dificuldades, por\u00e9m a gente vai superando e focando na revitaliza\u00e7\u00e3o do sonho de cada barrovermelhense que \u00e9 ver de novo a \u201815 de mar\u00e7o\u2019 tocando ao p\u00fablico. Assim como, tamb\u00e9m vamos lutando pela expans\u00e3o da m\u00fasica na regi\u00e3o com a Filarm\u00f4nica Po\u00e7o Grande, de Po\u00e7o de Fora. Eu estou muito feliz e agrade\u00e7o a cada uma pessoa que acreditou e acredita nesse Projeto\u201d, concluiu a Coordenadora. As aulas acontecem sempre aos s\u00e1bados nos desde 2017 (Po\u00e7o de Fora desde 2018).<\/p>\n\n\n\n<div class=\"wp-block-media-text alignwide is-stacked-on-mobile\"><figure class=\"wp-block-media-text__media\"><video controls src=\"https:\/\/blogopara.com.br\/wp-content\/uploads\/2020\/10\/WhatsApp-Video-2020-10-11-at-14.02.22.mp4\"><\/video><\/figure><div class=\"wp-block-media-text__content\">\n<p class=\"has-large-font-size\">Os alunos interpretando a can\u00e7\u00e3o &#8220;trem-bala&#8221; de Ana Vilela<\/p>\n<\/div><\/div>\n","protected":false},"excerpt":{"rendered":"<p>Nesse fim de semana, foram retomadas as aulas de m\u00fasica do Projeto Revitaliza\u00e7\u00e3o da Filarm\u00f4nica 15 de mar\u00e7o, em Barro Vermelho, Distrito de Cura\u00e7\u00e1-BA. A Escola de M\u00fasica naquela localidade, que agora recebe o nome de Joacy Martins, havia parado por conta da pandemia do Coronav\u00edrus. O Projeto, financiado por s\u00f3cios filhos e descendentes de [&hellip;]<\/p>\n","protected":false},"author":1,"featured_media":15109,"comment_status":"open","ping_status":"open","sticky":false,"template":"","format":"standard","meta":{"_uag_custom_page_level_css":"","_monsterinsights_skip_tracking":false,"_monsterinsights_sitenote_active":false,"_monsterinsights_sitenote_note":"","_monsterinsights_sitenote_category":0,"jetpack_post_was_ever_published":false,"_jetpack_newsletter_access":"","_jetpack_dont_email_post_to_subs":false,"_jetpack_newsletter_tier_id":0,"_jetpack_memberships_contains_paywalled_content":false,"_jetpack_memberships_contains_paid_content":false,"footnotes":"","jetpack_publicize_message":"","jetpack_publicize_feature_enabled":true,"jetpack_social_post_already_shared":true,"jetpack_social_options":{"image_generator_settings":{"template":"highway","default_image_id":0,"font":"","enabled":false},"version":2}},"categories":[203],"tags":[],"class_list":["post-15108","post","type-post","status-publish","format-standard","has-post-thumbnail","hentry","category-juazeiro"],"jetpack_publicize_connections":[],"jetpack_featured_media_url":"https:\/\/blogopara.com.br\/wp-content\/uploads\/2020\/10\/121453797_3557149267641553_2684287026030685960_o.jpg","uagb_featured_image_src":{"full":["https:\/\/blogopara.com.br\/wp-content\/uploads\/2020\/10\/121453797_3557149267641553_2684287026030685960_o.jpg",977,720,false],"thumbnail":["https:\/\/blogopara.com.br\/wp-content\/uploads\/2020\/10\/121453797_3557149267641553_2684287026030685960_o-150x150.jpg",150,150,true],"medium":["https:\/\/blogopara.com.br\/wp-content\/uploads\/2020\/10\/121453797_3557149267641553_2684287026030685960_o-300x221.jpg",300,221,true],"medium_large":["https:\/\/blogopara.com.br\/wp-content\/uploads\/2020\/10\/121453797_3557149267641553_2684287026030685960_o-768x566.jpg",640,472,true],"large":["https:\/\/blogopara.com.br\/wp-content\/uploads\/2020\/10\/121453797_3557149267641553_2684287026030685960_o.jpg",640,472,false],"1536x1536":["https:\/\/blogopara.com.br\/wp-content\/uploads\/2020\/10\/121453797_3557149267641553_2684287026030685960_o.jpg",977,720,false],"2048x2048":["https:\/\/blogopara.com.br\/wp-content\/uploads\/2020\/10\/121453797_3557149267641553_2684287026030685960_o.jpg",977,720,false],"mantranews-slider-large":["https:\/\/blogopara.com.br\/wp-content\/uploads\/2020\/10\/121453797_3557149267641553_2684287026030685960_o.jpg",977,720,false],"mantranews-featured-medium":["https:\/\/blogopara.com.br\/wp-content\/uploads\/2020\/10\/121453797_3557149267641553_2684287026030685960_o-420x307.jpg",420,307,true],"mantranews-featured-long":["https:\/\/blogopara.com.br\/wp-content\/uploads\/2020\/10\/121453797_3557149267641553_2684287026030685960_o-300x443.jpg",300,443,true],"mantranews-block-medium":["https:\/\/blogopara.com.br\/wp-content\/uploads\/2020\/10\/121453797_3557149267641553_2684287026030685960_o-464x290.jpg",464,290,true],"mantranews-carousel-image":["https:\/\/blogopara.com.br\/wp-content\/uploads\/2020\/10\/121453797_3557149267641553_2684287026030685960_o-600x500.jpg",600,500,true],"mantranews-block-thumb":["https:\/\/blogopara.com.br\/wp-content\/uploads\/2020\/10\/121453797_3557149267641553_2684287026030685960_o-322x230.jpg",322,230,true],"mantranews-single-large":["https:\/\/blogopara.com.br\/wp-content\/uploads\/2020\/10\/121453797_3557149267641553_2684287026030685960_o-977x642.jpg",977,642,true]},"uagb_author_info":{"display_name":"Reda\u00e7\u00e3o geral","author_link":"https:\/\/blogopara.com.br\/index.php\/author\/blogopara"},"uagb_comment_info":0,"uagb_excerpt":"Nesse fim de semana, foram retomadas as aulas de m\u00fasica do Projeto Revitaliza\u00e7\u00e3o da Filarm\u00f4nica 15 de mar\u00e7o, em Barro Vermelho, Distrito de Cura\u00e7\u00e1-BA. A Escola de M\u00fasica naquela localidade, que agora recebe o nome de Joacy Martins, havia parado por conta da pandemia do Coronav\u00edrus. O Projeto, financiado por s\u00f3cios filhos e descendentes de&hellip;","jetpack_sharing_enabled":true,"jetpack_likes_enabled":true,"_links":{"self":[{"href":"https:\/\/blogopara.com.br\/index.php\/wp-json\/wp\/v2\/posts\/15108","targetHints":{"allow":["GET"]}}],"collection":[{"href":"https:\/\/blogopara.com.br\/index.php\/wp-json\/wp\/v2\/posts"}],"about":[{"href":"https:\/\/blogopara.com.br\/index.php\/wp-json\/wp\/v2\/types\/post"}],"author":[{"embeddable":true,"href":"https:\/\/blogopara.com.br\/index.php\/wp-json\/wp\/v2\/users\/1"}],"replies":[{"embeddable":true,"href":"https:\/\/blogopara.com.br\/index.php\/wp-json\/wp\/v2\/comments?post=15108"}],"version-history":[{"count":1,"href":"https:\/\/blogopara.com.br\/index.php\/wp-json\/wp\/v2\/posts\/15108\/revisions"}],"predecessor-version":[{"id":15111,"href":"https:\/\/blogopara.com.br\/index.php\/wp-json\/wp\/v2\/posts\/15108\/revisions\/15111"}],"wp:featuredmedia":[{"embeddable":true,"href":"https:\/\/blogopara.com.br\/index.php\/wp-json\/wp\/v2\/media\/15109"}],"wp:attachment":[{"href":"https:\/\/blogopara.com.br\/index.php\/wp-json\/wp\/v2\/media?parent=15108"}],"wp:term":[{"taxonomy":"category","embeddable":true,"href":"https:\/\/blogopara.com.br\/index.php\/wp-json\/wp\/v2\/categories?post=15108"},{"taxonomy":"post_tag","embeddable":true,"href":"https:\/\/blogopara.com.br\/index.php\/wp-json\/wp\/v2\/tags?post=15108"}],"curies":[{"name":"wp","href":"https:\/\/api.w.org\/{rel}","templated":true}]}}