{"id":15187,"date":"2020-10-15T09:18:36","date_gmt":"2020-10-15T12:18:36","guid":{"rendered":"http:\/\/blogopara.com.br\/?p=15187"},"modified":"2020-10-15T09:25:22","modified_gmt":"2020-10-15T12:25:22","slug":"juazeiro-300-de-aumento-para-os-professores-foi-o-que-disse-o-prefeito","status":"publish","type":"post","link":"https:\/\/blogopara.com.br\/index.php\/2020\/10\/15\/juazeiro-300-de-aumento-para-os-professores-foi-o-que-disse-o-prefeito","title":{"rendered":"Juazeiro: 300% de aumento para os professores? Foi o que disse o prefeito"},"content":{"rendered":"<p style=\"text-align: justify;\">Foi com muita surpresa e indigna\u00e7\u00e3o que v\u00e1rios professores municipais ouviram do prefeito Paulo Bomfim (PT) que nos \u00faltimos anos foi concedido um reajuste de 300% no sal\u00e1rio dos professores.<\/p>\n<p style=\"text-align: justify;\">O prefeito fez essa afirma\u00e7\u00e3o durante o debate entre os candidatos a prefeito de Juazeiro, promovido pela RedeGN, no \u00faltimo dia 07.<\/p>\n<p style=\"text-align: justify;\">Rapidamente os professores correram para a calculadora ou para ver o saldo banc\u00e1rio. Devem ter surgido muitas interroga\u00e7\u00f5es e desconfian\u00e7as nos or\u00e7amentos dom\u00e9sticos. Aonde foi parar esses 300% de reajuste? Desconfian\u00e7as e crises conjugais \u00e0 parte, alguns professores usaram as redes sociais para protestar.<\/p>\n<div style=\"width: 224px;\" class=\"wp-video\"><!--[if lt IE 9]><script>document.createElement('video');<\/script><![endif]-->\n<video class=\"wp-video-shortcode\" id=\"video-15187-1\" width=\"224\" height=\"400\" preload=\"metadata\" controls=\"controls\"><source type=\"video\/mp4\" src=\"https:\/\/blogopara.com.br\/wp-content\/uploads\/2020\/10\/WhatsApp-Video-2020-10-12-at-13.41.46.mp4?_=1\" \/><a href=\"https:\/\/blogopara.com.br\/wp-content\/uploads\/2020\/10\/WhatsApp-Video-2020-10-12-at-13.41.46.mp4\">https:\/\/blogopara.com.br\/wp-content\/uploads\/2020\/10\/WhatsApp-Video-2020-10-12-at-13.41.46.mp4<\/a><\/video><\/div>\n<p style=\"text-align: justify;\">&#8220;Eu sou rica n\u00e3o sabia&#8221;, &#8220;A partir de hoje s\u00f3 compro bolsas da Carmen Steffens&#8221;; &#8220;Meu marido vai ter que dizer aonde gastou esse dinheiro&#8221;.<\/p>\n<p style=\"text-align: justify;\">Ainda que fossem utilizados todos os reajustes concedidos pela prefeitura nos \u00faltimos 12 anos n\u00e3o chegaria a nesse percentual, e o prefeito Paulo Bomfim esqueceu ou \u00e9 treinado para fazer afirma\u00e7\u00f5es de 12 anos de gest\u00e3o, quando ele deveria prestar conta dos 04 anos, que correspondem a sua gest\u00e3o.<\/p>\n<p>Confira o v\u00eddeo do prefeito:<\/p>\n<div style=\"width: 640px;\" class=\"wp-video\"><video class=\"wp-video-shortcode\" id=\"video-15187-2\" width=\"640\" height=\"352\" preload=\"metadata\" controls=\"controls\"><source type=\"video\/mp4\" src=\"https:\/\/blogopara.com.br\/wp-content\/uploads\/2020\/10\/WhatsApp-Video-2020-10-07-at-22.54.31.mp4?_=2\" \/><a href=\"https:\/\/blogopara.com.br\/wp-content\/uploads\/2020\/10\/WhatsApp-Video-2020-10-07-at-22.54.31.mp4\">https:\/\/blogopara.com.br\/wp-content\/uploads\/2020\/10\/WhatsApp-Video-2020-10-07-at-22.54.31.mp4<\/a><\/video><\/div>\n","protected":false},"excerpt":{"rendered":"<p>Foi com muita surpresa e indigna\u00e7\u00e3o que v\u00e1rios professores municipais ouviram do prefeito Paulo Bomfim (PT) que nos \u00faltimos anos foi concedido um reajuste de 300% no sal\u00e1rio dos professores. O prefeito fez essa afirma\u00e7\u00e3o durante o debate entre os candidatos a prefeito de Juazeiro, promovido pela RedeGN, no \u00faltimo dia 07. Rapidamente os professores [&hellip;]<\/p>\n","protected":false},"author":1,"featured_media":15193,"comment_status":"open","ping_status":"open","sticky":false,"template":"","format":"standard","meta":{"_uag_custom_page_level_css":"","_monsterinsights_skip_tracking":false,"_monsterinsights_sitenote_active":false,"_monsterinsights_sitenote_note":"","_monsterinsights_sitenote_category":0,"jetpack_post_was_ever_published":false,"_jetpack_newsletter_access":"","_jetpack_dont_email_post_to_subs":false,"_jetpack_newsletter_tier_id":0,"_jetpack_memberships_contains_paywalled_content":false,"_jetpack_memberships_contains_paid_content":false,"footnotes":"","jetpack_publicize_message":"","jetpack_publicize_feature_enabled":true,"jetpack_social_post_already_shared":true,"jetpack_social_options":{"image_generator_settings":{"template":"highway","default_image_id":0,"font":"","enabled":false},"version":2}},"categories":[203],"tags":[],"class_list":["post-15187","post","type-post","status-publish","format-standard","has-post-thumbnail","hentry","category-juazeiro"],"jetpack_publicize_connections":[],"jetpack_featured_media_url":"https:\/\/blogopara.com.br\/wp-content\/uploads\/2020\/10\/222222.jpg","uagb_featured_image_src":{"full":["https:\/\/blogopara.com.br\/wp-content\/uploads\/2020\/10\/222222.jpg",400,720,false],"thumbnail":["https:\/\/blogopara.com.br\/wp-content\/uploads\/2020\/10\/222222-150x150.jpg",150,150,true],"medium":["https:\/\/blogopara.com.br\/wp-content\/uploads\/2020\/10\/222222-167x300.jpg",167,300,true],"medium_large":["https:\/\/blogopara.com.br\/wp-content\/uploads\/2020\/10\/222222.jpg",400,720,false],"large":["https:\/\/blogopara.com.br\/wp-content\/uploads\/2020\/10\/222222.jpg",400,720,false],"1536x1536":["https:\/\/blogopara.com.br\/wp-content\/uploads\/2020\/10\/222222.jpg",400,720,false],"2048x2048":["https:\/\/blogopara.com.br\/wp-content\/uploads\/2020\/10\/222222.jpg",400,720,false],"mantranews-slider-large":["https:\/\/blogopara.com.br\/wp-content\/uploads\/2020\/10\/222222.jpg",400,720,false],"mantranews-featured-medium":["https:\/\/blogopara.com.br\/wp-content\/uploads\/2020\/10\/222222-400x307.jpg",400,307,true],"mantranews-featured-long":["https:\/\/blogopara.com.br\/wp-content\/uploads\/2020\/10\/222222-300x443.jpg",300,443,true],"mantranews-block-medium":["https:\/\/blogopara.com.br\/wp-content\/uploads\/2020\/10\/222222-400x290.jpg",400,290,true],"mantranews-carousel-image":["https:\/\/blogopara.com.br\/wp-content\/uploads\/2020\/10\/222222-400x500.jpg",400,500,true],"mantranews-block-thumb":["https:\/\/blogopara.com.br\/wp-content\/uploads\/2020\/10\/222222-322x230.jpg",322,230,true],"mantranews-single-large":["https:\/\/blogopara.com.br\/wp-content\/uploads\/2020\/10\/222222-400x642.jpg",400,642,true]},"uagb_author_info":{"display_name":"Reda\u00e7\u00e3o geral","author_link":"https:\/\/blogopara.com.br\/index.php\/author\/blogopara"},"uagb_comment_info":1,"uagb_excerpt":"Foi com muita surpresa e indigna\u00e7\u00e3o que v\u00e1rios professores municipais ouviram do prefeito Paulo Bomfim (PT) que nos \u00faltimos anos foi concedido um reajuste de 300% no sal\u00e1rio dos professores. O prefeito fez essa afirma\u00e7\u00e3o durante o debate entre os candidatos a prefeito de Juazeiro, promovido pela RedeGN, no \u00faltimo dia 07. Rapidamente os professores&hellip;","jetpack_sharing_enabled":true,"jetpack_likes_enabled":true,"_links":{"self":[{"href":"https:\/\/blogopara.com.br\/index.php\/wp-json\/wp\/v2\/posts\/15187","targetHints":{"allow":["GET"]}}],"collection":[{"href":"https:\/\/blogopara.com.br\/index.php\/wp-json\/wp\/v2\/posts"}],"about":[{"href":"https:\/\/blogopara.com.br\/index.php\/wp-json\/wp\/v2\/types\/post"}],"author":[{"embeddable":true,"href":"https:\/\/blogopara.com.br\/index.php\/wp-json\/wp\/v2\/users\/1"}],"replies":[{"embeddable":true,"href":"https:\/\/blogopara.com.br\/index.php\/wp-json\/wp\/v2\/comments?post=15187"}],"version-history":[{"count":3,"href":"https:\/\/blogopara.com.br\/index.php\/wp-json\/wp\/v2\/posts\/15187\/revisions"}],"predecessor-version":[{"id":15192,"href":"https:\/\/blogopara.com.br\/index.php\/wp-json\/wp\/v2\/posts\/15187\/revisions\/15192"}],"wp:featuredmedia":[{"embeddable":true,"href":"https:\/\/blogopara.com.br\/index.php\/wp-json\/wp\/v2\/media\/15193"}],"wp:attachment":[{"href":"https:\/\/blogopara.com.br\/index.php\/wp-json\/wp\/v2\/media?parent=15187"}],"wp:term":[{"taxonomy":"category","embeddable":true,"href":"https:\/\/blogopara.com.br\/index.php\/wp-json\/wp\/v2\/categories?post=15187"},{"taxonomy":"post_tag","embeddable":true,"href":"https:\/\/blogopara.com.br\/index.php\/wp-json\/wp\/v2\/tags?post=15187"}],"curies":[{"name":"wp","href":"https:\/\/api.w.org\/{rel}","templated":true}]}}