{"id":1525,"date":"2019-07-14T07:33:16","date_gmt":"2019-07-14T10:33:16","guid":{"rendered":"http:\/\/blogopara.com.br\/?p=1525"},"modified":"2019-07-14T09:36:53","modified_gmt":"2019-07-14T12:36:53","slug":"nota-publica-contra-a-desativacao-da-unidade-da-dpu-petrolina-juazeiro","status":"publish","type":"post","link":"https:\/\/blogopara.com.br\/index.php\/2019\/07\/14\/nota-publica-contra-a-desativacao-da-unidade-da-dpu-petrolina-juazeiro","title":{"rendered":"Unidade em Juazeiro da Defensoria P\u00fablica da Uni\u00e3o (DPU) poder\u00e1 ser fechada."},"content":{"rendered":"<p style=\"text-align: justify;\">Criada em 1995 em car\u00e1ter emergencial, a Defensoria P\u00fablica da Uni\u00e3o at\u00e9 hoje n\u00e3o tem uma carreira de apoio estruturada e depende da cess\u00e3o de servidores para desempenhar os milhares de atendimentos di\u00e1rios realizados em suas 70 unidades.<\/p>\n<p style=\"text-align: justify;\">A devolu\u00e7\u00e3o dos servidores \u00e9 decorrente de um impasse na interpreta\u00e7\u00e3o dos artigos 105 a 108 da Lei 13.328\/2016. Em nota t\u00e9cnica emitida em novembro de 2018, o ent\u00e3o Minist\u00e9rio do Planejamento entendeu que a DPU deveria devolver os servidores cedidos h\u00e1 mais de tr\u00eas anos ou reembolsar o \u00f3rg\u00e3o de origem caso tivesse interesse em manter o servidor.<\/p>\n<p style=\"text-align: justify;\">Na Regi\u00e3o seriam fechadas as unidades da Defensoria P\u00fablica da Uni\u00e3o (DPU) na Bahia e Pernambuco, incluindo a unidade regional Petrolina\/Juazeiro, sediada no munic\u00edpio de Petrolina\/PE.<\/p>\n<p style=\"text-align: justify;\">A desativa\u00e7\u00e3o da unidade da DPU regional fragiliza profundamente o direito das pessoas de baixa renda no \u00e2mbito da Justi\u00e7a Federal. A maior parte das demandas da popula\u00e7\u00e3o diz respeito ao direito previdenci\u00e1rio e ao direito \u00e0 sa\u00fade (medicamentos, leitos em UTI, tratamentos).<\/p>\n<p style=\"text-align: justify;\">A omiss\u00e3o na presta\u00e7\u00e3o de servi\u00e7o p\u00fablico pela DPU, decorrente da desativa\u00e7\u00e3o, atinge demasiadamente a sociedade sanfranciscana, principalmente a popula\u00e7\u00e3o hipossuficiente, que sofrer\u00e1 decorr\u00eancias negativas com a supress\u00e3o da promo\u00e7\u00e3o e da defesa dos seus direitos mais elementares, significando uma verdadeira negativa de presta\u00e7\u00e3o jurisdicional do Estado, encargo que lhe foi atribu\u00edda pela Carta Magna.<\/p>\n<pre>Fonte: Blog GJ<\/pre>\n<p style=\"text-align: justify;\">\n","protected":false},"excerpt":{"rendered":"<p>Em levantamento divulgado em maio deste ano, a DPU informou ter uma for\u00e7a de trabalho de 4.483 pessoas, dos quais 791 eram servidores cedidos e 2.545 estagi\u00e1rios de N\u00edvel M\u00e9dio e N\u00edvel Superior.<\/p>\n","protected":false},"author":1,"featured_media":1527,"comment_status":"open","ping_status":"open","sticky":false,"template":"","format":"standard","meta":{"_uag_custom_page_level_css":"","_monsterinsights_skip_tracking":false,"_monsterinsights_sitenote_active":false,"_monsterinsights_sitenote_note":"","_monsterinsights_sitenote_category":0,"jetpack_post_was_ever_published":false,"_jetpack_newsletter_access":"","_jetpack_dont_email_post_to_subs":false,"_jetpack_newsletter_tier_id":0,"_jetpack_memberships_contains_paywalled_content":false,"_jetpack_memberships_contains_paid_content":false,"footnotes":"","jetpack_publicize_message":"","jetpack_publicize_feature_enabled":true,"jetpack_social_post_already_shared":true,"jetpack_social_options":{"image_generator_settings":{"template":"highway","default_image_id":0,"font":"","enabled":false},"version":2}},"categories":[203],"tags":[14,248,247,143],"class_list":["post-1525","post","type-post","status-publish","format-standard","has-post-thumbnail","hentry","category-juazeiro","tag-brasil","tag-defensoria-publica-da-uniao","tag-direitos","tag-juazeiro-da-bahia"],"jetpack_publicize_connections":[],"jetpack_featured_media_url":"https:\/\/blogopara.com.br\/wp-content\/uploads\/2019\/07\/defensoria-p\u00fablica-da-bahia-regional-juazeiro.jpg","uagb_featured_image_src":{"full":["https:\/\/blogopara.com.br\/wp-content\/uploads\/2019\/07\/defensoria-p\u00fablica-da-bahia-regional-juazeiro.jpg",700,473,false],"thumbnail":["https:\/\/blogopara.com.br\/wp-content\/uploads\/2019\/07\/defensoria-p\u00fablica-da-bahia-regional-juazeiro-150x150.jpg",150,150,true],"medium":["https:\/\/blogopara.com.br\/wp-content\/uploads\/2019\/07\/defensoria-p\u00fablica-da-bahia-regional-juazeiro-300x203.jpg",300,203,true],"medium_large":["https:\/\/blogopara.com.br\/wp-content\/uploads\/2019\/07\/defensoria-p\u00fablica-da-bahia-regional-juazeiro.jpg",640,432,false],"large":["https:\/\/blogopara.com.br\/wp-content\/uploads\/2019\/07\/defensoria-p\u00fablica-da-bahia-regional-juazeiro.jpg",640,432,false],"1536x1536":["https:\/\/blogopara.com.br\/wp-content\/uploads\/2019\/07\/defensoria-p\u00fablica-da-bahia-regional-juazeiro.jpg",700,473,false],"2048x2048":["https:\/\/blogopara.com.br\/wp-content\/uploads\/2019\/07\/defensoria-p\u00fablica-da-bahia-regional-juazeiro.jpg",700,473,false],"mantranews-slider-large":["https:\/\/blogopara.com.br\/wp-content\/uploads\/2019\/07\/defensoria-p\u00fablica-da-bahia-regional-juazeiro.jpg",700,473,false],"mantranews-featured-medium":["https:\/\/blogopara.com.br\/wp-content\/uploads\/2019\/07\/defensoria-p\u00fablica-da-bahia-regional-juazeiro.jpg",420,284,false],"mantranews-featured-long":["https:\/\/blogopara.com.br\/wp-content\/uploads\/2019\/07\/defensoria-p\u00fablica-da-bahia-regional-juazeiro.jpg",300,203,false],"mantranews-block-medium":["https:\/\/blogopara.com.br\/wp-content\/uploads\/2019\/07\/defensoria-p\u00fablica-da-bahia-regional-juazeiro.jpg",429,290,false],"mantranews-carousel-image":["https:\/\/blogopara.com.br\/wp-content\/uploads\/2019\/07\/defensoria-p\u00fablica-da-bahia-regional-juazeiro.jpg",600,405,false],"mantranews-block-thumb":["https:\/\/blogopara.com.br\/wp-content\/uploads\/2019\/07\/defensoria-p\u00fablica-da-bahia-regional-juazeiro.jpg",322,218,false],"mantranews-single-large":["https:\/\/blogopara.com.br\/wp-content\/uploads\/2019\/07\/defensoria-p\u00fablica-da-bahia-regional-juazeiro.jpg",700,473,false]},"uagb_author_info":{"display_name":"Reda\u00e7\u00e3o geral","author_link":"https:\/\/blogopara.com.br\/index.php\/author\/blogopara"},"uagb_comment_info":0,"uagb_excerpt":"Em levantamento divulgado em maio deste ano, a DPU informou ter uma for\u00e7a de trabalho de 4.483 pessoas, dos quais 791 eram servidores cedidos e 2.545 estagi\u00e1rios de N\u00edvel M\u00e9dio e N\u00edvel Superior.","jetpack_sharing_enabled":true,"jetpack_likes_enabled":true,"_links":{"self":[{"href":"https:\/\/blogopara.com.br\/index.php\/wp-json\/wp\/v2\/posts\/1525","targetHints":{"allow":["GET"]}}],"collection":[{"href":"https:\/\/blogopara.com.br\/index.php\/wp-json\/wp\/v2\/posts"}],"about":[{"href":"https:\/\/blogopara.com.br\/index.php\/wp-json\/wp\/v2\/types\/post"}],"author":[{"embeddable":true,"href":"https:\/\/blogopara.com.br\/index.php\/wp-json\/wp\/v2\/users\/1"}],"replies":[{"embeddable":true,"href":"https:\/\/blogopara.com.br\/index.php\/wp-json\/wp\/v2\/comments?post=1525"}],"version-history":[{"count":5,"href":"https:\/\/blogopara.com.br\/index.php\/wp-json\/wp\/v2\/posts\/1525\/revisions"}],"predecessor-version":[{"id":1555,"href":"https:\/\/blogopara.com.br\/index.php\/wp-json\/wp\/v2\/posts\/1525\/revisions\/1555"}],"wp:featuredmedia":[{"embeddable":true,"href":"https:\/\/blogopara.com.br\/index.php\/wp-json\/wp\/v2\/media\/1527"}],"wp:attachment":[{"href":"https:\/\/blogopara.com.br\/index.php\/wp-json\/wp\/v2\/media?parent=1525"}],"wp:term":[{"taxonomy":"category","embeddable":true,"href":"https:\/\/blogopara.com.br\/index.php\/wp-json\/wp\/v2\/categories?post=1525"},{"taxonomy":"post_tag","embeddable":true,"href":"https:\/\/blogopara.com.br\/index.php\/wp-json\/wp\/v2\/tags?post=1525"}],"curies":[{"name":"wp","href":"https:\/\/api.w.org\/{rel}","templated":true}]}}