{"id":15264,"date":"2020-10-18T07:27:44","date_gmt":"2020-10-18T10:27:44","guid":{"rendered":"http:\/\/blogopara.com.br\/?p=15264"},"modified":"2020-10-18T20:40:49","modified_gmt":"2020-10-18T23:40:49","slug":"juazeiro-safado-expressao-que-marcou-a-historia-politica-de-juazeiro","status":"publish","type":"post","link":"https:\/\/blogopara.com.br\/index.php\/2020\/10\/18\/juazeiro-safado-expressao-que-marcou-a-historia-politica-de-juazeiro","title":{"rendered":"Juazeiro: &#8216;safado&#8217;, express\u00e3o que marcou a hist\u00f3ria pol\u00edtica de Juazeiro"},"content":{"rendered":"<p>Dizem que o ex-prefeito Jos\u00e9 Padilha, que administrou a cidade na d\u00e9cada de 60, tinha sido o pior prefeito da hist\u00f3ria pol\u00edtica de Juazeiro, essa marca durou at\u00e9 a gest\u00e3o do prefeito Paulo Bomfim (PT), ele conseguiu ser pior do que o ex-prefeito Jos\u00e9 Padilha.<\/p>\n<p style=\"text-align: justify;\">A p\u00e9ssima administra\u00e7\u00e3o de Paulo Bomfim a frente da prefeitura de Juazeiro, foi marcada pelos caos na sa\u00fade, na infraestrutura, de den\u00fancias e mais den\u00fancias na educa\u00e7\u00e3o (acumula\u00e7\u00e3o de sal\u00e1rios da secret\u00e1ria, compra da merenda escolar, compra de livros did\u00e1ticos) do incha\u00e7o na folha da pagamento; das contas aprovadas com ressalvas pelo TCM; das mortes de beb\u00eas na maternidade; das privatiza\u00e7\u00f5es em todos os setores p\u00fablicos; dos atrasos no pagamento aos servidores, do arrocho contra os aposentados; do esc\u00e2ndalo da doa\u00e7\u00e3o de espa\u00e7o p\u00fablico ao IPJ&#8230;<\/p>\n<p style=\"text-align: justify;\">Mas tudo isso \u00e9 pequeno e menos desmoralizante, do que o gestor p\u00fablico ao passar pelas ruas da cidade, e ser chamado de &#8220;safado&#8221; por uma cidad\u00e3 indignada. Esse fato vai entrar para os anais da pol\u00edtica de Juazeiro, como a maior prova da rejei\u00e7\u00e3o e da desmoraliza\u00e7\u00e3o de um prefeito.<\/p>\n<p style=\"text-align: justify;\">O prefeito estava dentro do carro e fazia uma transmiss\u00e3o ao vivo pelas redes sociais, anunciando obras, quando de repete sem ele esperar, uma senhora se dirige ao prefeito, e diz: &#8220;safaaaado&#8221;. O prefeito desorganizou as ideias e seguiu com a transmiss\u00e3o, mas o v\u00eddeo de poucos segundos viralizou pelas redes sociais.<\/p>\n<p>Confira o v\u00eddeo:<\/p>\n<div style=\"width: 226px;\" class=\"wp-video\"><!--[if lt IE 9]><script>document.createElement('video');<\/script><![endif]-->\n<video class=\"wp-video-shortcode\" id=\"video-15264-1\" width=\"226\" height=\"400\" preload=\"metadata\" controls=\"controls\"><source type=\"video\/mp4\" src=\"https:\/\/blogopara.com.br\/wp-content\/uploads\/2020\/10\/WhatsApp-Video-2020-10-17-at-19.47.33.mp4?_=1\" \/><a href=\"https:\/\/blogopara.com.br\/wp-content\/uploads\/2020\/10\/WhatsApp-Video-2020-10-17-at-19.47.33.mp4\">https:\/\/blogopara.com.br\/wp-content\/uploads\/2020\/10\/WhatsApp-Video-2020-10-17-at-19.47.33.mp4<\/a><\/video><\/div>\n","protected":false},"excerpt":{"rendered":"<p>Dizem que o ex-prefeito Jos\u00e9 Padilha, que administrou a cidade na d\u00e9cada de 60, tinha sido o pior prefeito da hist\u00f3ria pol\u00edtica de Juazeiro, essa marca durou at\u00e9 a gest\u00e3o do prefeito Paulo Bomfim (PT), ele conseguiu ser pior do que o ex-prefeito Jos\u00e9 Padilha. A p\u00e9ssima administra\u00e7\u00e3o de Paulo Bomfim a frente da prefeitura [&hellip;]<\/p>\n","protected":false},"author":1,"featured_media":15266,"comment_status":"open","ping_status":"open","sticky":false,"template":"","format":"standard","meta":{"_uag_custom_page_level_css":"","_monsterinsights_skip_tracking":false,"_monsterinsights_sitenote_active":false,"_monsterinsights_sitenote_note":"","_monsterinsights_sitenote_category":0,"jetpack_post_was_ever_published":false,"_jetpack_newsletter_access":"","_jetpack_dont_email_post_to_subs":false,"_jetpack_newsletter_tier_id":0,"_jetpack_memberships_contains_paywalled_content":false,"_jetpack_memberships_contains_paid_content":false,"footnotes":"","jetpack_publicize_message":"","jetpack_publicize_feature_enabled":true,"jetpack_social_post_already_shared":true,"jetpack_social_options":{"image_generator_settings":{"template":"highway","default_image_id":0,"font":"","enabled":false},"version":2}},"categories":[203,197],"tags":[],"class_list":["post-15264","post","type-post","status-publish","format-standard","has-post-thumbnail","hentry","category-juazeiro","category-politica"],"jetpack_publicize_connections":[],"jetpack_featured_media_url":"https:\/\/blogopara.com.br\/wp-content\/uploads\/2020\/10\/258222322.jpg","uagb_featured_image_src":{"full":["https:\/\/blogopara.com.br\/wp-content\/uploads\/2020\/10\/258222322.jpg",644,400,false],"thumbnail":["https:\/\/blogopara.com.br\/wp-content\/uploads\/2020\/10\/258222322-150x150.jpg",150,150,true],"medium":["https:\/\/blogopara.com.br\/wp-content\/uploads\/2020\/10\/258222322-300x186.jpg",300,186,true],"medium_large":["https:\/\/blogopara.com.br\/wp-content\/uploads\/2020\/10\/258222322.jpg",640,398,false],"large":["https:\/\/blogopara.com.br\/wp-content\/uploads\/2020\/10\/258222322.jpg",640,398,false],"1536x1536":["https:\/\/blogopara.com.br\/wp-content\/uploads\/2020\/10\/258222322.jpg",644,400,false],"2048x2048":["https:\/\/blogopara.com.br\/wp-content\/uploads\/2020\/10\/258222322.jpg",644,400,false],"mantranews-slider-large":["https:\/\/blogopara.com.br\/wp-content\/uploads\/2020\/10\/258222322.jpg",644,400,false],"mantranews-featured-medium":["https:\/\/blogopara.com.br\/wp-content\/uploads\/2020\/10\/258222322-420x307.jpg",420,307,true],"mantranews-featured-long":["https:\/\/blogopara.com.br\/wp-content\/uploads\/2020\/10\/258222322-300x400.jpg",300,400,true],"mantranews-block-medium":["https:\/\/blogopara.com.br\/wp-content\/uploads\/2020\/10\/258222322-464x290.jpg",464,290,true],"mantranews-carousel-image":["https:\/\/blogopara.com.br\/wp-content\/uploads\/2020\/10\/258222322-600x400.jpg",600,400,true],"mantranews-block-thumb":["https:\/\/blogopara.com.br\/wp-content\/uploads\/2020\/10\/258222322-322x230.jpg",322,230,true],"mantranews-single-large":["https:\/\/blogopara.com.br\/wp-content\/uploads\/2020\/10\/258222322.jpg",644,400,false]},"uagb_author_info":{"display_name":"Reda\u00e7\u00e3o geral","author_link":"https:\/\/blogopara.com.br\/index.php\/author\/blogopara"},"uagb_comment_info":1,"uagb_excerpt":"Dizem que o ex-prefeito Jos\u00e9 Padilha, que administrou a cidade na d\u00e9cada de 60, tinha sido o pior prefeito da hist\u00f3ria pol\u00edtica de Juazeiro, essa marca durou at\u00e9 a gest\u00e3o do prefeito Paulo Bomfim (PT), ele conseguiu ser pior do que o ex-prefeito Jos\u00e9 Padilha. A p\u00e9ssima administra\u00e7\u00e3o de Paulo Bomfim a frente da prefeitura&hellip;","jetpack_sharing_enabled":true,"jetpack_likes_enabled":true,"_links":{"self":[{"href":"https:\/\/blogopara.com.br\/index.php\/wp-json\/wp\/v2\/posts\/15264","targetHints":{"allow":["GET"]}}],"collection":[{"href":"https:\/\/blogopara.com.br\/index.php\/wp-json\/wp\/v2\/posts"}],"about":[{"href":"https:\/\/blogopara.com.br\/index.php\/wp-json\/wp\/v2\/types\/post"}],"author":[{"embeddable":true,"href":"https:\/\/blogopara.com.br\/index.php\/wp-json\/wp\/v2\/users\/1"}],"replies":[{"embeddable":true,"href":"https:\/\/blogopara.com.br\/index.php\/wp-json\/wp\/v2\/comments?post=15264"}],"version-history":[{"count":3,"href":"https:\/\/blogopara.com.br\/index.php\/wp-json\/wp\/v2\/posts\/15264\/revisions"}],"predecessor-version":[{"id":15305,"href":"https:\/\/blogopara.com.br\/index.php\/wp-json\/wp\/v2\/posts\/15264\/revisions\/15305"}],"wp:featuredmedia":[{"embeddable":true,"href":"https:\/\/blogopara.com.br\/index.php\/wp-json\/wp\/v2\/media\/15266"}],"wp:attachment":[{"href":"https:\/\/blogopara.com.br\/index.php\/wp-json\/wp\/v2\/media?parent=15264"}],"wp:term":[{"taxonomy":"category","embeddable":true,"href":"https:\/\/blogopara.com.br\/index.php\/wp-json\/wp\/v2\/categories?post=15264"},{"taxonomy":"post_tag","embeddable":true,"href":"https:\/\/blogopara.com.br\/index.php\/wp-json\/wp\/v2\/tags?post=15264"}],"curies":[{"name":"wp","href":"https:\/\/api.w.org\/{rel}","templated":true}]}}