{"id":15268,"date":"2020-10-18T08:57:35","date_gmt":"2020-10-18T11:57:35","guid":{"rendered":"http:\/\/blogopara.com.br\/?p=15268"},"modified":"2020-10-17T20:09:28","modified_gmt":"2020-10-17T23:09:28","slug":"carta-aberta-ao-povo-de-juazeiro","status":"publish","type":"post","link":"https:\/\/blogopara.com.br\/index.php\/2020\/10\/18\/carta-aberta-ao-povo-de-juazeiro","title":{"rendered":"Opini\u00e3o: Carta aberta ao povo de Juazeiro"},"content":{"rendered":"<p style=\"text-align: justify;\">\u201c<em>Os talentos, enaltecidos ao coronal do apostolado liter\u00e1rio, declaram \u00e0s vezes, o absurdo, com uma hombridade quase rid\u00edcula<\/em>. (Camilo).\u201d<\/p>\n<p style=\"text-align: justify;\">Esta declara\u00e7\u00e3o (desabafo) ser\u00e1 dirigida \u00e0s autoridades constitu\u00eddas do Executivo, Legislativo e Judici\u00e1rio, ao povo em geral: pobres, ricos, cultos, incultos, mulheres e homens da zonas urbana e rural, crian\u00e7as, jovens, adultos e idosos, mortais e imortais e \u00e0 imprensa falada, escrita e televisada.<\/p>\n<p style=\"text-align: justify;\">No dia 03 de janeiro do ano de 2018, ouvindo o programa \u201cSem Fronteiras\u201d, da R\u00e1dio Juazeiro, fiquei estarrecido, n\u00e3o somente pelo que disse o Prefeito Paulo Bonfim, mas pela repeti\u00e7\u00e3o do que v\u00eam dizendo: ele, o ex-prefeito Isaac e muitos dos seus seguidores: \u201cIsaac \u2013 O maior Prefeito de Juazeiro\u201d, (sem analisar os itens que determinam ou que afirmam isso\u2026!). Nessa referida entrevista, ouvi por tr\u00eas ou quatro vezes: \u201cSe cada Prefeito que passou por aqui tivesse feito um pouquinho, a cidade era outra\u201d. Esta afirma\u00e7\u00e3o pode n\u00e3o ter tido a inten\u00e7\u00e3o: de rebaixar, mas rebaixou; de humilhar, mas humilhou; de diminuir, mas diminuiu; de afrontar, mas afrontou; de descredenciar, mas descredenciou; de culpar, mas culpou; de fazer injusti\u00e7a, mas injusti\u00e7ou; de fazer julgamento, mas julgou; de ridicularizar, mas ridicularizou.<\/p>\n<p style=\"text-align: justify;\">Passei aquele dia pensando nas fam\u00edlias dos ex-prefeitos de Juazeiro, especialmente os j\u00e1 falecidos: Francisco Martins Duarte \u2013 Ramiro Ribeiro \u2013 Henrique Rocha \u2013 Jos\u00e9 In\u00e1cio da Silva \u2013 Apr\u00edgio Duarte Filho \u2013 Adolfo Viana \u2013 Le\u00f4nidas Torres \u2013 Rodolfo Ara\u00fajo \u2013 Miguel Siqueira \u2013 Edson Ribeiro \u2013 Alfredo Viana \u2013 Ludugero Costa \u2013 Jos\u00e9 Padilha de Souza \u2013\u00a0 Am\u00e9rico Tanuri \u2013 Arnaldo Vieira do Nascimento \u2013\u00a0 Durval Barbosa da Cunha.\u00a0\u00a0 Como ser\u00e1 a rea\u00e7\u00e3o dos familiares, ouvindo a express\u00e3o: \u201c\u2026se tivessem feito um pouquinho!\u201d<\/p>\n<p style=\"text-align: justify;\">Me veio a lembran\u00e7a de fatos e obras anteriormente e me perguntei: sou analfabeto ou um desconhecedor da realidade? J\u00e1 que cheguei aqui com 11 anos, 1952 (hoje com 77 anos); acompanhei a pol\u00edtica, desde 1959 (18 anos). Residi \u00e0 rua da Pimenta, numa casa de taipa, n\u00ba 212, hoje rua Francisco Martins Duarte. Juazeiro tinha aproximadamente 40 mil habitantes.<\/p>\n<p style=\"text-align: justify;\">Continuei a me perguntar: quem trouxe as faculdades para Juazeiro, a agricultura irrigada, o\u00a0 Mercado do Produtor, a FENAGRI, o Centro de Cultura Jo\u00e3o Gilberto, a 6\u00aa Superintend\u00eancia da CODEVASF, a energia el\u00e9trica, a AGROVALE e o Distrito Industrial?! \u2013 quem criou os Distritos Territoriais?! \u2013 quem iniciou e fez a maior parte do asfalto?! \u2013 quem mais incentivou a cultura e construiu o Centro de Cultura Jo\u00e3o Gilberto?! \u2013 quem construiu o canal da Vila Jacar\u00e9?! \u2013 quem canalizou os riachos que cortam a cidade?! \u2013 quem iniciou o saneamento, inclusive com a implanta\u00e7\u00e3o do SAAE?! \u2013 quem construiu o Matadouro?! \u2013 quem construiu as pra\u00e7as e jardins o cais e os mercados municipais?! \u2013 quem construiu as unidades habitacionais de Juazeiro III \u2013 IV \u2013 V \u2013 VI \u2013 VII e VIII, Centen\u00e1rio, Castelo Branco, Country?! \u2013 quem implantou os projetos: Cura I, Cura II, Cidades de Porte M\u00e9dio e PRODUR, com in\u00fameras obras e moderniza\u00e7\u00e3o administrativa para a cidade?! \u2013 quem mais elevou a autoestima da cidade?! Quais dos Prefeitos, tiveram conviv\u00eancia pac\u00edfica com os eleitores e advers\u00e1rios sem persegui\u00e7\u00e3o pol\u00edtica?! Qual ou quais deles?!!!<\/p>\n<p style=\"text-align: justify;\">Por que estou perguntando tais coisas: porque repetidamente dizem que Juazeiro n\u00e3o tinha nada!<\/p>\n<p style=\"text-align: justify;\">Por que est\u00e3o a dizer aos quatro cantos que os Prefeitos anteriores n\u00e3o fizeram nem um pouquinho. H\u00e1 de se reconhecer que Isaac tamb\u00e9m fez. Reconhe\u00e7a-se ainda que ele foi o \u00fanico Prefeito na hist\u00f3ria de Juazeiro a assumir um mandato por 8 anos consecutivos e aliado a um sistema pol\u00edtico que o favoreceu muit\u00edssimo, considerando as oportunidades de uma reelei\u00e7\u00e3o que em governos anteriores n\u00e3o havia. Foi tamb\u00e9m beneficiado com o advento da Municipaliza\u00e7\u00e3o dos recursos. Portanto, a diferen\u00e7a entre o modelo atual e o anterior, \u00e9 de um trov\u00e3o para um traque.<\/p>\n<p style=\"text-align: justify;\">Quando ainda jovem li um conto de autor desconhecido: \u201cDEVOLVA O PEIXE \u00c0 \u00c1GUA\u201d:<\/p>\n<p style=\"text-align: justify;\">\u201cEle tinha onze anos e, a cada oportunidade que surgia, ia pescar no cais pr\u00f3ximo ao chal\u00e9 da fam\u00edlia, numa ilha que ficava no meio do lago. A temporada de pesca s\u00f3 come\u00e7aria no dia seguinte, mas pai e filho sa\u00edram no fim da tarde para pegar apenas peixes cuja captura estava liberada.<\/p>\n<p style=\"text-align: justify;\">O menino amarrou uma isca e come\u00e7ou a praticar arremessos, provocando ondula\u00e7\u00f5es coloridas na \u00e1gua. Logo, elas se tornaram prateadas pelo efeito da lua nascente sobre o lago. Quando o cani\u00e7o vergou, ele soube que havia algo enorme do outro lado da linha. O pai olhava com admira\u00e7\u00e3o, enquanto o garoto, habilmente e com muito cuidado, erguia o peixe exausto da \u00e1gua. Era o maior que j\u00e1 tinha visto, por\u00e9m sua pesca s\u00f3 era permitida na temporada. O garoto e o pai olharam para o peixe t\u00e3o bonito, com as guelras para tr\u00e1s e para frente. O pai ent\u00e3o acendeu o f\u00f3sforo e olhou para o rel\u00f3gio. Eram dez da noite, faltavam apenas duas horas para a abertura da temporada. Em seguida, olhou para o peixe e depois para o menino e disse:<\/p>\n<p style=\"text-align: justify;\">\u2013 Voc\u00ea tem que devolv\u00ea-lo, filho!<\/p>\n<p style=\"text-align: justify;\">\u2013 Mas pai\u2026 \u2013 reclamou o filho.<\/p>\n<p style=\"text-align: justify;\">\u2013 Vai aparece outro \u2013 insistiu o pai.<\/p>\n<p style=\"text-align: justify;\">\u2013 N\u00e3o t\u00e3o grande quanto este, choramingou a crian\u00e7a.<\/p>\n<p style=\"text-align: justify;\">O garoto olhou \u00e0 volta do lago. N\u00e3o havia outras pessoas ou embarca\u00e7\u00f5es \u00e0 vista. Voltou novamente o olhar para o pai. Mesmo sem ningu\u00e9m por perto, sabia, pela firmeza de sua voz, que a decis\u00e3o era inegoci\u00e1vel. Devagar, tirou o anzol da boca do peixe e o devolveu \u00e0 \u00e1gua escura. O peixe movimentou rapidamente o corpo e desapareceu. E, naquele momento, o menino teve certeza de que jamais veria um peixe t\u00e3o grande quanto aquele.<\/p>\n<p style=\"text-align: justify;\">Isso aconteceu h\u00e1 muitos anos. Hoje o garoto \u00e9 um homem. O chal\u00e9 continua l\u00e1, na ilha no meio do lago, e ele leva seus filhos para pescar no mesmo cais. Sua intui\u00e7\u00e3o estava correta. Nunca mais conseguiu pescar um peixe t\u00e3o maravilhoso como o daquela noite. Por\u00e9m, sempre v\u00ea o mesmo peixe todas as vezes que depara com uma quest\u00e3o \u00e9tica. Porque, como o pai lhe ensinara, a \u00e9tica \u00e9 simplesmente uma quest\u00e3o de certo ou errado. A \u00e9tica, por\u00e9m, est\u00e1 em agir corretamente quando n\u00e3o se est\u00e1 sendo observado. Essa conduta reta s\u00f3 \u00e9 poss\u00edvel quando, desde crian\u00e7a, aprende-se a devolver o peixe \u00e0 \u00e1gua\u201d<\/p>\n<p style=\"text-align: justify;\">Senhores, Prefeito e ex, Paulo Bonfim e Isaac, seria muito bom que devolvessem \u00e0 cidade: seu status e sua posi\u00e7\u00e3o perante a sociedade, quanto aos administradores passados. Eles tamb\u00e9m fizeram\u2026!\u00a0 Cada um na sua \u00e9poca! Cada um dentro de suas possibilidades! Cada um priorizando a necessidade do momento!<\/p>\n<p style=\"text-align: justify;\">Longfellow, acertadamente escreveu para seus conterr\u00e2neos (e vale at\u00e9 hoje!):\u00a0 \u201cN\u00f3s nos julgamos pelo que nos sentimos capazes de fazer, e os outros pelo que j\u00e1 fizeram. Que bom reconhecer os que outros igualmente fizeram!\u201d<\/p>\n<p style=\"text-align: justify;\">M\u00e1rio dos Santos Gomes \u2013 Cidad\u00e3o de Juazeiro<\/p>\n<p>Fonte: Blog Didi Galv\u00e3o<\/p>\n","protected":false},"excerpt":{"rendered":"<p>\u201cOs talentos, enaltecidos ao coronal do apostolado liter\u00e1rio, declaram \u00e0s vezes, o absurdo, com uma hombridade quase rid\u00edcula. (Camilo).\u201d Esta declara\u00e7\u00e3o (desabafo) ser\u00e1 dirigida \u00e0s autoridades constitu\u00eddas do Executivo, Legislativo e Judici\u00e1rio, ao povo em geral: pobres, ricos, cultos, incultos, mulheres e homens da zonas urbana e rural, crian\u00e7as, jovens, adultos e idosos, mortais e [&hellip;]<\/p>\n","protected":false},"author":1,"featured_media":15269,"comment_status":"open","ping_status":"open","sticky":false,"template":"","format":"standard","meta":{"_uag_custom_page_level_css":"","_monsterinsights_skip_tracking":false,"_monsterinsights_sitenote_active":false,"_monsterinsights_sitenote_note":"","_monsterinsights_sitenote_category":0,"jetpack_post_was_ever_published":false,"_jetpack_newsletter_access":"","_jetpack_dont_email_post_to_subs":false,"_jetpack_newsletter_tier_id":0,"_jetpack_memberships_contains_paywalled_content":false,"_jetpack_memberships_contains_paid_content":false,"footnotes":"","jetpack_publicize_message":"","jetpack_publicize_feature_enabled":true,"jetpack_social_post_already_shared":true,"jetpack_social_options":{"image_generator_settings":{"template":"highway","default_image_id":0,"font":"","enabled":false},"version":2}},"categories":[203,197,204],"tags":[],"class_list":["post-15268","post","type-post","status-publish","format-standard","has-post-thumbnail","hentry","category-juazeiro","category-politica","category-social"],"jetpack_publicize_connections":[],"jetpack_featured_media_url":"https:\/\/blogopara.com.br\/wp-content\/uploads\/2020\/10\/ddd-74-juazeiro-ba-1.jpg","uagb_featured_image_src":{"full":["https:\/\/blogopara.com.br\/wp-content\/uploads\/2020\/10\/ddd-74-juazeiro-ba-1.jpg",500,250,false],"thumbnail":["https:\/\/blogopara.com.br\/wp-content\/uploads\/2020\/10\/ddd-74-juazeiro-ba-1-150x150.jpg",150,150,true],"medium":["https:\/\/blogopara.com.br\/wp-content\/uploads\/2020\/10\/ddd-74-juazeiro-ba-1-300x150.jpg",300,150,true],"medium_large":["https:\/\/blogopara.com.br\/wp-content\/uploads\/2020\/10\/ddd-74-juazeiro-ba-1.jpg",500,250,false],"large":["https:\/\/blogopara.com.br\/wp-content\/uploads\/2020\/10\/ddd-74-juazeiro-ba-1.jpg",500,250,false],"1536x1536":["https:\/\/blogopara.com.br\/wp-content\/uploads\/2020\/10\/ddd-74-juazeiro-ba-1.jpg",500,250,false],"2048x2048":["https:\/\/blogopara.com.br\/wp-content\/uploads\/2020\/10\/ddd-74-juazeiro-ba-1.jpg",500,250,false],"mantranews-slider-large":["https:\/\/blogopara.com.br\/wp-content\/uploads\/2020\/10\/ddd-74-juazeiro-ba-1.jpg",500,250,false],"mantranews-featured-medium":["https:\/\/blogopara.com.br\/wp-content\/uploads\/2020\/10\/ddd-74-juazeiro-ba-1-420x250.jpg",420,250,true],"mantranews-featured-long":["https:\/\/blogopara.com.br\/wp-content\/uploads\/2020\/10\/ddd-74-juazeiro-ba-1-300x250.jpg",300,250,true],"mantranews-block-medium":["https:\/\/blogopara.com.br\/wp-content\/uploads\/2020\/10\/ddd-74-juazeiro-ba-1-464x250.jpg",464,250,true],"mantranews-carousel-image":["https:\/\/blogopara.com.br\/wp-content\/uploads\/2020\/10\/ddd-74-juazeiro-ba-1.jpg",500,250,false],"mantranews-block-thumb":["https:\/\/blogopara.com.br\/wp-content\/uploads\/2020\/10\/ddd-74-juazeiro-ba-1-322x230.jpg",322,230,true],"mantranews-single-large":["https:\/\/blogopara.com.br\/wp-content\/uploads\/2020\/10\/ddd-74-juazeiro-ba-1.jpg",500,250,false]},"uagb_author_info":{"display_name":"Reda\u00e7\u00e3o geral","author_link":"https:\/\/blogopara.com.br\/index.php\/author\/blogopara"},"uagb_comment_info":0,"uagb_excerpt":"\u201cOs talentos, enaltecidos ao coronal do apostolado liter\u00e1rio, declaram \u00e0s vezes, o absurdo, com uma hombridade quase rid\u00edcula. (Camilo).\u201d Esta declara\u00e7\u00e3o (desabafo) ser\u00e1 dirigida \u00e0s autoridades constitu\u00eddas do Executivo, Legislativo e Judici\u00e1rio, ao povo em geral: pobres, ricos, cultos, incultos, mulheres e homens da zonas urbana e rural, crian\u00e7as, jovens, adultos e idosos, mortais e&hellip;","jetpack_sharing_enabled":true,"jetpack_likes_enabled":true,"_links":{"self":[{"href":"https:\/\/blogopara.com.br\/index.php\/wp-json\/wp\/v2\/posts\/15268","targetHints":{"allow":["GET"]}}],"collection":[{"href":"https:\/\/blogopara.com.br\/index.php\/wp-json\/wp\/v2\/posts"}],"about":[{"href":"https:\/\/blogopara.com.br\/index.php\/wp-json\/wp\/v2\/types\/post"}],"author":[{"embeddable":true,"href":"https:\/\/blogopara.com.br\/index.php\/wp-json\/wp\/v2\/users\/1"}],"replies":[{"embeddable":true,"href":"https:\/\/blogopara.com.br\/index.php\/wp-json\/wp\/v2\/comments?post=15268"}],"version-history":[{"count":2,"href":"https:\/\/blogopara.com.br\/index.php\/wp-json\/wp\/v2\/posts\/15268\/revisions"}],"predecessor-version":[{"id":15271,"href":"https:\/\/blogopara.com.br\/index.php\/wp-json\/wp\/v2\/posts\/15268\/revisions\/15271"}],"wp:featuredmedia":[{"embeddable":true,"href":"https:\/\/blogopara.com.br\/index.php\/wp-json\/wp\/v2\/media\/15269"}],"wp:attachment":[{"href":"https:\/\/blogopara.com.br\/index.php\/wp-json\/wp\/v2\/media?parent=15268"}],"wp:term":[{"taxonomy":"category","embeddable":true,"href":"https:\/\/blogopara.com.br\/index.php\/wp-json\/wp\/v2\/categories?post=15268"},{"taxonomy":"post_tag","embeddable":true,"href":"https:\/\/blogopara.com.br\/index.php\/wp-json\/wp\/v2\/tags?post=15268"}],"curies":[{"name":"wp","href":"https:\/\/api.w.org\/{rel}","templated":true}]}}