{"id":15408,"date":"2020-10-22T09:28:07","date_gmt":"2020-10-22T12:28:07","guid":{"rendered":"http:\/\/blogopara.com.br\/?p=15408"},"modified":"2020-10-21T16:44:52","modified_gmt":"2020-10-21T19:44:52","slug":"musicas-do-compositor-jose-marcolino-constam-na-lista-das-20-mais-tocadas-no-periodo-junino-2020","status":"publish","type":"post","link":"https:\/\/blogopara.com.br\/index.php\/2020\/10\/22\/musicas-do-compositor-jose-marcolino-constam-na-lista-das-20-mais-tocadas-no-periodo-junino-2020","title":{"rendered":"M\u00fasicas do compositor Jos\u00e9 Marcolino constam na lista das 20 mais tocadas no per\u00edodo junino 2020"},"content":{"rendered":"<p style=\"text-align: justify;\">As festas juninas este ano foram diferentes de todos os anos anteriores. Com a pandemia do coronav\u00edrus, alguns dos tradicionais festejos desta \u00e9poca foram cancelados e adiados, enquanto outros contaram com uma vers\u00e3o online, com lives em diversos estados do pa\u00eds.<\/p>\n<p style=\"text-align: justify;\">Diante dessas mudan\u00e7as impostas pelo atual momento sanit\u00e1rio mundial, o Ecad (Escrit\u00f3rio Central de Arrecada\u00e7\u00e3o e Distribui\u00e7\u00e3o) distribuiu R$ 921 mil a artistas e compositores de todo o Brasil, al\u00e9m das associa\u00e7\u00f5es de m\u00fasica. Em compara\u00e7\u00e3o ao mesmo per\u00edodo do ano passado, os n\u00fameros mostram uma queda de 83% nos rendimentos em direitos autorais destinados \u00e0 classe art\u00edstica, representando o forte impacto da Covid-19 no segmento.<\/p>\n<p style=\"text-align: justify;\">Ao todo, foram contemplados 7.601 compositores, m\u00fasicos, int\u00e9rpretes, editoras e gravadoras, que tiveram suas can\u00e7\u00f5es tocadas nos eventos juninos deste ano. Em 2019, o Ecad distribuiu R$ 5,5 milh\u00f5es a 9.883 compositores e demais artistas pelas m\u00fasicas tocadas nas festas juninas.<\/p>\n<p style=\"text-align: justify;\">A m\u00fasica mais tocada em 2020 foi \u201cFesta na ro\u00e7a\u201d, de autoria de Palmeira e M\u00e1rio Zan. Essa can\u00e7\u00e3o, inclusive, lidera o ranking do segmento de Festa Junina desde 2010. Este ano, tamb\u00e9m se destacaram as m\u00fasicas \u201cOlha pro c\u00e9u\u201d, de autoria de Luiz Gonzaga e Jos\u00e9 Fernandes de Carvalho, e \u201cPagode russo\u201d, de Jo\u00e3o Silva e Gonzag\u00e3o.<\/p>\n<p style=\"text-align: justify;\">Confira lista da mais tocas. Posi\u00e7\u00e3o\u00a0\u00a0 \u00a0M\u00fasica\u00a0\u00a0 \u00a0Autores<br \/>\n1\u00a0\u00a0 \u00a0Festa na ro\u00e7a\u00a0\u00a0 \u00a0Palmeira\/Mario Zan<br \/>\n2\u00a0\u00a0 \u00a0Olha pro c\u00e9u\u00a0\u00a0 \u00a0Gonzag\u00e3o\/Jos\u00e9 Fernandes de Carvalho<br \/>\n3\u00a0\u00a0 \u00a0Pagode russo\u00a0\u00a0 \u00a0Jo\u00e3o Silva\/Gonzag\u00e3o<br \/>\n4\u00a0\u00a0 \u00a0Eu s\u00f3 quero um xod\u00f3\u00a0\u00a0 \u00a0Anast\u00e1cia\/Dominguinhos<br \/>\n5\u00a0\u00a0 \u00a0Asa branca\u00a0\u00a0 \u00a0Humberto Teixeira\/Gonzag\u00e3o<br \/>\n6\u00a0\u00a0 \u00a0Frevo mulher\u00a0\u00a0 \u00a0Z\u00e9 Ramalho<br \/>\n7\u00a0\u00a0 \u00a0Fogo sem fuzil\u00a0\u00a0 \u00a0Jos\u00e9 Marcolino<br \/>\n8\u00a0\u00a0 \u00a0O xote das meninas\u00a0\u00a0 \u00a0Z\u00e9 Dantas\/Gonzag\u00e3o<br \/>\n9\u00a0\u00a0 \u00a0Esperando na janela\u00a0\u00a0 \u00a0Raimundinho do Acordeon\/Targino Gondim\/Manuca Almeida<br \/>\n10\u00a0\u00a0 \u00a0Numa sala de reboco\u00a0\u00a0 \u00a0Jos\u00e9 Marcolino<br \/>\n11\u00a0\u00a0 \u00a0S\u00e3o Jo\u00e3o na ro\u00e7a\u00a0\u00a0 \u00a0Z\u00e9 Dantas\/Gonzag\u00e3o<br \/>\n12\u00a0\u00a0 \u00a0Espumas ao vento\u00a0\u00a0 \u00a0Accioly Neto<br \/>\n13\u00a0\u00a0 \u00a0Anuncia\u00e7\u00e3o\u00a0\u00a0 \u00a0Alceu Valen\u00e7a<br \/>\n14\u00a0\u00a0 \u00a0Meu cen\u00e1rio\u00a0\u00a0 \u00a0Petr\u00facio Amorim<br \/>\n15\u00a0\u00a0 \u00a0Xote dos milagres\u00a0\u00a0 \u00a0Tato<br \/>\n16\u00a0\u00a0 \u00a0Olhinhos de fogueira\u00a0\u00a0 \u00a0Luiz Fid\u00e9lis<br \/>\n17\u00a0\u00a0 \u00a0Pra tirar coco\u00a0\u00a0 \u00a0Hamilton de Oliveira\/Messias Holanda<br \/>\n18\u00a0\u00a0 \u00a0Isso aqui t\u00e1 bom demais\u00a0\u00a0 \u00a0Nando Cordel\/Dominguinhos<br \/>\n19\u00a0\u00a0 \u00a0Aproveita gente\u00a0\u00a0 \u00a0Onildo Almeida<br \/>\n20\u00a0\u00a0 \u00a0Rindo \u00e0 toa\u00a0\u00a0 \u00a0Tato<\/p>\n<p style=\"text-align: justify;\">Fonte: redeGN<\/p>\n","protected":false},"excerpt":{"rendered":"<p>As festas juninas este ano foram diferentes de todos os anos anteriores. Com a pandemia do coronav\u00edrus, alguns dos tradicionais festejos desta \u00e9poca foram cancelados e adiados, enquanto outros contaram com uma vers\u00e3o online, com lives em diversos estados do pa\u00eds. Diante dessas mudan\u00e7as impostas pelo atual momento sanit\u00e1rio mundial, o Ecad (Escrit\u00f3rio Central de [&hellip;]<\/p>\n","protected":false},"author":1,"featured_media":15409,"comment_status":"open","ping_status":"open","sticky":false,"template":"","format":"standard","meta":{"_uag_custom_page_level_css":"","_monsterinsights_skip_tracking":false,"_monsterinsights_sitenote_active":false,"_monsterinsights_sitenote_note":"","_monsterinsights_sitenote_category":0,"jetpack_post_was_ever_published":false,"_jetpack_newsletter_access":"","_jetpack_dont_email_post_to_subs":false,"_jetpack_newsletter_tier_id":0,"_jetpack_memberships_contains_paywalled_content":false,"_jetpack_memberships_contains_paid_content":false,"footnotes":"","jetpack_publicize_message":"","jetpack_publicize_feature_enabled":true,"jetpack_social_post_already_shared":true,"jetpack_social_options":{"image_generator_settings":{"template":"highway","default_image_id":0,"font":"","enabled":false},"version":2}},"categories":[200,204],"tags":[],"class_list":["post-15408","post","type-post","status-publish","format-standard","has-post-thumbnail","hentry","category-brasil","category-social"],"jetpack_publicize_connections":[],"jetpack_featured_media_url":"https:\/\/blogopara.com.br\/wp-content\/uploads\/2020\/10\/zemarcolino.jpg","uagb_featured_image_src":{"full":["https:\/\/blogopara.com.br\/wp-content\/uploads\/2020\/10\/zemarcolino.jpg",500,501,false],"thumbnail":["https:\/\/blogopara.com.br\/wp-content\/uploads\/2020\/10\/zemarcolino-150x150.jpg",150,150,true],"medium":["https:\/\/blogopara.com.br\/wp-content\/uploads\/2020\/10\/zemarcolino-300x300.jpg",300,300,true],"medium_large":["https:\/\/blogopara.com.br\/wp-content\/uploads\/2020\/10\/zemarcolino.jpg",500,501,false],"large":["https:\/\/blogopara.com.br\/wp-content\/uploads\/2020\/10\/zemarcolino.jpg",500,501,false],"1536x1536":["https:\/\/blogopara.com.br\/wp-content\/uploads\/2020\/10\/zemarcolino.jpg",500,501,false],"2048x2048":["https:\/\/blogopara.com.br\/wp-content\/uploads\/2020\/10\/zemarcolino.jpg",500,501,false],"mantranews-slider-large":["https:\/\/blogopara.com.br\/wp-content\/uploads\/2020\/10\/zemarcolino.jpg",500,501,false],"mantranews-featured-medium":["https:\/\/blogopara.com.br\/wp-content\/uploads\/2020\/10\/zemarcolino-420x307.jpg",420,307,true],"mantranews-featured-long":["https:\/\/blogopara.com.br\/wp-content\/uploads\/2020\/10\/zemarcolino-300x443.jpg",300,443,true],"mantranews-block-medium":["https:\/\/blogopara.com.br\/wp-content\/uploads\/2020\/10\/zemarcolino-464x290.jpg",464,290,true],"mantranews-carousel-image":["https:\/\/blogopara.com.br\/wp-content\/uploads\/2020\/10\/zemarcolino.jpg",499,500,false],"mantranews-block-thumb":["https:\/\/blogopara.com.br\/wp-content\/uploads\/2020\/10\/zemarcolino-322x230.jpg",322,230,true],"mantranews-single-large":["https:\/\/blogopara.com.br\/wp-content\/uploads\/2020\/10\/zemarcolino.jpg",500,501,false]},"uagb_author_info":{"display_name":"Reda\u00e7\u00e3o geral","author_link":"https:\/\/blogopara.com.br\/index.php\/author\/blogopara"},"uagb_comment_info":0,"uagb_excerpt":"As festas juninas este ano foram diferentes de todos os anos anteriores. Com a pandemia do coronav\u00edrus, alguns dos tradicionais festejos desta \u00e9poca foram cancelados e adiados, enquanto outros contaram com uma vers\u00e3o online, com lives em diversos estados do pa\u00eds. Diante dessas mudan\u00e7as impostas pelo atual momento sanit\u00e1rio mundial, o Ecad (Escrit\u00f3rio Central de&hellip;","jetpack_sharing_enabled":true,"jetpack_likes_enabled":true,"_links":{"self":[{"href":"https:\/\/blogopara.com.br\/index.php\/wp-json\/wp\/v2\/posts\/15408","targetHints":{"allow":["GET"]}}],"collection":[{"href":"https:\/\/blogopara.com.br\/index.php\/wp-json\/wp\/v2\/posts"}],"about":[{"href":"https:\/\/blogopara.com.br\/index.php\/wp-json\/wp\/v2\/types\/post"}],"author":[{"embeddable":true,"href":"https:\/\/blogopara.com.br\/index.php\/wp-json\/wp\/v2\/users\/1"}],"replies":[{"embeddable":true,"href":"https:\/\/blogopara.com.br\/index.php\/wp-json\/wp\/v2\/comments?post=15408"}],"version-history":[{"count":1,"href":"https:\/\/blogopara.com.br\/index.php\/wp-json\/wp\/v2\/posts\/15408\/revisions"}],"predecessor-version":[{"id":15410,"href":"https:\/\/blogopara.com.br\/index.php\/wp-json\/wp\/v2\/posts\/15408\/revisions\/15410"}],"wp:featuredmedia":[{"embeddable":true,"href":"https:\/\/blogopara.com.br\/index.php\/wp-json\/wp\/v2\/media\/15409"}],"wp:attachment":[{"href":"https:\/\/blogopara.com.br\/index.php\/wp-json\/wp\/v2\/media?parent=15408"}],"wp:term":[{"taxonomy":"category","embeddable":true,"href":"https:\/\/blogopara.com.br\/index.php\/wp-json\/wp\/v2\/categories?post=15408"},{"taxonomy":"post_tag","embeddable":true,"href":"https:\/\/blogopara.com.br\/index.php\/wp-json\/wp\/v2\/tags?post=15408"}],"curies":[{"name":"wp","href":"https:\/\/api.w.org\/{rel}","templated":true}]}}