{"id":15431,"date":"2020-10-23T08:48:04","date_gmt":"2020-10-23T11:48:04","guid":{"rendered":"http:\/\/blogopara.com.br\/?p=15431"},"modified":"2020-10-22T21:56:20","modified_gmt":"2020-10-23T00:56:20","slug":"ibama-determina-recolhimento-de-brigadas-de-combate-a-incendios-por-falta-de-recursos","status":"publish","type":"post","link":"https:\/\/blogopara.com.br\/index.php\/2020\/10\/23\/ibama-determina-recolhimento-de-brigadas-de-combate-a-incendios-por-falta-de-recursos","title":{"rendered":"Ibama determina recolhimento de brigadas de combate a inc\u00eandios por falta de recursos"},"content":{"rendered":"<div class=\"post-content-area\">\n<p style=\"text-align: justify;\">O Ibama determinou, em of\u00edcio, que as brigadas de inc\u00eandios florestais interrompam, a partir da meia meia-noite desta quinta (22), os trabalhos em todo o pa\u00eds. Em um segundo documento, desta quinta, o \u00f3rg\u00e3o fala em &#8220;indisponibilidade financeira&#8221; para fechar o m\u00eas de outubro. As informa\u00e7\u00f5es foram divulgadas inicialmente pelo jornal &#8220;O Estado de S\u00e3o Paulo&#8221;.<\/p>\n<p style=\"text-align: justify;\">A suspens\u00e3o do trabalho dos agentes \u00e9 determinada em um momento em que tanto o Pantanal quanto a Amaz\u00f4nia t\u00eam recordes de queimadas. O bioma pantaneiro enfrenta uma seca hist\u00f3rica, que contribui para a alta nos inc\u00eandios (veja detalhes mais abaixo nesta reportagem).<\/p>\n<p style=\"text-align: justify;\">O of\u00edcio de quarta-feira (21), que determina a suspens\u00e3o dos trabalhos, \u00e9 assinado pelo chefe do Centro Especializado Prevfogo\/Dipro, Ricardo Vianna Barreto.<\/p>\n<p style=\"text-align: justify;\">&#8220;Determino o recolhimento de todas as Brigadas de Inc\u00eandio Florestal do IBAMA para as suas respectivas Bases de origem, a partir das 00:00H (zero hora) do dia 22 de outubro de 2020, onde dever\u00e3o permanecer aguardando ordens para atua\u00e7\u00e3o operacional em campo&#8221;, diz o documento.<\/p>\n<p><img decoding=\"async\" src=\"https:\/\/www.redegn.com.br\/ckfinder\/userfiles\/images\/ibama-out-recursos.jpg\" \/><\/p>\n<p style=\"text-align: justify;\">J\u00e1 o despacho desta quinta-feira \u00e9 da diretoria de licenciamento ambiental do \u00f3rg\u00e3o (veja abaixo). &#8220;Encaminho para conhecimento o Of\u00edcio-Circular 78 (8610371) que comunica a indisponibilidade de recursos financeiros para fechamento do m\u00eas de outubro&#8221;, diz o documento.<\/p>\n<p style=\"text-align: justify;\">Em nota (veja a \u00edntegra ao final da reportagem), o Ibama informou que a determina\u00e7\u00e3o para suspender o trabalho dos brigadistas &#8220;acontece em virtude da exaust\u00e3o de recursos&#8221; e que &#8220;j\u00e1 contabiliza 19 milh\u00f5es [de reais] de pagamentos atrasados, o que afeta todas as diretorias e a\u00e7\u00f5es do instituto, inclusive, as do Prevfogo&#8221;.<\/p>\n<p style=\"text-align: justify;\">O vice-presidente da Rep\u00fablica, Hamilton Mour\u00e3o, declarou nesta quinta-feira (22), ap\u00f3s a divulga\u00e7\u00e3o dos documentos, que vai &#8220;esclarecer a situa\u00e7\u00e3o&#8221; com o ministro do Meio Ambiente, Ricardo Salles. O instituto \u00e9 subordinado ao minist\u00e9rio de Salles.<\/p>\n<p style=\"text-align: justify;\">Mour\u00e3o comanda o Conselho Nacional da Amaz\u00f4nia Legal, colegiado criado em fevereiro por Bolsonaro para avaliar medidas como o combate a inc\u00eandios na floresta. No fim de agosto, o vice-presidente chegou a desautorizar Salles ap\u00f3s o ministro anunciar que as opera\u00e7\u00f5es de combate ao desmatamento ilegal na Amaz\u00f4nia e \u00e0s queimadas no Pantanal seriam suspensas por bloqueio de verbas.<\/p>\n<p style=\"text-align: justify;\">&#8220;Vamos esclarecer a situa\u00e7\u00e3o. O ministro n\u00e3o me informou nada. Tenho que conversar com ele pra saber o que est\u00e1 acontecendo. Se \u00e9 problema de or\u00e7amento, se \u00e9 problema financeiro&#8221;, declarou Mour\u00e3o nesta quinta.<\/p>\n<p style=\"text-align: justify;\">&#8220;Voc\u00ea empenha e, para liquidar, voc\u00ea tem que ter o financeiro. Se n\u00e3o tem o financeiro, voc\u00ea n\u00e3o paga. Pode ser isso que est\u00e1 acontecendo. Se \u00e9 atraso de financeiro, vamos ver como a economia pode auxiliar. Por isso tenho que esclarecer a situa\u00e7\u00e3o&#8221;, acrescentou.<\/p>\n<p style=\"text-align: justify;\">Veja a \u00edntegra da nota do Ibama:<\/p>\n<p style=\"text-align: justify;\">\nO Instituto Brasileiro do Meio Ambiente e dos Recursos Naturais Renov\u00e1veis (IBAMA) informa que a determina\u00e7\u00e3o para o retorno dos brigadistas que atuam no Centro Nacional de Preven\u00e7\u00e3o e Combate aos Inc\u00eandios Florestais (Prevfogo) acontece em virtude da exaust\u00e3o de recursos. Desde setembro, a autarquia passa por dificuldades quanto \u00e0 libera\u00e7\u00e3o financeira por parte da Secretaria do Tesouro Nacional.<\/p>\n<p style=\"text-align: justify;\">Fonte: RedeGN<\/p>\n<\/div>\n","protected":false},"excerpt":{"rendered":"<p>O Ibama determinou, em of\u00edcio, que as brigadas de inc\u00eandios florestais interrompam, a partir da meia meia-noite desta quinta (22), os trabalhos em todo o pa\u00eds. Em um segundo documento, desta quinta, o \u00f3rg\u00e3o fala em &#8220;indisponibilidade financeira&#8221; para fechar o m\u00eas de outubro. As informa\u00e7\u00f5es foram divulgadas inicialmente pelo jornal &#8220;O Estado de S\u00e3o [&hellip;]<\/p>\n","protected":false},"author":1,"featured_media":15432,"comment_status":"open","ping_status":"open","sticky":false,"template":"","format":"standard","meta":{"_uag_custom_page_level_css":"","_monsterinsights_skip_tracking":false,"_monsterinsights_sitenote_active":false,"_monsterinsights_sitenote_note":"","_monsterinsights_sitenote_category":0,"jetpack_post_was_ever_published":false,"_jetpack_newsletter_access":"","_jetpack_dont_email_post_to_subs":false,"_jetpack_newsletter_tier_id":0,"_jetpack_memberships_contains_paywalled_content":false,"_jetpack_memberships_contains_paid_content":false,"footnotes":"","jetpack_publicize_message":"","jetpack_publicize_feature_enabled":true,"jetpack_social_post_already_shared":true,"jetpack_social_options":{"image_generator_settings":{"template":"highway","default_image_id":0,"font":"","enabled":false},"version":2}},"categories":[200,197],"tags":[],"class_list":["post-15431","post","type-post","status-publish","format-standard","has-post-thumbnail","hentry","category-brasil","category-politica"],"jetpack_publicize_connections":[],"jetpack_featured_media_url":"https:\/\/blogopara.com.br\/wp-content\/uploads\/2020\/10\/IMAGEM_NOTICIA_5-1-1.jpg","uagb_featured_image_src":{"full":["https:\/\/blogopara.com.br\/wp-content\/uploads\/2020\/10\/IMAGEM_NOTICIA_5-1-1.jpg",400,294,false],"thumbnail":["https:\/\/blogopara.com.br\/wp-content\/uploads\/2020\/10\/IMAGEM_NOTICIA_5-1-1-150x150.jpg",150,150,true],"medium":["https:\/\/blogopara.com.br\/wp-content\/uploads\/2020\/10\/IMAGEM_NOTICIA_5-1-1-300x221.jpg",300,221,true],"medium_large":["https:\/\/blogopara.com.br\/wp-content\/uploads\/2020\/10\/IMAGEM_NOTICIA_5-1-1.jpg",400,294,false],"large":["https:\/\/blogopara.com.br\/wp-content\/uploads\/2020\/10\/IMAGEM_NOTICIA_5-1-1.jpg",400,294,false],"1536x1536":["https:\/\/blogopara.com.br\/wp-content\/uploads\/2020\/10\/IMAGEM_NOTICIA_5-1-1.jpg",400,294,false],"2048x2048":["https:\/\/blogopara.com.br\/wp-content\/uploads\/2020\/10\/IMAGEM_NOTICIA_5-1-1.jpg",400,294,false],"mantranews-slider-large":["https:\/\/blogopara.com.br\/wp-content\/uploads\/2020\/10\/IMAGEM_NOTICIA_5-1-1.jpg",400,294,false],"mantranews-featured-medium":["https:\/\/blogopara.com.br\/wp-content\/uploads\/2020\/10\/IMAGEM_NOTICIA_5-1-1.jpg",400,294,false],"mantranews-featured-long":["https:\/\/blogopara.com.br\/wp-content\/uploads\/2020\/10\/IMAGEM_NOTICIA_5-1-1-300x294.jpg",300,294,true],"mantranews-block-medium":["https:\/\/blogopara.com.br\/wp-content\/uploads\/2020\/10\/IMAGEM_NOTICIA_5-1-1-400x290.jpg",400,290,true],"mantranews-carousel-image":["https:\/\/blogopara.com.br\/wp-content\/uploads\/2020\/10\/IMAGEM_NOTICIA_5-1-1.jpg",400,294,false],"mantranews-block-thumb":["https:\/\/blogopara.com.br\/wp-content\/uploads\/2020\/10\/IMAGEM_NOTICIA_5-1-1-322x230.jpg",322,230,true],"mantranews-single-large":["https:\/\/blogopara.com.br\/wp-content\/uploads\/2020\/10\/IMAGEM_NOTICIA_5-1-1.jpg",400,294,false]},"uagb_author_info":{"display_name":"Reda\u00e7\u00e3o geral","author_link":"https:\/\/blogopara.com.br\/index.php\/author\/blogopara"},"uagb_comment_info":0,"uagb_excerpt":"O Ibama determinou, em of\u00edcio, que as brigadas de inc\u00eandios florestais interrompam, a partir da meia meia-noite desta quinta (22), os trabalhos em todo o pa\u00eds. Em um segundo documento, desta quinta, o \u00f3rg\u00e3o fala em &#8220;indisponibilidade financeira&#8221; para fechar o m\u00eas de outubro. As informa\u00e7\u00f5es foram divulgadas inicialmente pelo jornal &#8220;O Estado de S\u00e3o&hellip;","jetpack_sharing_enabled":true,"jetpack_likes_enabled":true,"_links":{"self":[{"href":"https:\/\/blogopara.com.br\/index.php\/wp-json\/wp\/v2\/posts\/15431","targetHints":{"allow":["GET"]}}],"collection":[{"href":"https:\/\/blogopara.com.br\/index.php\/wp-json\/wp\/v2\/posts"}],"about":[{"href":"https:\/\/blogopara.com.br\/index.php\/wp-json\/wp\/v2\/types\/post"}],"author":[{"embeddable":true,"href":"https:\/\/blogopara.com.br\/index.php\/wp-json\/wp\/v2\/users\/1"}],"replies":[{"embeddable":true,"href":"https:\/\/blogopara.com.br\/index.php\/wp-json\/wp\/v2\/comments?post=15431"}],"version-history":[{"count":1,"href":"https:\/\/blogopara.com.br\/index.php\/wp-json\/wp\/v2\/posts\/15431\/revisions"}],"predecessor-version":[{"id":15433,"href":"https:\/\/blogopara.com.br\/index.php\/wp-json\/wp\/v2\/posts\/15431\/revisions\/15433"}],"wp:featuredmedia":[{"embeddable":true,"href":"https:\/\/blogopara.com.br\/index.php\/wp-json\/wp\/v2\/media\/15432"}],"wp:attachment":[{"href":"https:\/\/blogopara.com.br\/index.php\/wp-json\/wp\/v2\/media?parent=15431"}],"wp:term":[{"taxonomy":"category","embeddable":true,"href":"https:\/\/blogopara.com.br\/index.php\/wp-json\/wp\/v2\/categories?post=15431"},{"taxonomy":"post_tag","embeddable":true,"href":"https:\/\/blogopara.com.br\/index.php\/wp-json\/wp\/v2\/tags?post=15431"}],"curies":[{"name":"wp","href":"https:\/\/api.w.org\/{rel}","templated":true}]}}