{"id":15560,"date":"2020-10-26T11:23:29","date_gmt":"2020-10-26T14:23:29","guid":{"rendered":"http:\/\/blogopara.com.br\/?p=15560"},"modified":"2020-10-26T11:23:35","modified_gmt":"2020-10-26T14:23:35","slug":"candidato-a-prefeitura-de-juazeiro-breno-rainan-psol-visita-feira-livre-do-alto-do-alencar","status":"publish","type":"post","link":"https:\/\/blogopara.com.br\/index.php\/2020\/10\/26\/candidato-a-prefeitura-de-juazeiro-breno-rainan-psol-visita-feira-livre-do-alto-do-alencar","title":{"rendered":"Candidato \u00e0 prefeitura de Juazeiro, Breno Rainan (PSOL) visita feira livre do Alto do Alencar"},"content":{"rendered":"<p dir=\"ltr\" style=\"text-align: justify;\">Breno Rainan e seu co-prefeito, Ant\u00f4nio Carlos, visitaram, neste \u00faltimo domingo (25), a feira livre do Alto do Alencar, onde Breno mora. O objetivo foi conversar com os feirantes para saber as maiores demandas e explicar o plano de governo do PSOL.<\/p>\n<p style=\"text-align: justify;\">&#8220;O contato olho no olho \u00e9 muito importante e \u00e9 a forma de governo que eu pretendo implantar, que \u00e9 o governo participativo. Tudo \u00e9 feito na base da conversa com a popula\u00e7\u00e3o, ent\u00e3o fazer esse tipo de visita j\u00e1 \u00e9 a aproxima\u00e7\u00e3o que eu almejo caso seja candidato&#8221;, conta Breno.<\/p>\n<p dir=\"ltr\" style=\"text-align: justify;\">Seu vice, Ant\u00f4nio Carlos, \u00e9 mototaxista e aproveitou a oportunidade para conversar com os que passavam pelo bairro.\u00a0Todas as medidas de seguran\u00e7a foram tomadas.<\/p>\n<p style=\"text-align: justify;\">Ascom Breno Rainan<\/p>\n","protected":false},"excerpt":{"rendered":"<p>Breno Rainan e seu co-prefeito, Ant\u00f4nio Carlos, visitaram, neste \u00faltimo domingo (25), a feira livre do Alto do Alencar, onde Breno mora. O objetivo foi conversar com os feirantes para saber as maiores demandas e explicar o plano de governo do PSOL. &#8220;O contato olho no olho \u00e9 muito importante e \u00e9 a forma de [&hellip;]<\/p>\n","protected":false},"author":1,"featured_media":15561,"comment_status":"open","ping_status":"open","sticky":false,"template":"","format":"standard","meta":{"_uag_custom_page_level_css":"","_monsterinsights_skip_tracking":false,"_monsterinsights_sitenote_active":false,"_monsterinsights_sitenote_note":"","_monsterinsights_sitenote_category":0,"jetpack_post_was_ever_published":false,"_jetpack_newsletter_access":"","_jetpack_dont_email_post_to_subs":false,"_jetpack_newsletter_tier_id":0,"_jetpack_memberships_contains_paywalled_content":false,"_jetpack_memberships_contains_paid_content":false,"footnotes":"","jetpack_publicize_message":"","jetpack_publicize_feature_enabled":true,"jetpack_social_post_already_shared":true,"jetpack_social_options":{"image_generator_settings":{"template":"highway","default_image_id":0,"font":"","enabled":false},"version":2}},"categories":[203,197],"tags":[],"class_list":["post-15560","post","type-post","status-publish","format-standard","has-post-thumbnail","hentry","category-juazeiro","category-politica"],"jetpack_publicize_connections":[],"jetpack_featured_media_url":"https:\/\/blogopara.com.br\/wp-content\/uploads\/2020\/10\/breno-e-antonio-feira.jpeg","uagb_featured_image_src":{"full":["https:\/\/blogopara.com.br\/wp-content\/uploads\/2020\/10\/breno-e-antonio-feira.jpeg",500,281,false],"thumbnail":["https:\/\/blogopara.com.br\/wp-content\/uploads\/2020\/10\/breno-e-antonio-feira-150x150.jpeg",150,150,true],"medium":["https:\/\/blogopara.com.br\/wp-content\/uploads\/2020\/10\/breno-e-antonio-feira-300x169.jpeg",300,169,true],"medium_large":["https:\/\/blogopara.com.br\/wp-content\/uploads\/2020\/10\/breno-e-antonio-feira.jpeg",500,281,false],"large":["https:\/\/blogopara.com.br\/wp-content\/uploads\/2020\/10\/breno-e-antonio-feira.jpeg",500,281,false],"1536x1536":["https:\/\/blogopara.com.br\/wp-content\/uploads\/2020\/10\/breno-e-antonio-feira.jpeg",500,281,false],"2048x2048":["https:\/\/blogopara.com.br\/wp-content\/uploads\/2020\/10\/breno-e-antonio-feira.jpeg",500,281,false],"mantranews-slider-large":["https:\/\/blogopara.com.br\/wp-content\/uploads\/2020\/10\/breno-e-antonio-feira.jpeg",500,281,false],"mantranews-featured-medium":["https:\/\/blogopara.com.br\/wp-content\/uploads\/2020\/10\/breno-e-antonio-feira-420x281.jpeg",420,281,true],"mantranews-featured-long":["https:\/\/blogopara.com.br\/wp-content\/uploads\/2020\/10\/breno-e-antonio-feira-300x281.jpeg",300,281,true],"mantranews-block-medium":["https:\/\/blogopara.com.br\/wp-content\/uploads\/2020\/10\/breno-e-antonio-feira-464x281.jpeg",464,281,true],"mantranews-carousel-image":["https:\/\/blogopara.com.br\/wp-content\/uploads\/2020\/10\/breno-e-antonio-feira.jpeg",500,281,false],"mantranews-block-thumb":["https:\/\/blogopara.com.br\/wp-content\/uploads\/2020\/10\/breno-e-antonio-feira-322x230.jpeg",322,230,true],"mantranews-single-large":["https:\/\/blogopara.com.br\/wp-content\/uploads\/2020\/10\/breno-e-antonio-feira.jpeg",500,281,false]},"uagb_author_info":{"display_name":"Reda\u00e7\u00e3o geral","author_link":"https:\/\/blogopara.com.br\/index.php\/author\/blogopara"},"uagb_comment_info":0,"uagb_excerpt":"Breno Rainan e seu co-prefeito, Ant\u00f4nio Carlos, visitaram, neste \u00faltimo domingo (25), a feira livre do Alto do Alencar, onde Breno mora. O objetivo foi conversar com os feirantes para saber as maiores demandas e explicar o plano de governo do PSOL. &#8220;O contato olho no olho \u00e9 muito importante e \u00e9 a forma de&hellip;","jetpack_sharing_enabled":true,"jetpack_likes_enabled":true,"_links":{"self":[{"href":"https:\/\/blogopara.com.br\/index.php\/wp-json\/wp\/v2\/posts\/15560","targetHints":{"allow":["GET"]}}],"collection":[{"href":"https:\/\/blogopara.com.br\/index.php\/wp-json\/wp\/v2\/posts"}],"about":[{"href":"https:\/\/blogopara.com.br\/index.php\/wp-json\/wp\/v2\/types\/post"}],"author":[{"embeddable":true,"href":"https:\/\/blogopara.com.br\/index.php\/wp-json\/wp\/v2\/users\/1"}],"replies":[{"embeddable":true,"href":"https:\/\/blogopara.com.br\/index.php\/wp-json\/wp\/v2\/comments?post=15560"}],"version-history":[{"count":1,"href":"https:\/\/blogopara.com.br\/index.php\/wp-json\/wp\/v2\/posts\/15560\/revisions"}],"predecessor-version":[{"id":15562,"href":"https:\/\/blogopara.com.br\/index.php\/wp-json\/wp\/v2\/posts\/15560\/revisions\/15562"}],"wp:featuredmedia":[{"embeddable":true,"href":"https:\/\/blogopara.com.br\/index.php\/wp-json\/wp\/v2\/media\/15561"}],"wp:attachment":[{"href":"https:\/\/blogopara.com.br\/index.php\/wp-json\/wp\/v2\/media?parent=15560"}],"wp:term":[{"taxonomy":"category","embeddable":true,"href":"https:\/\/blogopara.com.br\/index.php\/wp-json\/wp\/v2\/categories?post=15560"},{"taxonomy":"post_tag","embeddable":true,"href":"https:\/\/blogopara.com.br\/index.php\/wp-json\/wp\/v2\/tags?post=15560"}],"curies":[{"name":"wp","href":"https:\/\/api.w.org\/{rel}","templated":true}]}}