{"id":15566,"date":"2020-10-27T08:26:39","date_gmt":"2020-10-27T11:26:39","guid":{"rendered":"http:\/\/blogopara.com.br\/?p=15566"},"modified":"2020-10-26T13:06:01","modified_gmt":"2020-10-26T16:06:01","slug":"comunicador-waltermario-pimentel-pede-intervencao-no-hospital-regional-de-juazeiro","status":"publish","type":"post","link":"https:\/\/blogopara.com.br\/index.php\/2020\/10\/27\/comunicador-waltermario-pimentel-pede-intervencao-no-hospital-regional-de-juazeiro","title":{"rendered":"Comunicador Walterm\u00e1rio Pimentel pede interven\u00e7\u00e3o no Hospital Regional de Juazeiro"},"content":{"rendered":"<p style=\"text-align: justify;\">O comunicador e candidato a vereador de Juazeiro, Walterm\u00e1rio Pimentel (PRTB) fez\u00a0graves acusa\u00e7\u00f5es sobre as condi\u00e7\u00f5es de higiene e abandono nas instala\u00e7\u00f5es do Hospital Regional de Juazeiro. \u201cTodos sabem que a atual administra\u00e7\u00e3o \u00e9 craque em deixar os funcion\u00e1rios com sal\u00e1rios atrasados e sem condi\u00e7\u00f5es dignas de trabalho. Agora \u00e9 inadmiss\u00edvel a unidade m\u00e9dica continuar no descaso e abandono a exemplo arm\u00e1rios enferrujados, camas quebradas, colch\u00f5es arrebentados, cadeiras com o forro rasgado e quebradas, sujeira espalhada pelo ch\u00e3o, baratas circulando pelas enfermarias e corredores. A situa\u00e7\u00e3o \u00e9 grave, e a \u00fanica sa\u00edda \u00e9 uma interven\u00e7\u00e3o\u00a0 por parte da pr\u00f3pria justi\u00e7a porque porque outros \u00f3rg\u00e3o fiscalizadores tem conhecimento sobre a situa\u00e7\u00e3o e n\u00e3o toma qualquer tipo de provid\u00eancias\u201d, lamentou.<\/p>\n<p style=\"text-align: justify;\">\u201c\u00c9 bom lembrar que um determinado deputado \u2013 que fez elogios no dia da inaugura\u00e7\u00e3o do Hospital com a presen\u00e7a do ex-governador Jaques Wagner -, que afirmou em querer ficar doente para ser internado, quando pegou h\u00e1 poucos dias covid-19 correu para um hospital particular de Petrolina. Quer dizer, nem ele mesmo confia mais no hospital que tanto elogiou\u201d, concluiu.<\/p>\n<p style=\"text-align: justify;\"><img decoding=\"async\" src=\"http:\/\/acaopopular.net\/jornal\/wp-content\/uploads\/2020\/10\/hospital-regional-descaso4-281x500.jpg\" \/><img decoding=\"async\" src=\"http:\/\/acaopopular.net\/jornal\/wp-content\/uploads\/2020\/10\/hospital-regional-descaso3-281x500.jpg\" \/><\/p>\n<p>Fonte: JAP<\/p>\n","protected":false},"excerpt":{"rendered":"<p>O comunicador e candidato a vereador de Juazeiro, Walterm\u00e1rio Pimentel (PRTB) fez\u00a0graves acusa\u00e7\u00f5es sobre as condi\u00e7\u00f5es de higiene e abandono nas instala\u00e7\u00f5es do Hospital Regional de Juazeiro. \u201cTodos sabem que a atual administra\u00e7\u00e3o \u00e9 craque em deixar os funcion\u00e1rios com sal\u00e1rios atrasados e sem condi\u00e7\u00f5es dignas de trabalho. Agora \u00e9 inadmiss\u00edvel a unidade m\u00e9dica continuar [&hellip;]<\/p>\n","protected":false},"author":1,"featured_media":15567,"comment_status":"open","ping_status":"open","sticky":false,"template":"","format":"standard","meta":{"_uag_custom_page_level_css":"","_monsterinsights_skip_tracking":false,"_monsterinsights_sitenote_active":false,"_monsterinsights_sitenote_note":"","_monsterinsights_sitenote_category":0,"jetpack_post_was_ever_published":false,"_jetpack_newsletter_access":"","_jetpack_dont_email_post_to_subs":false,"_jetpack_newsletter_tier_id":0,"_jetpack_memberships_contains_paywalled_content":false,"_jetpack_memberships_contains_paid_content":false,"footnotes":"","jetpack_publicize_message":"","jetpack_publicize_feature_enabled":true,"jetpack_social_post_already_shared":true,"jetpack_social_options":{"image_generator_settings":{"template":"highway","default_image_id":0,"font":"","enabled":false},"version":2}},"categories":[203,197,205],"tags":[],"class_list":["post-15566","post","type-post","status-publish","format-standard","has-post-thumbnail","hentry","category-juazeiro","category-politica","category-saude"],"jetpack_publicize_connections":[],"jetpack_featured_media_url":"https:\/\/blogopara.com.br\/wp-content\/uploads\/2020\/10\/waltermario-na-radio-602x500-1.jpg","uagb_featured_image_src":{"full":["https:\/\/blogopara.com.br\/wp-content\/uploads\/2020\/10\/waltermario-na-radio-602x500-1.jpg",500,415,false],"thumbnail":["https:\/\/blogopara.com.br\/wp-content\/uploads\/2020\/10\/waltermario-na-radio-602x500-1-150x150.jpg",150,150,true],"medium":["https:\/\/blogopara.com.br\/wp-content\/uploads\/2020\/10\/waltermario-na-radio-602x500-1-300x249.jpg",300,249,true],"medium_large":["https:\/\/blogopara.com.br\/wp-content\/uploads\/2020\/10\/waltermario-na-radio-602x500-1.jpg",500,415,false],"large":["https:\/\/blogopara.com.br\/wp-content\/uploads\/2020\/10\/waltermario-na-radio-602x500-1.jpg",500,415,false],"1536x1536":["https:\/\/blogopara.com.br\/wp-content\/uploads\/2020\/10\/waltermario-na-radio-602x500-1.jpg",500,415,false],"2048x2048":["https:\/\/blogopara.com.br\/wp-content\/uploads\/2020\/10\/waltermario-na-radio-602x500-1.jpg",500,415,false],"mantranews-slider-large":["https:\/\/blogopara.com.br\/wp-content\/uploads\/2020\/10\/waltermario-na-radio-602x500-1.jpg",500,415,false],"mantranews-featured-medium":["https:\/\/blogopara.com.br\/wp-content\/uploads\/2020\/10\/waltermario-na-radio-602x500-1-420x307.jpg",420,307,true],"mantranews-featured-long":["https:\/\/blogopara.com.br\/wp-content\/uploads\/2020\/10\/waltermario-na-radio-602x500-1-300x415.jpg",300,415,true],"mantranews-block-medium":["https:\/\/blogopara.com.br\/wp-content\/uploads\/2020\/10\/waltermario-na-radio-602x500-1-464x290.jpg",464,290,true],"mantranews-carousel-image":["https:\/\/blogopara.com.br\/wp-content\/uploads\/2020\/10\/waltermario-na-radio-602x500-1.jpg",500,415,false],"mantranews-block-thumb":["https:\/\/blogopara.com.br\/wp-content\/uploads\/2020\/10\/waltermario-na-radio-602x500-1-322x230.jpg",322,230,true],"mantranews-single-large":["https:\/\/blogopara.com.br\/wp-content\/uploads\/2020\/10\/waltermario-na-radio-602x500-1.jpg",500,415,false]},"uagb_author_info":{"display_name":"Reda\u00e7\u00e3o geral","author_link":"https:\/\/blogopara.com.br\/index.php\/author\/blogopara"},"uagb_comment_info":0,"uagb_excerpt":"O comunicador e candidato a vereador de Juazeiro, Walterm\u00e1rio Pimentel (PRTB) fez\u00a0graves acusa\u00e7\u00f5es sobre as condi\u00e7\u00f5es de higiene e abandono nas instala\u00e7\u00f5es do Hospital Regional de Juazeiro. \u201cTodos sabem que a atual administra\u00e7\u00e3o \u00e9 craque em deixar os funcion\u00e1rios com sal\u00e1rios atrasados e sem condi\u00e7\u00f5es dignas de trabalho. Agora \u00e9 inadmiss\u00edvel a unidade m\u00e9dica continuar&hellip;","jetpack_sharing_enabled":true,"jetpack_likes_enabled":true,"_links":{"self":[{"href":"https:\/\/blogopara.com.br\/index.php\/wp-json\/wp\/v2\/posts\/15566","targetHints":{"allow":["GET"]}}],"collection":[{"href":"https:\/\/blogopara.com.br\/index.php\/wp-json\/wp\/v2\/posts"}],"about":[{"href":"https:\/\/blogopara.com.br\/index.php\/wp-json\/wp\/v2\/types\/post"}],"author":[{"embeddable":true,"href":"https:\/\/blogopara.com.br\/index.php\/wp-json\/wp\/v2\/users\/1"}],"replies":[{"embeddable":true,"href":"https:\/\/blogopara.com.br\/index.php\/wp-json\/wp\/v2\/comments?post=15566"}],"version-history":[{"count":1,"href":"https:\/\/blogopara.com.br\/index.php\/wp-json\/wp\/v2\/posts\/15566\/revisions"}],"predecessor-version":[{"id":15568,"href":"https:\/\/blogopara.com.br\/index.php\/wp-json\/wp\/v2\/posts\/15566\/revisions\/15568"}],"wp:featuredmedia":[{"embeddable":true,"href":"https:\/\/blogopara.com.br\/index.php\/wp-json\/wp\/v2\/media\/15567"}],"wp:attachment":[{"href":"https:\/\/blogopara.com.br\/index.php\/wp-json\/wp\/v2\/media?parent=15566"}],"wp:term":[{"taxonomy":"category","embeddable":true,"href":"https:\/\/blogopara.com.br\/index.php\/wp-json\/wp\/v2\/categories?post=15566"},{"taxonomy":"post_tag","embeddable":true,"href":"https:\/\/blogopara.com.br\/index.php\/wp-json\/wp\/v2\/tags?post=15566"}],"curies":[{"name":"wp","href":"https:\/\/api.w.org\/{rel}","templated":true}]}}