{"id":15601,"date":"2020-10-29T08:32:11","date_gmt":"2020-10-29T11:32:11","guid":{"rendered":"http:\/\/blogopara.com.br\/?p=15601"},"modified":"2020-10-29T10:28:35","modified_gmt":"2020-10-29T13:28:35","slug":"juazeiro-condenado-e-inelegivel-isaac-carvalho-nao-aparece-na-campanha-de-paulo-bomfim","status":"publish","type":"post","link":"https:\/\/blogopara.com.br\/index.php\/2020\/10\/29\/juazeiro-condenado-e-inelegivel-isaac-carvalho-nao-aparece-na-campanha-de-paulo-bomfim","title":{"rendered":"Juazeiro: Condenado e ineleg\u00edvel, Isaac Carvalho n\u00e3o aparece na campanha de Paulo Bomfim"},"content":{"rendered":"<p style=\"text-align: justify;\">Segundo o portal Metro1 numa publica\u00e7\u00e3o de 2018, ex-prefeito de Juazeiro, foi condenado pelo Tribunal de Justi\u00e7a da Bahia (TJ-BA) por desviar R$ 111,9 milh\u00f5es da Lei Or\u00e7ament\u00e1ria da cidade, em 2009.<\/p>\n<p style=\"text-align: justify;\">Na mesma mat\u00e9ria consta que ele \u00e9 ficha-suja, e tentava em todas as instancias reverter as decis\u00f5es. Ao longo de 2010, o gestor remanejou ilegalmente recursos or\u00e7ament\u00e1rios, mediante emiss\u00e3o de decretos de abertura il\u00edcita de cr\u00e9ditos adicionais suplementares, cujo montante chega a aproximadamente R$ 112 milh\u00f5es.<\/p>\n<p style=\"text-align: justify;\">Durante a campanha de 2016, o ex-prefeito participou ativamente da campanha que elegeu Paulo Bomfim, mas agora em 2020 ele n\u00e3o tem aparecido no guia eleitoral, n\u00e3o tem colado a sua imagem a de Paulo Bomfim, e raramente tem aparecido nas carreatas e atos p\u00fablicos. Por que ser\u00e1?<\/p>\n<p style=\"text-align: justify;\">Por que o prefeito que sempre fez quest\u00e3o de agradecer publicamente a Isaac Carvalho, chegando a dizer &#8220;devo tudo ao meu vaqueiro&#8221;, resolveu escond\u00ea-lo da campanha desse ano? Ingratid\u00e3o? Vergonha? O povo de Juazeiro quer saber.<\/p>\n<p>Confira as mat\u00e9rias do Metro1:<\/p>\n<p>https:\/\/www.metro1.com.br\/noticias\/politica\/62527,condenado-pelo-tj-ba-e-inelegivel-isaac-carvalho-quer-mudar-entendimento-da-justica<\/p>\n<p>https:\/\/www.metro1.com.br\/noticias\/politica\/63143,decisao-que-tornou-isaac-carvalho-elegivel-pode-abrir-porteira-para-fichas-sujas<\/p>\n<p>https:\/\/www.metro1.com.br\/noticias\/politica\/62527,condenado-pelo-tj-ba-e-inelegivel-isaac-carvalho-quer-mudar-entendimento-da-justica<\/p>\n","protected":false},"excerpt":{"rendered":"<p>Segundo o portal Metro1 numa publica\u00e7\u00e3o de 2018, ex-prefeito de Juazeiro, foi condenado pelo Tribunal de Justi\u00e7a da Bahia (TJ-BA) por desviar R$ 111,9 milh\u00f5es da Lei Or\u00e7ament\u00e1ria da cidade, em 2009. Na mesma mat\u00e9ria consta que ele \u00e9 ficha-suja, e tentava em todas as instancias reverter as decis\u00f5es. Ao longo de 2010, o gestor [&hellip;]<\/p>\n","protected":false},"author":1,"featured_media":15604,"comment_status":"open","ping_status":"open","sticky":false,"template":"","format":"standard","meta":{"_uag_custom_page_level_css":"","_monsterinsights_skip_tracking":false,"_monsterinsights_sitenote_active":false,"_monsterinsights_sitenote_note":"","_monsterinsights_sitenote_category":0,"jetpack_post_was_ever_published":false,"_jetpack_newsletter_access":"","_jetpack_dont_email_post_to_subs":false,"_jetpack_newsletter_tier_id":0,"_jetpack_memberships_contains_paywalled_content":false,"_jetpack_memberships_contains_paid_content":false,"footnotes":"","jetpack_publicize_message":"","jetpack_publicize_feature_enabled":true,"jetpack_social_post_already_shared":true,"jetpack_social_options":{"image_generator_settings":{"template":"highway","default_image_id":0,"font":"","enabled":false},"version":2}},"categories":[203,197],"tags":[],"class_list":["post-15601","post","type-post","status-publish","format-standard","has-post-thumbnail","hentry","category-juazeiro","category-politica"],"jetpack_publicize_connections":[],"jetpack_featured_media_url":"https:\/\/blogopara.com.br\/wp-content\/uploads\/2020\/10\/ISAAC-E-BOMFIM.jpg","uagb_featured_image_src":{"full":["https:\/\/blogopara.com.br\/wp-content\/uploads\/2020\/10\/ISAAC-E-BOMFIM.jpg",500,333,false],"thumbnail":["https:\/\/blogopara.com.br\/wp-content\/uploads\/2020\/10\/ISAAC-E-BOMFIM-150x150.jpg",150,150,true],"medium":["https:\/\/blogopara.com.br\/wp-content\/uploads\/2020\/10\/ISAAC-E-BOMFIM-300x200.jpg",300,200,true],"medium_large":["https:\/\/blogopara.com.br\/wp-content\/uploads\/2020\/10\/ISAAC-E-BOMFIM.jpg",500,333,false],"large":["https:\/\/blogopara.com.br\/wp-content\/uploads\/2020\/10\/ISAAC-E-BOMFIM.jpg",500,333,false],"1536x1536":["https:\/\/blogopara.com.br\/wp-content\/uploads\/2020\/10\/ISAAC-E-BOMFIM.jpg",500,333,false],"2048x2048":["https:\/\/blogopara.com.br\/wp-content\/uploads\/2020\/10\/ISAAC-E-BOMFIM.jpg",500,333,false],"mantranews-slider-large":["https:\/\/blogopara.com.br\/wp-content\/uploads\/2020\/10\/ISAAC-E-BOMFIM.jpg",500,333,false],"mantranews-featured-medium":["https:\/\/blogopara.com.br\/wp-content\/uploads\/2020\/10\/ISAAC-E-BOMFIM-420x307.jpg",420,307,true],"mantranews-featured-long":["https:\/\/blogopara.com.br\/wp-content\/uploads\/2020\/10\/ISAAC-E-BOMFIM-300x333.jpg",300,333,true],"mantranews-block-medium":["https:\/\/blogopara.com.br\/wp-content\/uploads\/2020\/10\/ISAAC-E-BOMFIM-464x290.jpg",464,290,true],"mantranews-carousel-image":["https:\/\/blogopara.com.br\/wp-content\/uploads\/2020\/10\/ISAAC-E-BOMFIM.jpg",500,333,false],"mantranews-block-thumb":["https:\/\/blogopara.com.br\/wp-content\/uploads\/2020\/10\/ISAAC-E-BOMFIM-322x230.jpg",322,230,true],"mantranews-single-large":["https:\/\/blogopara.com.br\/wp-content\/uploads\/2020\/10\/ISAAC-E-BOMFIM.jpg",500,333,false]},"uagb_author_info":{"display_name":"Reda\u00e7\u00e3o geral","author_link":"https:\/\/blogopara.com.br\/index.php\/author\/blogopara"},"uagb_comment_info":4,"uagb_excerpt":"Segundo o portal Metro1 numa publica\u00e7\u00e3o de 2018, ex-prefeito de Juazeiro, foi condenado pelo Tribunal de Justi\u00e7a da Bahia (TJ-BA) por desviar R$ 111,9 milh\u00f5es da Lei Or\u00e7ament\u00e1ria da cidade, em 2009. Na mesma mat\u00e9ria consta que ele \u00e9 ficha-suja, e tentava em todas as instancias reverter as decis\u00f5es. Ao longo de 2010, o gestor&hellip;","jetpack_sharing_enabled":true,"jetpack_likes_enabled":true,"_links":{"self":[{"href":"https:\/\/blogopara.com.br\/index.php\/wp-json\/wp\/v2\/posts\/15601","targetHints":{"allow":["GET"]}}],"collection":[{"href":"https:\/\/blogopara.com.br\/index.php\/wp-json\/wp\/v2\/posts"}],"about":[{"href":"https:\/\/blogopara.com.br\/index.php\/wp-json\/wp\/v2\/types\/post"}],"author":[{"embeddable":true,"href":"https:\/\/blogopara.com.br\/index.php\/wp-json\/wp\/v2\/users\/1"}],"replies":[{"embeddable":true,"href":"https:\/\/blogopara.com.br\/index.php\/wp-json\/wp\/v2\/comments?post=15601"}],"version-history":[{"count":5,"href":"https:\/\/blogopara.com.br\/index.php\/wp-json\/wp\/v2\/posts\/15601\/revisions"}],"predecessor-version":[{"id":15685,"href":"https:\/\/blogopara.com.br\/index.php\/wp-json\/wp\/v2\/posts\/15601\/revisions\/15685"}],"wp:featuredmedia":[{"embeddable":true,"href":"https:\/\/blogopara.com.br\/index.php\/wp-json\/wp\/v2\/media\/15604"}],"wp:attachment":[{"href":"https:\/\/blogopara.com.br\/index.php\/wp-json\/wp\/v2\/media?parent=15601"}],"wp:term":[{"taxonomy":"category","embeddable":true,"href":"https:\/\/blogopara.com.br\/index.php\/wp-json\/wp\/v2\/categories?post=15601"},{"taxonomy":"post_tag","embeddable":true,"href":"https:\/\/blogopara.com.br\/index.php\/wp-json\/wp\/v2\/tags?post=15601"}],"curies":[{"name":"wp","href":"https:\/\/api.w.org\/{rel}","templated":true}]}}