{"id":15608,"date":"2020-10-28T07:49:21","date_gmt":"2020-10-28T10:49:21","guid":{"rendered":"http:\/\/blogopara.com.br\/?p=15608"},"modified":"2020-10-27T10:53:52","modified_gmt":"2020-10-27T13:53:52","slug":"mulheres-e-indigenas-serao-maioria-no-senado-da-bolivia","status":"publish","type":"post","link":"https:\/\/blogopara.com.br\/index.php\/2020\/10\/28\/mulheres-e-indigenas-serao-maioria-no-senado-da-bolivia","title":{"rendered":"Mulheres e ind\u00edgenas ser\u00e3o maioria no Senado da Bol\u00edvia"},"content":{"rendered":"<p style=\"text-align: justify;\">A elei\u00e7\u00e3o na Bol\u00edvia, no dia 18 de outubro, n\u00e3o marcou apenas o retorno ao poder do projeto progressista do MAS (Movimento Ao Socialismo), com a vit\u00f3ria de Luis Arce, como tamb\u00e9m trouxe uma grande novidade nos resultados legislativos. Isso porque o novo Senado do pa\u00eds ser\u00e1 composto por uma maioria de mulheres, pela primeira vez na hist\u00f3ria.<\/p>\n<p style=\"text-align: justify;\">A partir do dia 8 de novembro, elas ocupar\u00e3o 20 das 36 cadeiras da c\u00e2mara alta da Bol\u00edvia. Ser\u00e1 a primeira vez na hist\u00f3ria do pa\u00eds em que elas ser\u00e3o a maioria nessa inst\u00e2ncia.<\/p>\n<p style=\"text-align: justify;\">Antes que algu\u00e9m pense em atribuir essa maior representatividade a uma hipot\u00e9tica mudan\u00e7a no pa\u00eds provocada pelo governo tamp\u00e3o da ditadora Jeanine \u00c1\u00f1ez \u2013 imposta no poder pelas For\u00e7as Armadas ap\u00f3s o golpe de Estado de novembro de 2019 \u2013, vale ressaltar que 10 dessas 20 mulheres foram eleitas pelo MAS.<\/p>\n<p style=\"text-align: justify;\">Outro dado importante \u00e9 que os ind\u00edgenas ser\u00e3o metade dos representantes: 18 cadeiras ser\u00e3o ocupadas por representantes de povos origin\u00e1rios bolivianos. Por\u00e9m, vale ressaltar que nesse grupo h\u00e1 10 mulheres ind\u00edgenas eleitas e 8 homens. Portanto, as mulheres lideraram esse aumento da participa\u00e7\u00e3o ind\u00edgena.<\/p>\n<p>Fonte: Revista F\u00f3rum<\/p>\n","protected":false},"excerpt":{"rendered":"<p>Al\u00e9m da volta da esquerda ao poder, pa\u00eds andino ter\u00e1 um novo parlamento com mais representa\u00e7\u00e3o feminina e de povos origin\u00e1rios. Mulheres tamb\u00e9m s\u00e3o maioria entre ind\u00edgenas eleitos<\/p>\n","protected":false},"author":1,"featured_media":15609,"comment_status":"open","ping_status":"open","sticky":false,"template":"","format":"standard","meta":{"_uag_custom_page_level_css":"","_monsterinsights_skip_tracking":false,"_monsterinsights_sitenote_active":false,"_monsterinsights_sitenote_note":"","_monsterinsights_sitenote_category":0,"jetpack_post_was_ever_published":false,"_jetpack_newsletter_access":"","_jetpack_dont_email_post_to_subs":false,"_jetpack_newsletter_tier_id":0,"_jetpack_memberships_contains_paywalled_content":false,"_jetpack_memberships_contains_paid_content":false,"footnotes":"","jetpack_publicize_message":"","jetpack_publicize_feature_enabled":true,"jetpack_social_post_already_shared":true,"jetpack_social_options":{"image_generator_settings":{"template":"highway","default_image_id":0,"font":"","enabled":false},"version":2}},"categories":[273,197],"tags":[],"class_list":["post-15608","post","type-post","status-publish","format-standard","has-post-thumbnail","hentry","category-mundo","category-politica"],"jetpack_publicize_connections":[],"jetpack_featured_media_url":"https:\/\/blogopara.com.br\/wp-content\/uploads\/2020\/10\/senadoras-eleitas-na-bolivia.jpg.750x0_q95_crop.jpg","uagb_featured_image_src":{"full":["https:\/\/blogopara.com.br\/wp-content\/uploads\/2020\/10\/senadoras-eleitas-na-bolivia.jpg.750x0_q95_crop.jpg",500,500,false],"thumbnail":["https:\/\/blogopara.com.br\/wp-content\/uploads\/2020\/10\/senadoras-eleitas-na-bolivia.jpg.750x0_q95_crop-150x150.jpg",150,150,true],"medium":["https:\/\/blogopara.com.br\/wp-content\/uploads\/2020\/10\/senadoras-eleitas-na-bolivia.jpg.750x0_q95_crop-300x300.jpg",300,300,true],"medium_large":["https:\/\/blogopara.com.br\/wp-content\/uploads\/2020\/10\/senadoras-eleitas-na-bolivia.jpg.750x0_q95_crop.jpg",500,500,false],"large":["https:\/\/blogopara.com.br\/wp-content\/uploads\/2020\/10\/senadoras-eleitas-na-bolivia.jpg.750x0_q95_crop.jpg",500,500,false],"1536x1536":["https:\/\/blogopara.com.br\/wp-content\/uploads\/2020\/10\/senadoras-eleitas-na-bolivia.jpg.750x0_q95_crop.jpg",500,500,false],"2048x2048":["https:\/\/blogopara.com.br\/wp-content\/uploads\/2020\/10\/senadoras-eleitas-na-bolivia.jpg.750x0_q95_crop.jpg",500,500,false],"mantranews-slider-large":["https:\/\/blogopara.com.br\/wp-content\/uploads\/2020\/10\/senadoras-eleitas-na-bolivia.jpg.750x0_q95_crop.jpg",500,500,false],"mantranews-featured-medium":["https:\/\/blogopara.com.br\/wp-content\/uploads\/2020\/10\/senadoras-eleitas-na-bolivia.jpg.750x0_q95_crop-420x307.jpg",420,307,true],"mantranews-featured-long":["https:\/\/blogopara.com.br\/wp-content\/uploads\/2020\/10\/senadoras-eleitas-na-bolivia.jpg.750x0_q95_crop-300x443.jpg",300,443,true],"mantranews-block-medium":["https:\/\/blogopara.com.br\/wp-content\/uploads\/2020\/10\/senadoras-eleitas-na-bolivia.jpg.750x0_q95_crop-464x290.jpg",464,290,true],"mantranews-carousel-image":["https:\/\/blogopara.com.br\/wp-content\/uploads\/2020\/10\/senadoras-eleitas-na-bolivia.jpg.750x0_q95_crop.jpg",500,500,false],"mantranews-block-thumb":["https:\/\/blogopara.com.br\/wp-content\/uploads\/2020\/10\/senadoras-eleitas-na-bolivia.jpg.750x0_q95_crop-322x230.jpg",322,230,true],"mantranews-single-large":["https:\/\/blogopara.com.br\/wp-content\/uploads\/2020\/10\/senadoras-eleitas-na-bolivia.jpg.750x0_q95_crop.jpg",500,500,false]},"uagb_author_info":{"display_name":"Reda\u00e7\u00e3o geral","author_link":"https:\/\/blogopara.com.br\/index.php\/author\/blogopara"},"uagb_comment_info":0,"uagb_excerpt":"Al\u00e9m da volta da esquerda ao poder, pa\u00eds andino ter\u00e1 um novo parlamento com mais representa\u00e7\u00e3o feminina e de povos origin\u00e1rios. Mulheres tamb\u00e9m s\u00e3o maioria entre ind\u00edgenas eleitos","jetpack_sharing_enabled":true,"jetpack_likes_enabled":true,"_links":{"self":[{"href":"https:\/\/blogopara.com.br\/index.php\/wp-json\/wp\/v2\/posts\/15608","targetHints":{"allow":["GET"]}}],"collection":[{"href":"https:\/\/blogopara.com.br\/index.php\/wp-json\/wp\/v2\/posts"}],"about":[{"href":"https:\/\/blogopara.com.br\/index.php\/wp-json\/wp\/v2\/types\/post"}],"author":[{"embeddable":true,"href":"https:\/\/blogopara.com.br\/index.php\/wp-json\/wp\/v2\/users\/1"}],"replies":[{"embeddable":true,"href":"https:\/\/blogopara.com.br\/index.php\/wp-json\/wp\/v2\/comments?post=15608"}],"version-history":[{"count":1,"href":"https:\/\/blogopara.com.br\/index.php\/wp-json\/wp\/v2\/posts\/15608\/revisions"}],"predecessor-version":[{"id":15610,"href":"https:\/\/blogopara.com.br\/index.php\/wp-json\/wp\/v2\/posts\/15608\/revisions\/15610"}],"wp:featuredmedia":[{"embeddable":true,"href":"https:\/\/blogopara.com.br\/index.php\/wp-json\/wp\/v2\/media\/15609"}],"wp:attachment":[{"href":"https:\/\/blogopara.com.br\/index.php\/wp-json\/wp\/v2\/media?parent=15608"}],"wp:term":[{"taxonomy":"category","embeddable":true,"href":"https:\/\/blogopara.com.br\/index.php\/wp-json\/wp\/v2\/categories?post=15608"},{"taxonomy":"post_tag","embeddable":true,"href":"https:\/\/blogopara.com.br\/index.php\/wp-json\/wp\/v2\/tags?post=15608"}],"curies":[{"name":"wp","href":"https:\/\/api.w.org\/{rel}","templated":true}]}}