{"id":15617,"date":"2020-10-27T16:25:17","date_gmt":"2020-10-27T19:25:17","guid":{"rendered":"http:\/\/blogopara.com.br\/?p=15617"},"modified":"2020-10-27T16:25:23","modified_gmt":"2020-10-27T19:25:23","slug":"coronel-anselmo-cresce-na-zona-rural-diz-assessoria","status":"publish","type":"post","link":"https:\/\/blogopara.com.br\/index.php\/2020\/10\/27\/coronel-anselmo-cresce-na-zona-rural-diz-assessoria","title":{"rendered":"Coronel Anselmo cresce na zona rural, diz assessoria"},"content":{"rendered":"<p style=\"text-align: justify;\">Na correria de campanha \u00e9 natural que se dividam tarefas dentro do grupo e, \u00e0s vezes, \u00e9 uma oportunidade de se medir a temperatura das ruas.<\/p>\n<p style=\"text-align: justify;\">Ontem (26), o Coronel Anselmo e Targino Gondim puderam medir e sentir a aceita\u00e7\u00e3o da chapa \u00a0no Projeto Mandacaru. O candidato a vice chegou primeiro e come\u00e7ou uma visita de porta em porta enquanto o Coronel finalizava as grava\u00e7\u00f5es para o guia eleitoral.<\/p>\n<p style=\"text-align: justify;\">O que se viu, al\u00e9m do carinho dos moradores com Targino, foi uma cobran\u00e7a geral pela presen\u00e7a do Coronel Anselmo, porque os moradores queriam v\u00ea-lo, conhec\u00ea-lo, conversar com ele. \u201cTive que pedir para o Coronel se apressar porque n\u00e3o se pode desconsiderar um carinho desse. \u00c9 muito bom ver que a onda azul est\u00e1 crescendo, tomando conta da cidade e do interior\u201d, disse Targino.<\/p>\n<p style=\"text-align: justify;\">O Coronel se juntou ao grupo logo depois e pode comprovar o que havia ouvido por telefone: os moradores do Mandacaru receptivos e carinhosos. \u201cA melhor pesquisa \u00e9 a das ruas, onde a gente pode testar e perceber tanto a insatisfa\u00e7\u00e3o popular com o governo atual, como notar claramente o crescimento da esperan\u00e7a com a nossa chapa. A pesquisa definitiva ser\u00e1 a do dia 15, quando com certeza o 25 estar\u00e1 em primeiro lugar\u201d, comentou o candidato.<\/p>\n<p style=\"text-align: justify;\">Fonte: RedeGN<\/p>\n","protected":false},"excerpt":{"rendered":"<p>Na correria de campanha \u00e9 natural que se dividam tarefas dentro do grupo e, \u00e0s vezes, \u00e9 uma oportunidade de se medir a temperatura das ruas. Ontem (26), o Coronel Anselmo e Targino Gondim puderam medir e sentir a aceita\u00e7\u00e3o da chapa \u00a0no Projeto Mandacaru. O candidato a vice chegou primeiro e come\u00e7ou uma visita [&hellip;]<\/p>\n","protected":false},"author":1,"featured_media":15618,"comment_status":"open","ping_status":"open","sticky":false,"template":"","format":"standard","meta":{"_uag_custom_page_level_css":"","_monsterinsights_skip_tracking":false,"_monsterinsights_sitenote_active":false,"_monsterinsights_sitenote_note":"","_monsterinsights_sitenote_category":0,"jetpack_post_was_ever_published":false,"_jetpack_newsletter_access":"","_jetpack_dont_email_post_to_subs":false,"_jetpack_newsletter_tier_id":0,"_jetpack_memberships_contains_paywalled_content":false,"_jetpack_memberships_contains_paid_content":false,"footnotes":"","jetpack_publicize_message":"","jetpack_publicize_feature_enabled":true,"jetpack_social_post_already_shared":true,"jetpack_social_options":{"image_generator_settings":{"template":"highway","default_image_id":0,"font":"","enabled":false},"version":2}},"categories":[203,197],"tags":[],"class_list":["post-15617","post","type-post","status-publish","format-standard","has-post-thumbnail","hentry","category-juazeiro","category-politica"],"jetpack_publicize_connections":[],"jetpack_featured_media_url":"https:\/\/blogopara.com.br\/wp-content\/uploads\/2020\/10\/Cel-Anselmo-zona-rural.jpeg","uagb_featured_image_src":{"full":["https:\/\/blogopara.com.br\/wp-content\/uploads\/2020\/10\/Cel-Anselmo-zona-rural.jpeg",500,332,false],"thumbnail":["https:\/\/blogopara.com.br\/wp-content\/uploads\/2020\/10\/Cel-Anselmo-zona-rural-150x150.jpeg",150,150,true],"medium":["https:\/\/blogopara.com.br\/wp-content\/uploads\/2020\/10\/Cel-Anselmo-zona-rural-300x199.jpeg",300,199,true],"medium_large":["https:\/\/blogopara.com.br\/wp-content\/uploads\/2020\/10\/Cel-Anselmo-zona-rural.jpeg",500,332,false],"large":["https:\/\/blogopara.com.br\/wp-content\/uploads\/2020\/10\/Cel-Anselmo-zona-rural.jpeg",500,332,false],"1536x1536":["https:\/\/blogopara.com.br\/wp-content\/uploads\/2020\/10\/Cel-Anselmo-zona-rural.jpeg",500,332,false],"2048x2048":["https:\/\/blogopara.com.br\/wp-content\/uploads\/2020\/10\/Cel-Anselmo-zona-rural.jpeg",500,332,false],"mantranews-slider-large":["https:\/\/blogopara.com.br\/wp-content\/uploads\/2020\/10\/Cel-Anselmo-zona-rural.jpeg",500,332,false],"mantranews-featured-medium":["https:\/\/blogopara.com.br\/wp-content\/uploads\/2020\/10\/Cel-Anselmo-zona-rural-420x307.jpeg",420,307,true],"mantranews-featured-long":["https:\/\/blogopara.com.br\/wp-content\/uploads\/2020\/10\/Cel-Anselmo-zona-rural-300x332.jpeg",300,332,true],"mantranews-block-medium":["https:\/\/blogopara.com.br\/wp-content\/uploads\/2020\/10\/Cel-Anselmo-zona-rural-464x290.jpeg",464,290,true],"mantranews-carousel-image":["https:\/\/blogopara.com.br\/wp-content\/uploads\/2020\/10\/Cel-Anselmo-zona-rural.jpeg",500,332,false],"mantranews-block-thumb":["https:\/\/blogopara.com.br\/wp-content\/uploads\/2020\/10\/Cel-Anselmo-zona-rural-322x230.jpeg",322,230,true],"mantranews-single-large":["https:\/\/blogopara.com.br\/wp-content\/uploads\/2020\/10\/Cel-Anselmo-zona-rural.jpeg",500,332,false]},"uagb_author_info":{"display_name":"Reda\u00e7\u00e3o geral","author_link":"https:\/\/blogopara.com.br\/index.php\/author\/blogopara"},"uagb_comment_info":1,"uagb_excerpt":"Na correria de campanha \u00e9 natural que se dividam tarefas dentro do grupo e, \u00e0s vezes, \u00e9 uma oportunidade de se medir a temperatura das ruas. Ontem (26), o Coronel Anselmo e Targino Gondim puderam medir e sentir a aceita\u00e7\u00e3o da chapa \u00a0no Projeto Mandacaru. O candidato a vice chegou primeiro e come\u00e7ou uma visita&hellip;","jetpack_sharing_enabled":true,"jetpack_likes_enabled":true,"_links":{"self":[{"href":"https:\/\/blogopara.com.br\/index.php\/wp-json\/wp\/v2\/posts\/15617","targetHints":{"allow":["GET"]}}],"collection":[{"href":"https:\/\/blogopara.com.br\/index.php\/wp-json\/wp\/v2\/posts"}],"about":[{"href":"https:\/\/blogopara.com.br\/index.php\/wp-json\/wp\/v2\/types\/post"}],"author":[{"embeddable":true,"href":"https:\/\/blogopara.com.br\/index.php\/wp-json\/wp\/v2\/users\/1"}],"replies":[{"embeddable":true,"href":"https:\/\/blogopara.com.br\/index.php\/wp-json\/wp\/v2\/comments?post=15617"}],"version-history":[{"count":1,"href":"https:\/\/blogopara.com.br\/index.php\/wp-json\/wp\/v2\/posts\/15617\/revisions"}],"predecessor-version":[{"id":15619,"href":"https:\/\/blogopara.com.br\/index.php\/wp-json\/wp\/v2\/posts\/15617\/revisions\/15619"}],"wp:featuredmedia":[{"embeddable":true,"href":"https:\/\/blogopara.com.br\/index.php\/wp-json\/wp\/v2\/media\/15618"}],"wp:attachment":[{"href":"https:\/\/blogopara.com.br\/index.php\/wp-json\/wp\/v2\/media?parent=15617"}],"wp:term":[{"taxonomy":"category","embeddable":true,"href":"https:\/\/blogopara.com.br\/index.php\/wp-json\/wp\/v2\/categories?post=15617"},{"taxonomy":"post_tag","embeddable":true,"href":"https:\/\/blogopara.com.br\/index.php\/wp-json\/wp\/v2\/tags?post=15617"}],"curies":[{"name":"wp","href":"https:\/\/api.w.org\/{rel}","templated":true}]}}