{"id":15625,"date":"2020-10-28T10:29:46","date_gmt":"2020-10-28T13:29:46","guid":{"rendered":"http:\/\/blogopara.com.br\/?p=15625"},"modified":"2020-10-27T16:32:19","modified_gmt":"2020-10-27T19:32:19","slug":"eleicao-2020-suzana-ramos-se-reune-com-servidores-da-guarda-civil-municipal","status":"publish","type":"post","link":"https:\/\/blogopara.com.br\/index.php\/2020\/10\/28\/eleicao-2020-suzana-ramos-se-reune-com-servidores-da-guarda-civil-municipal","title":{"rendered":"Elei\u00e7\u00e3o 2020: Suzana Ramos se re\u00fane com servidores da guarda civil municipal"},"content":{"rendered":"<p style=\"text-align: justify;\">A candidata \u00e0 prefeitura de Juazeiro, Suzana Ramos e o candidato a vice, Leonardo Bandeira, se reuniram nesta segunda-feira (26), com servidores p\u00fablicos da guarda municipal. Em pauta da reuni\u00e3o foi a desvaloriza\u00e7\u00e3o sofrida pelos funcion\u00e1rios e discutir as demandas da categoria.<\/p>\n<p style=\"text-align: justify;\">Falta de estrutura, de equipamentos e o n\u00e3o pagamento de remunera\u00e7\u00f5es foram as principais reclama\u00e7\u00f5es dos servidores da guarda municipal, que hoje somam 180 homens e mulheres. Den\u00edlson Ferreira de Almeida \u00e9 servidor da guarda municipal e desabafa que a categoria sofre com falta de armamento, falta de ve\u00edculos e de equipamentos obrigat\u00f3rios para o trabalho ostensivo, principalmente no per\u00edodo da pandemia.<\/p>\n<p style=\"text-align: justify;\">Segundo Den\u00edlson, desde o in\u00edcio do \u00a0isolamento social, os guardas municipais trabalharam intensamente na organiza\u00e7\u00e3o de filas em bancos e postos de atendimento, monitorando todos os locais da cidade, sem receber equipamentos de prote\u00e7\u00e3o individual.<\/p>\n<p style=\"text-align: justify;\">O servidor tamb\u00e9m explica a reivindica\u00e7\u00e3o para o pagamento de gratifica\u00e7\u00f5es remuneradas, que para a categoria inclui adicionais por atividade ostensiva e risco de vida. Den\u00edlson afirma que os servidores que ingressaram na categoria no ano de 2016 s\u00f3 recebem 20% do valor das gratifica\u00e7\u00f5es.<\/p>\n<p style=\"text-align: justify;\">\u00a0&#8220;Desde 2016 \u00a0participamos de v\u00e1rias reuni\u00f5es com o poder executivo, mas nada foi resolvido&#8221;.<\/p>\n<p>Suzana ouviu as demandas dos servidores e reafirmou seu comprometimento em oferecer um plano de governo que invista no funcionalismo p\u00fablico, em parcerias com o Governo Federal, com uma gest\u00e3o baseada no di\u00e1logo e na mudan\u00e7a para melhorar a vida dos cidad\u00e3os e funcion\u00e1rios p\u00fablicos de Juazeiro.<\/p>\n<p style=\"text-align: justify;\">&#8220;Eu n\u00e3o entrei nessa campanha com sede de poder, eu estou aqui para ter compromisso com a popula\u00e7\u00e3o, com os servidores p\u00fablicos e com a cidade de Juazeiro&#8221;.<\/p>\n<p style=\"text-align: justify;\">Fonte: RedeGN<\/p>\n","protected":false},"excerpt":{"rendered":"<p>A candidata \u00e0 prefeitura de Juazeiro, Suzana Ramos e o candidato a vice, Leonardo Bandeira, se reuniram nesta segunda-feira (26), com servidores p\u00fablicos da guarda municipal. Em pauta da reuni\u00e3o foi a desvaloriza\u00e7\u00e3o sofrida pelos funcion\u00e1rios e discutir as demandas da categoria. Falta de estrutura, de equipamentos e o n\u00e3o pagamento de remunera\u00e7\u00f5es foram as [&hellip;]<\/p>\n","protected":false},"author":1,"featured_media":15626,"comment_status":"open","ping_status":"open","sticky":false,"template":"","format":"standard","meta":{"_uag_custom_page_level_css":"","_monsterinsights_skip_tracking":false,"_monsterinsights_sitenote_active":false,"_monsterinsights_sitenote_note":"","_monsterinsights_sitenote_category":0,"jetpack_post_was_ever_published":false,"_jetpack_newsletter_access":"","_jetpack_dont_email_post_to_subs":false,"_jetpack_newsletter_tier_id":0,"_jetpack_memberships_contains_paywalled_content":false,"_jetpack_memberships_contains_paid_content":false,"footnotes":"","jetpack_publicize_message":"","jetpack_publicize_feature_enabled":true,"jetpack_social_post_already_shared":true,"jetpack_social_options":{"image_generator_settings":{"template":"highway","default_image_id":0,"font":"","enabled":false},"version":2}},"categories":[203,197],"tags":[],"class_list":["post-15625","post","type-post","status-publish","format-standard","has-post-thumbnail","hentry","category-juazeiro","category-politica"],"jetpack_publicize_connections":[],"jetpack_featured_media_url":"https:\/\/blogopara.com.br\/wp-content\/uploads\/2020\/10\/Suzanaguardas.jpeg","uagb_featured_image_src":{"full":["https:\/\/blogopara.com.br\/wp-content\/uploads\/2020\/10\/Suzanaguardas.jpeg",500,332,false],"thumbnail":["https:\/\/blogopara.com.br\/wp-content\/uploads\/2020\/10\/Suzanaguardas-150x150.jpeg",150,150,true],"medium":["https:\/\/blogopara.com.br\/wp-content\/uploads\/2020\/10\/Suzanaguardas-300x199.jpeg",300,199,true],"medium_large":["https:\/\/blogopara.com.br\/wp-content\/uploads\/2020\/10\/Suzanaguardas.jpeg",500,332,false],"large":["https:\/\/blogopara.com.br\/wp-content\/uploads\/2020\/10\/Suzanaguardas.jpeg",500,332,false],"1536x1536":["https:\/\/blogopara.com.br\/wp-content\/uploads\/2020\/10\/Suzanaguardas.jpeg",500,332,false],"2048x2048":["https:\/\/blogopara.com.br\/wp-content\/uploads\/2020\/10\/Suzanaguardas.jpeg",500,332,false],"mantranews-slider-large":["https:\/\/blogopara.com.br\/wp-content\/uploads\/2020\/10\/Suzanaguardas.jpeg",500,332,false],"mantranews-featured-medium":["https:\/\/blogopara.com.br\/wp-content\/uploads\/2020\/10\/Suzanaguardas-420x307.jpeg",420,307,true],"mantranews-featured-long":["https:\/\/blogopara.com.br\/wp-content\/uploads\/2020\/10\/Suzanaguardas-300x332.jpeg",300,332,true],"mantranews-block-medium":["https:\/\/blogopara.com.br\/wp-content\/uploads\/2020\/10\/Suzanaguardas-464x290.jpeg",464,290,true],"mantranews-carousel-image":["https:\/\/blogopara.com.br\/wp-content\/uploads\/2020\/10\/Suzanaguardas.jpeg",500,332,false],"mantranews-block-thumb":["https:\/\/blogopara.com.br\/wp-content\/uploads\/2020\/10\/Suzanaguardas-322x230.jpeg",322,230,true],"mantranews-single-large":["https:\/\/blogopara.com.br\/wp-content\/uploads\/2020\/10\/Suzanaguardas.jpeg",500,332,false]},"uagb_author_info":{"display_name":"Reda\u00e7\u00e3o geral","author_link":"https:\/\/blogopara.com.br\/index.php\/author\/blogopara"},"uagb_comment_info":0,"uagb_excerpt":"A candidata \u00e0 prefeitura de Juazeiro, Suzana Ramos e o candidato a vice, Leonardo Bandeira, se reuniram nesta segunda-feira (26), com servidores p\u00fablicos da guarda municipal. Em pauta da reuni\u00e3o foi a desvaloriza\u00e7\u00e3o sofrida pelos funcion\u00e1rios e discutir as demandas da categoria. Falta de estrutura, de equipamentos e o n\u00e3o pagamento de remunera\u00e7\u00f5es foram as&hellip;","jetpack_sharing_enabled":true,"jetpack_likes_enabled":true,"_links":{"self":[{"href":"https:\/\/blogopara.com.br\/index.php\/wp-json\/wp\/v2\/posts\/15625","targetHints":{"allow":["GET"]}}],"collection":[{"href":"https:\/\/blogopara.com.br\/index.php\/wp-json\/wp\/v2\/posts"}],"about":[{"href":"https:\/\/blogopara.com.br\/index.php\/wp-json\/wp\/v2\/types\/post"}],"author":[{"embeddable":true,"href":"https:\/\/blogopara.com.br\/index.php\/wp-json\/wp\/v2\/users\/1"}],"replies":[{"embeddable":true,"href":"https:\/\/blogopara.com.br\/index.php\/wp-json\/wp\/v2\/comments?post=15625"}],"version-history":[{"count":1,"href":"https:\/\/blogopara.com.br\/index.php\/wp-json\/wp\/v2\/posts\/15625\/revisions"}],"predecessor-version":[{"id":15627,"href":"https:\/\/blogopara.com.br\/index.php\/wp-json\/wp\/v2\/posts\/15625\/revisions\/15627"}],"wp:featuredmedia":[{"embeddable":true,"href":"https:\/\/blogopara.com.br\/index.php\/wp-json\/wp\/v2\/media\/15626"}],"wp:attachment":[{"href":"https:\/\/blogopara.com.br\/index.php\/wp-json\/wp\/v2\/media?parent=15625"}],"wp:term":[{"taxonomy":"category","embeddable":true,"href":"https:\/\/blogopara.com.br\/index.php\/wp-json\/wp\/v2\/categories?post=15625"},{"taxonomy":"post_tag","embeddable":true,"href":"https:\/\/blogopara.com.br\/index.php\/wp-json\/wp\/v2\/tags?post=15625"}],"curies":[{"name":"wp","href":"https:\/\/api.w.org\/{rel}","templated":true}]}}