{"id":15667,"date":"2020-10-28T22:34:21","date_gmt":"2020-10-29T01:34:21","guid":{"rendered":"http:\/\/blogopara.com.br\/?p=15667"},"modified":"2020-10-28T22:34:29","modified_gmt":"2020-10-29T01:34:29","slug":"breno-rainan-e-o-segundo-convidado-desta-noite-28-na-rodada-de-entrevistas-do-portal-zap-redegn","status":"publish","type":"post","link":"https:\/\/blogopara.com.br\/index.php\/2020\/10\/28\/breno-rainan-e-o-segundo-convidado-desta-noite-28-na-rodada-de-entrevistas-do-portal-zap-redegn","title":{"rendered":"Breno Rainan \u00e9 o segundo convidado desta noite (28) na rodada de entrevistas do Portal Zap \/ redeGN"},"content":{"rendered":"<p style=\"text-align: justify;\">A rodada de entrevistas com candidatos a prefeito de Juazeiro, realizada pelo Portal Zap e redeGN, prossegue nesta quarta-feira (28) e o entrevistado agora \u00e9 o candidato Breno Rainan, \u00e0s 20h.<\/p>\n<p style=\"text-align: justify;\">Breno Rainan Braga da Silva, 25 anos, juazeirense, tem como vice Ant\u00f4nio Carlos dos Reis e concorre pelo Partido Socialismo e Liberdade \u2013 PSOL \u2013 n\u00famero 50.<\/p>\n<p style=\"text-align: justify;\">Breno \u00e9 estudante, bolsista e estagi\u00e1rio e disputa seu primeiro mandato eletivo.<\/p>\n<p style=\"text-align: justify;\">Breno ter\u00e1 50 minutos para apresentar ao eleitor as suas propostas e planos, caso eleito para prefeito de Juazeiro.<\/p>\n<p style=\"text-align: justify;\"><strong>Confira aqui a entrevista de Breno Rainan:<\/strong><\/p>\n<div class=\"fb-video\" data-allowfullscreen=\"true\" data-href=\"http:\/\/www.facebook.com\/watch\/?v=370340874381171\" style=\"background-color: #fff; display: inline-block;\"><\/div>\n","protected":false},"excerpt":{"rendered":"<p>A rodada de entrevistas com candidatos a prefeito de Juazeiro, realizada pelo Portal Zap e redeGN, prossegue nesta quarta-feira (28) e o entrevistado agora \u00e9 o candidato Breno Rainan, \u00e0s 20h. Breno Rainan Braga da Silva, 25 anos, juazeirense, tem como vice Ant\u00f4nio Carlos dos Reis e concorre pelo Partido Socialismo e Liberdade \u2013 PSOL [&hellip;]<\/p>\n","protected":false},"author":1,"featured_media":15668,"comment_status":"open","ping_status":"open","sticky":false,"template":"","format":"standard","meta":{"_uag_custom_page_level_css":"","_monsterinsights_skip_tracking":false,"_monsterinsights_sitenote_active":false,"_monsterinsights_sitenote_note":"","_monsterinsights_sitenote_category":0,"jetpack_post_was_ever_published":false,"_jetpack_newsletter_access":"","_jetpack_dont_email_post_to_subs":false,"_jetpack_newsletter_tier_id":0,"_jetpack_memberships_contains_paywalled_content":false,"_jetpack_memberships_contains_paid_content":false,"footnotes":"","jetpack_publicize_message":"","jetpack_publicize_feature_enabled":true,"jetpack_social_post_already_shared":true,"jetpack_social_options":{"image_generator_settings":{"template":"highway","default_image_id":0,"font":"","enabled":false},"version":2}},"categories":[203,197],"tags":[],"class_list":["post-15667","post","type-post","status-publish","format-standard","has-post-thumbnail","hentry","category-juazeiro","category-politica"],"jetpack_publicize_connections":[],"jetpack_featured_media_url":"https:\/\/blogopara.com.br\/wp-content\/uploads\/2020\/10\/Breno-rainan-entrevista.jpeg","uagb_featured_image_src":{"full":["https:\/\/blogopara.com.br\/wp-content\/uploads\/2020\/10\/Breno-rainan-entrevista.jpeg",500,500,false],"thumbnail":["https:\/\/blogopara.com.br\/wp-content\/uploads\/2020\/10\/Breno-rainan-entrevista-150x150.jpeg",150,150,true],"medium":["https:\/\/blogopara.com.br\/wp-content\/uploads\/2020\/10\/Breno-rainan-entrevista-300x300.jpeg",300,300,true],"medium_large":["https:\/\/blogopara.com.br\/wp-content\/uploads\/2020\/10\/Breno-rainan-entrevista.jpeg",500,500,false],"large":["https:\/\/blogopara.com.br\/wp-content\/uploads\/2020\/10\/Breno-rainan-entrevista.jpeg",500,500,false],"1536x1536":["https:\/\/blogopara.com.br\/wp-content\/uploads\/2020\/10\/Breno-rainan-entrevista.jpeg",500,500,false],"2048x2048":["https:\/\/blogopara.com.br\/wp-content\/uploads\/2020\/10\/Breno-rainan-entrevista.jpeg",500,500,false],"mantranews-slider-large":["https:\/\/blogopara.com.br\/wp-content\/uploads\/2020\/10\/Breno-rainan-entrevista.jpeg",500,500,false],"mantranews-featured-medium":["https:\/\/blogopara.com.br\/wp-content\/uploads\/2020\/10\/Breno-rainan-entrevista-420x307.jpeg",420,307,true],"mantranews-featured-long":["https:\/\/blogopara.com.br\/wp-content\/uploads\/2020\/10\/Breno-rainan-entrevista-300x443.jpeg",300,443,true],"mantranews-block-medium":["https:\/\/blogopara.com.br\/wp-content\/uploads\/2020\/10\/Breno-rainan-entrevista-464x290.jpeg",464,290,true],"mantranews-carousel-image":["https:\/\/blogopara.com.br\/wp-content\/uploads\/2020\/10\/Breno-rainan-entrevista.jpeg",500,500,false],"mantranews-block-thumb":["https:\/\/blogopara.com.br\/wp-content\/uploads\/2020\/10\/Breno-rainan-entrevista-322x230.jpeg",322,230,true],"mantranews-single-large":["https:\/\/blogopara.com.br\/wp-content\/uploads\/2020\/10\/Breno-rainan-entrevista.jpeg",500,500,false]},"uagb_author_info":{"display_name":"Reda\u00e7\u00e3o geral","author_link":"https:\/\/blogopara.com.br\/index.php\/author\/blogopara"},"uagb_comment_info":0,"uagb_excerpt":"A rodada de entrevistas com candidatos a prefeito de Juazeiro, realizada pelo Portal Zap e redeGN, prossegue nesta quarta-feira (28) e o entrevistado agora \u00e9 o candidato Breno Rainan, \u00e0s 20h. Breno Rainan Braga da Silva, 25 anos, juazeirense, tem como vice Ant\u00f4nio Carlos dos Reis e concorre pelo Partido Socialismo e Liberdade \u2013 PSOL&hellip;","jetpack_sharing_enabled":true,"jetpack_likes_enabled":true,"_links":{"self":[{"href":"https:\/\/blogopara.com.br\/index.php\/wp-json\/wp\/v2\/posts\/15667","targetHints":{"allow":["GET"]}}],"collection":[{"href":"https:\/\/blogopara.com.br\/index.php\/wp-json\/wp\/v2\/posts"}],"about":[{"href":"https:\/\/blogopara.com.br\/index.php\/wp-json\/wp\/v2\/types\/post"}],"author":[{"embeddable":true,"href":"https:\/\/blogopara.com.br\/index.php\/wp-json\/wp\/v2\/users\/1"}],"replies":[{"embeddable":true,"href":"https:\/\/blogopara.com.br\/index.php\/wp-json\/wp\/v2\/comments?post=15667"}],"version-history":[{"count":1,"href":"https:\/\/blogopara.com.br\/index.php\/wp-json\/wp\/v2\/posts\/15667\/revisions"}],"predecessor-version":[{"id":15669,"href":"https:\/\/blogopara.com.br\/index.php\/wp-json\/wp\/v2\/posts\/15667\/revisions\/15669"}],"wp:featuredmedia":[{"embeddable":true,"href":"https:\/\/blogopara.com.br\/index.php\/wp-json\/wp\/v2\/media\/15668"}],"wp:attachment":[{"href":"https:\/\/blogopara.com.br\/index.php\/wp-json\/wp\/v2\/media?parent=15667"}],"wp:term":[{"taxonomy":"category","embeddable":true,"href":"https:\/\/blogopara.com.br\/index.php\/wp-json\/wp\/v2\/categories?post=15667"},{"taxonomy":"post_tag","embeddable":true,"href":"https:\/\/blogopara.com.br\/index.php\/wp-json\/wp\/v2\/tags?post=15667"}],"curies":[{"name":"wp","href":"https:\/\/api.w.org\/{rel}","templated":true}]}}