{"id":1571,"date":"2019-07-15T14:06:50","date_gmt":"2019-07-15T17:06:50","guid":{"rendered":"http:\/\/blogopara.com.br\/?p=1571"},"modified":"2019-07-15T14:06:57","modified_gmt":"2019-07-15T17:06:57","slug":"projeto-abelha-viva-um-presente-para-juazeiro","status":"publish","type":"post","link":"https:\/\/blogopara.com.br\/index.php\/2019\/07\/15\/projeto-abelha-viva-um-presente-para-juazeiro","title":{"rendered":"PROJETO ABELHA VIVA, UM PRESENTE PARA JUAZEIRO"},"content":{"rendered":"<p style=\"text-align: justify;\">No dia 12 de julho de 2019, a lua crescente apareceu timidamente entre as nuvens iluminando a noite e nos ajudando a compreender melhor a import\u00e2ncia da\u00a0inter-rela\u00e7\u00e3o solid\u00e1ria\u00a0entre a flora e a fauna, por meio do ninho que os p\u00e1ssaros casaca\u00a0de\u00a0couro constru\u00edram na \u00e1rvore castanhola, localizada no quintal da resid\u00eancia de Dona Sila, trazendo sombra e frescor para o ambiente dom\u00e9stico.<\/p>\n<p style=\"text-align: justify;\">Um cen\u00e1rio que nos fez refletir\u00a0sobre\u00a0a ajuda m\u00fatua da natureza,\u00a0pois na mesma\u00a0\u00e1rvore, um enxame de abelhas africanizadas arranchou logo ali,\u00a0no ninho dos p\u00e1ssaros,\u00a0elas\u00a0sabem bem porque escolheram\u00a0aquele lugar, que estava\u00a0\u00a0 a\u00a08 metros de altura, bem dif\u00edcil de serem localizadas\u00a0e tamb\u00e9m, de dif\u00edcil acesso,\u00a0no emaranhado de galhos, gravetos, espinhos e folhas secas, um ninho feito cuidadosamente pelos p\u00e1ssaros. Uma arvore que abriga p\u00e1ssaros, abelhas e tantos outros animais que ali est\u00e3o.<\/p>\n<p style=\"text-align: justify;\">Sab\u00edamos que as abelhas n\u00e3o poderiam permanecer ali, o momento pedia que fossemos\u00a0solid\u00e1rios.\u00a0\u00a0Foi\u00a0necess\u00e1rio e urgente \u00e0 captura, para isso precis\u00e1vamos unir for\u00e7as.<\/p>\n<p style=\"text-align: justify;\">Eis que entra em a\u00e7\u00e3o a equipe do 9\u00ba Grupamento de Bombeiros Militar na pessoa do Tenente-coronel\u00a0Tarcisio\u00a0Ribeiro do Valle e a Sub Tenente Fabiana\u00a0Tolentino\u00a0&#8211;\u00a0Chefe de Opera\u00e7\u00e3o,\u00a0naquele dia, com uma equipe de 11 bombeiros.<\/p>\n<p style=\"text-align: justify;\">A\u00a0sua\u00a0decis\u00e3o Sub Ten. Fabiana, foi determinante quando uniu apoio log\u00edstico para que\u00a0a\u00a0captura ocorresse com seguran\u00e7a, junto a Secretaria Municipal de Meio Ambiente, por meio de Hudson, Manoel e Lauro, atendendo ao seu pedido, entendeu a import\u00e2ncia que temos de juntar for\u00e7as e sermos\u00a0solid\u00e1rios\u00a0uns com os outros assim,\u00a0como a flora e a fauna exemplifica o tempo todo. Gratid\u00e3o a voc\u00ea pela sensibilidade e\u00a0bel\u00edssimo\u00a0trabalho da sua equipe!<\/p>\n<p style=\"text-align: justify;\">Foram mais de 06 horas de trabalho, desde a prepara\u00e7\u00e3o para a captura, com\u00a0o\u00a0apicultor\u00a0Ernando\u00a0que n\u00e3o mede esfor\u00e7os para a realiza\u00e7\u00e3o deste trabalho;\u00a0 a montagem t\u00e9cnica e cuidadosa dos equipamentos de seguran\u00e7a pelos bombeiros militares: Soldados Ferreira, Rodrigo,\u00a0Welton, Emerson, Alves, Junior, Alisson e tantos outros Bombeiros que est\u00e3o sempre conosco nesta miss\u00e3o;\u00a0o transporte das abelhas at\u00e9 o api\u00e1rio feito pela equipe da Sec. Municipal\u00a0\u00a0de Meio Ambiente, com apoio de Hudson, Manoel, Lauro e o Secretario\u00a0Jadson.<\/p>\n<p style=\"text-align: justify;\">Quando\u00a0falamos em\u00a0solidariedade,\u00a0traduzimos\u00a0em\u00a0comprometimento com o meio ambiente, de pr\u00e1ticas sustent\u00e1veis para a nossa cidade. Nesta oportunidade, vale ressaltar que a\u00e7\u00e3o positiva em defesa das abelhas vem sendo desenvolvidas em\u00a0Juazeiro\u00a0h\u00e1\u00a0exatamente\u00a005 anos, por meio de um grupo de pessoas que iniciou em julho de 2014,\u00a0com o curso aberto a comunidade.<\/p>\n<p style=\"text-align: justify;\">Nesta ocasi\u00e3o, tivemos a honrosa parceria da UNEB \u2013 DTCS campus III\u00a0com Professores Jairton e Osm\u00e3, Jose Ferreira (Del), de toda a Corpora\u00e7\u00e3o do 9\u00ba Grupamento de Bombeiros Militar, Major Tarcisio Ribeiro do Valle, o ent\u00e3o Comandante Cel. Anselmo Leal, Sub Ten. Enio Costa,\u00a0 apicultores, Ernando e Newton e posteriormente com a divulga\u00e7\u00e3o do trabalho v\u00e1rios parceiros e simpatizantes da causa abra\u00e7aram o\u00a0Projeto Abelha Viva, a exemplo da:\u00a0 Movimento Acolher Natura, 6\u00aa SR\u00a0Codevasf, representada por Luciano e Everaldo,\u00a0\u00a0Bahiater\/SETAF com Elene, Luandson, Roberto, Jose Fernandes e\u00a0\u00a0Lorena, Ascamp e apicultores Marcelo, Alei, Leo, Marciano, Sec. Mun. Meio Ambiente representada por Sec. Jadson, Hudson e Manoel, \u00a0Irpaa,\u00a0\u00a0e\u00a0a todos que\u00a0participam ativamente desta\u00a0\u00a0causa,\u00a0a saber,\u00a0a luta em defesa das abelhas, amigos, simpatizantes, formando assim, a rede solid\u00e1ria que deve ser fortalecida, sempre.<\/p>\n<p style=\"text-align: justify;\">Importante refletir sobre a import\u00e2ncia das abelhas, a sua fun\u00e7\u00e3o como insetos polinizadores que contribuem para a produ\u00e7\u00e3o de alimentos, destarte da seguran\u00e7a alimentar al\u00e9m, de estabilizar a fauna e a flora equilibrando o ecossistema.<\/p>\n<p style=\"text-align: justify;\">Esse \u00e9 o nosso presente para Juazeiro, n\u00f3s continuamos aqui, contribuindo para uma cidade melhor. Feliz Anivers\u00e1rio!<\/p>\n<p style=\"text-align: justify;\">Gratid\u00e3o a todos que nos ajudam a realizar esta atividade de forma colaborativa e viabiliza o atendimento das demandas.<\/p>\n<p style=\"text-align: justify;\"><strong>L\u00edcia Regina Lopes da Silva\u00a0<\/strong><\/p>\n<p style=\"text-align: justify;\">\n","protected":false},"excerpt":{"rendered":"<p>Ao longo de quase cinco anos de exist\u00eancia do projeto Abelha Viva, mais de 200 colmeias foram retiradas pelos apicultores.<\/p>\n","protected":false},"author":1,"featured_media":1573,"comment_status":"open","ping_status":"open","sticky":false,"template":"","format":"standard","meta":{"_uag_custom_page_level_css":"","_monsterinsights_skip_tracking":false,"_monsterinsights_sitenote_active":false,"_monsterinsights_sitenote_note":"","_monsterinsights_sitenote_category":0,"jetpack_post_was_ever_published":false,"_jetpack_newsletter_access":"","_jetpack_dont_email_post_to_subs":false,"_jetpack_newsletter_tier_id":0,"_jetpack_memberships_contains_paywalled_content":false,"_jetpack_memberships_contains_paid_content":false,"footnotes":"","jetpack_publicize_message":"","jetpack_publicize_feature_enabled":true,"jetpack_social_post_already_shared":true,"jetpack_social_options":{"image_generator_settings":{"template":"highway","default_image_id":0,"font":"","enabled":false},"version":2}},"categories":[203],"tags":[258,143,259,260],"class_list":["post-1571","post","type-post","status-publish","format-standard","has-post-thumbnail","hentry","category-juazeiro","tag-abelhas","tag-juazeiro-da-bahia","tag-preservacao","tag-projeto"],"jetpack_publicize_connections":[],"jetpack_featured_media_url":"https:\/\/blogopara.com.br\/wp-content\/uploads\/2019\/07\/abelhaviva.jpg","uagb_featured_image_src":{"full":["https:\/\/blogopara.com.br\/wp-content\/uploads\/2019\/07\/abelhaviva.jpg",600,600,false],"thumbnail":["https:\/\/blogopara.com.br\/wp-content\/uploads\/2019\/07\/abelhaviva-150x150.jpg",150,150,true],"medium":["https:\/\/blogopara.com.br\/wp-content\/uploads\/2019\/07\/abelhaviva-300x300.jpg",300,300,true],"medium_large":["https:\/\/blogopara.com.br\/wp-content\/uploads\/2019\/07\/abelhaviva.jpg",600,600,false],"large":["https:\/\/blogopara.com.br\/wp-content\/uploads\/2019\/07\/abelhaviva.jpg",600,600,false],"1536x1536":["https:\/\/blogopara.com.br\/wp-content\/uploads\/2019\/07\/abelhaviva.jpg",600,600,false],"2048x2048":["https:\/\/blogopara.com.br\/wp-content\/uploads\/2019\/07\/abelhaviva.jpg",600,600,false],"mantranews-slider-large":["https:\/\/blogopara.com.br\/wp-content\/uploads\/2019\/07\/abelhaviva.jpg",600,600,false],"mantranews-featured-medium":["https:\/\/blogopara.com.br\/wp-content\/uploads\/2019\/07\/abelhaviva.jpg",307,307,false],"mantranews-featured-long":["https:\/\/blogopara.com.br\/wp-content\/uploads\/2019\/07\/abelhaviva.jpg",300,300,false],"mantranews-block-medium":["https:\/\/blogopara.com.br\/wp-content\/uploads\/2019\/07\/abelhaviva.jpg",290,290,false],"mantranews-carousel-image":["https:\/\/blogopara.com.br\/wp-content\/uploads\/2019\/07\/abelhaviva.jpg",500,500,false],"mantranews-block-thumb":["https:\/\/blogopara.com.br\/wp-content\/uploads\/2019\/07\/abelhaviva.jpg",230,230,false],"mantranews-single-large":["https:\/\/blogopara.com.br\/wp-content\/uploads\/2019\/07\/abelhaviva.jpg",600,600,false]},"uagb_author_info":{"display_name":"Reda\u00e7\u00e3o geral","author_link":"https:\/\/blogopara.com.br\/index.php\/author\/blogopara"},"uagb_comment_info":1,"uagb_excerpt":"Ao longo de quase cinco anos de exist\u00eancia do projeto Abelha Viva, mais de 200 colmeias foram retiradas pelos apicultores.","jetpack_sharing_enabled":true,"jetpack_likes_enabled":true,"_links":{"self":[{"href":"https:\/\/blogopara.com.br\/index.php\/wp-json\/wp\/v2\/posts\/1571","targetHints":{"allow":["GET"]}}],"collection":[{"href":"https:\/\/blogopara.com.br\/index.php\/wp-json\/wp\/v2\/posts"}],"about":[{"href":"https:\/\/blogopara.com.br\/index.php\/wp-json\/wp\/v2\/types\/post"}],"author":[{"embeddable":true,"href":"https:\/\/blogopara.com.br\/index.php\/wp-json\/wp\/v2\/users\/1"}],"replies":[{"embeddable":true,"href":"https:\/\/blogopara.com.br\/index.php\/wp-json\/wp\/v2\/comments?post=1571"}],"version-history":[{"count":2,"href":"https:\/\/blogopara.com.br\/index.php\/wp-json\/wp\/v2\/posts\/1571\/revisions"}],"predecessor-version":[{"id":1574,"href":"https:\/\/blogopara.com.br\/index.php\/wp-json\/wp\/v2\/posts\/1571\/revisions\/1574"}],"wp:featuredmedia":[{"embeddable":true,"href":"https:\/\/blogopara.com.br\/index.php\/wp-json\/wp\/v2\/media\/1573"}],"wp:attachment":[{"href":"https:\/\/blogopara.com.br\/index.php\/wp-json\/wp\/v2\/media?parent=1571"}],"wp:term":[{"taxonomy":"category","embeddable":true,"href":"https:\/\/blogopara.com.br\/index.php\/wp-json\/wp\/v2\/categories?post=1571"},{"taxonomy":"post_tag","embeddable":true,"href":"https:\/\/blogopara.com.br\/index.php\/wp-json\/wp\/v2\/tags?post=1571"}],"curies":[{"name":"wp","href":"https:\/\/api.w.org\/{rel}","templated":true}]}}